{"id":890,"date":"2024-06-13T08:59:10","date_gmt":"2024-06-13T08:59:10","guid":{"rendered":"https:\/\/bolbec-running-club.org\/?p=890"},"modified":"2024-06-16T17:29:52","modified_gmt":"2024-06-16T17:29:52","slug":"soiree-dinauguration-du-brc-le-12-juin","status":"publish","type":"post","link":"https:\/\/bolbec-running-club.org\/?p=890","title":{"rendered":"Soir\u00e9e d\u2019inauguration du BRC le 12 juin"},"content":{"rendered":"<p>T\u00f4t dans l\u2019apr\u00e8s-midi, nous avons travaill\u00e9 d\u2019arrache-pied pour pr\u00e9parer les lieux de l\u2019inauguration. Nos objectifs pour cette soir\u00e9e : pr\u00e9senter le club, les personnes qui en sont \u00e0 l\u2019initiative et les projets pour la saison \u00e0 venir, tout \u00e7a dans un esprit de convivialit\u00e9<\/p>\n<p>Pour cette soir\u00e9e aux couleurs noire, blanche et or du BRC, nous avons eu la chance de pouvoir r\u00e9unir pr\u00e8s de 80 personnes. \u00c9lus locaux, partenaires, licenci\u00e9s et familles, tous ont r\u00e9pondu pr\u00e9sent pour partager l\u2019av\u00e8nement de plusieurs mois de travail acharn\u00e9.<\/p>\n<p>Apr\u00e8s la pr\u00e9sentation des membres du comit\u00e9, les invit\u00e9s se sont dirig\u00e9s vers la table de restauration, un bon moment pour pouvoir \u00e9changer autour d\u2019un verre et faire connaissance entre tous les acteurs qui ont jou\u00e9 un r\u00f4le de pr\u00e8s ou de loin dans la r\u00e9alisation de ce projet fou.<\/p>\n<p>Un immense merci \u00e0 tous nos partenaires, et voici enfin le moment tant attendu de la d\u00e9couverte des maillots de notre club<\/p>\n<p>Pour l\u2019occasion, 4 de nos licenci\u00e9s, Estelle BELLANGER, Mil\u00e8ne FOLLIOT, David LEPILLER, G\u00e9rald AVIGNON, se sont port\u00e9s volontaires pour d\u00e9filer et faire d\u00e9couvrir au public le d\u00e9bardeur homme, le d\u00e9bardeur femme et la brassi\u00e8re. Une standing ovation bien m\u00e9rit\u00e9e !<\/p>\n<p>La soir\u00e9e s\u2019est cl\u00f4tur\u00e9e par l\u2019exposition des articles de la boutique club. Des tee-shirts supporters et des mugs \u00e9taient \u00e9galement disponibles \u00e0 la vente.<\/p>\n<p>A noter que tous les articles de la boutique sont d\u00e8s maintenant disponibles sur le site, venez vite les d\u00e9couvrir !<\/p>\n<p>Les licenci\u00e9s ont quant \u00e0 eux pu r\u00e9cup\u00e9rer leurs maillots, pour pouvoir courir aux couleurs du BRC vendredi soir \u00e0 la F\u00eal\u00e9e, 1\u00e8re course pour notre club !!<\/p>\n<p>Merci \u00e0 tous pour votre pr\u00e9sence et pour l\u2019accueil chaleureux que vous nous avez donn\u00e9<\/p>\n<p>On vous dit A TRES VITE !!<\/p>\n<p>Retrouvez toutes les photos et vid\u00e9os de la soir\u00e9e <a href='https:\/\/bolbec-running-club.org\/?page_id=907' class='small-button smallorange' target=\"_blank\">ici<\/a> .<\/p>\n<p>Florian, Th\u00e9o, La\u00ebtitia, Sandra, G\u00e9rald, David, Nicolas, Mil\u00e8ne.<\/p>\n","protected":false},"excerpt":{"rendered":"<p>T\u00f4t dans l\u2019apr\u00e8s-midi, nous avons travaill\u00e9 d\u2019arrache-pied pour pr\u00e9parer les lieux de l\u2019inauguration. Nos objectifs pour cette soir\u00e9e : pr\u00e9senter le club, les personnes qui en sont \u00e0 l\u2019initiative et les projets pour la saison \u00e0 venir, tout \u00e7a dans un esprit de convivialit\u00e9 Pour cette soir\u00e9e aux couleurs noire, blanche et or du BRC, [&hellip;]<\/p>\n","protected":false},"author":1,"featured_media":891,"comment_status":"open","ping_status":"open","sticky":false,"template":"","format":"standard","meta":{"_et_pb_use_builder":"","_et_pb_old_content":"","_et_gb_content_width":"","footnotes":"","jetpack_post_was_ever_published":false},"categories":[16],"tags":[],"class_list":["post-890","post","type-post","status-publish","format-standard","has-post-thumbnail","hentry","category-vie-du-club"],"aioseo_notices":[],"aioseo_head":"\n\t\t<!-- All in One SEO 5.0.1.1 - aioseo.com -->\n\t<meta name=\"description\" content=\"T\u00f4t dans l\u2019apr\u00e8s-midi, nous avons travaill\u00e9 d\u2019arrache-pied pour pr\u00e9parer les lieux de l\u2019inauguration. Nos objectifs pour cette soir\u00e9e : pr\u00e9senter le club, les personnes qui en sont \u00e0 l\u2019initiative et les projets pour la saison \u00e0 venir, tout \u00e7a dans un esprit de convivialit\u00e9 Pour cette soir\u00e9e aux couleurs noire, blanche et or du BRC,\" \/>\n\t<meta name=\"robots\" content=\"max-image-preview:large\" \/>\n\t<meta name=\"author\" content=\"Florian\"\/>\n\t<link rel=\"canonical\" href=\"https:\/\/bolbec-running-club.org\/?p=890\" \/>\n\t<meta name=\"generator\" content=\"All in One SEO (AIOSEO) 5.0.1.1\" \/>\n\t\t<meta property=\"og:locale\" content=\"fr_FR\" \/>\n\t\t<meta property=\"og:site_name\" content=\"Bolbec-Running-Club - Club d&#039;athl\u00e9tisme\" \/>\n\t\t<meta property=\"og:type\" content=\"sport\" \/>\n\t\t<meta property=\"og:title\" content=\"Soir\u00e9e d\u2019inauguration du BRC le 12 juin - Bolbec-Running-Club\" \/>\n\t\t<meta property=\"og:description\" content=\"T\u00f4t dans l\u2019apr\u00e8s-midi, nous avons travaill\u00e9 d\u2019arrache-pied pour pr\u00e9parer les lieux de l\u2019inauguration. Nos objectifs pour cette soir\u00e9e : pr\u00e9senter le club, les personnes qui en sont \u00e0 l\u2019initiative et les projets pour la saison \u00e0 venir, tout \u00e7a dans un esprit de convivialit\u00e9 Pour cette soir\u00e9e aux couleurs noire, blanche et or du BRC,\" \/>\n\t\t<meta property=\"og:url\" content=\"https:\/\/bolbec-running-club.org\/?p=890\" \/>\n\t\t<meta property=\"og:image\" content=\"https:\/\/bolbec-running-club.org\/wp-content\/uploads\/2024\/06\/IMG_4460.jpg\" \/>\n\t\t<meta property=\"og:image:secure_url\" content=\"https:\/\/bolbec-running-club.org\/wp-content\/uploads\/2024\/06\/IMG_4460.jpg\" \/>\n\t\t<meta property=\"og:image:width\" content=\"2048\" \/>\n\t\t<meta property=\"og:image:height\" content=\"1365\" \/>\n\t\t<meta name=\"twitter:card\" content=\"summary_large_image\" \/>\n\t\t<meta name=\"twitter:title\" content=\"Soir\u00e9e d\u2019inauguration du BRC le 12 juin - Bolbec-Running-Club\" \/>\n\t\t<meta name=\"twitter:description\" content=\"T\u00f4t dans l\u2019apr\u00e8s-midi, nous avons travaill\u00e9 d\u2019arrache-pied pour pr\u00e9parer les lieux de l\u2019inauguration. Nos objectifs pour cette soir\u00e9e : pr\u00e9senter le club, les personnes qui en sont \u00e0 l\u2019initiative et les projets pour la saison \u00e0 venir, tout \u00e7a dans un esprit de convivialit\u00e9 Pour cette soir\u00e9e aux couleurs noire, blanche et or du BRC,\" \/>\n\t\t<meta name=\"twitter:image\" content=\"https:\/\/bolbec-running-club.org\/wp-content\/uploads\/2024\/06\/IMG_4460.jpg\" \/>\n\t\t<script type=\"application\/ld+json\" class=\"aioseo-schema\">\n\t\t\t{\"@context\":\"https:\\\/\\\/schema.org\",\"@graph\":[{\"@type\":\"BlogPosting\",\"@id\":\"https:\\\/\\\/bolbec-running-club.org\\\/?p=890#blogposting\",\"name\":\"Soir\\u00e9e d\\u2019inauguration du BRC le 12 juin - Bolbec-Running-Club\",\"headline\":\"Soir\\u00e9e d\\u2019inauguration du BRC le 12 juin\",\"author\":{\"@id\":\"https:\\\/\\\/bolbec-running-club.org\\\/?author=1#author\"},\"publisher\":{\"@id\":\"https:\\\/\\\/bolbec-running-club.org\\\/#organization\"},\"image\":{\"@type\":\"ImageObject\",\"url\":\"https:\\\/\\\/bolbec-running-club.org\\\/wp-content\\\/uploads\\\/2024\\\/06\\\/IMG_4460.jpg\",\"width\":2048,\"height\":1365},\"datePublished\":\"2024-06-13T08:59:10+00:00\",\"dateModified\":\"2024-06-16T17:29:52+00:00\",\"inLanguage\":\"fr-FR\",\"mainEntityOfPage\":{\"@id\":\"https:\\\/\\\/bolbec-running-club.org\\\/?p=890#webpage\"},\"isPartOf\":{\"@id\":\"https:\\\/\\\/bolbec-running-club.org\\\/?p=890#webpage\"},\"articleSection\":\"Vie du club\"},{\"@type\":\"BreadcrumbList\",\"@id\":\"https:\\\/\\\/bolbec-running-club.org\\\/?p=890#breadcrumblist\",\"itemListElement\":[{\"@type\":\"ListItem\",\"@id\":\"https:\\\/\\\/bolbec-running-club.org#listItem\",\"position\":1,\"name\":\"Domicile\",\"item\":\"https:\\\/\\\/bolbec-running-club.org\",\"nextItem\":{\"@type\":\"ListItem\",\"@id\":\"https:\\\/\\\/bolbec-running-club.org\\\/?cat=16#listItem\",\"name\":\"Vie du club\"}},{\"@type\":\"ListItem\",\"@id\":\"https:\\\/\\\/bolbec-running-club.org\\\/?cat=16#listItem\",\"position\":2,\"name\":\"Vie du club\",\"item\":\"https:\\\/\\\/bolbec-running-club.org\\\/?cat=16\",\"nextItem\":{\"@type\":\"ListItem\",\"@id\":\"https:\\\/\\\/bolbec-running-club.org\\\/?p=890#listItem\",\"name\":\"Soir\\u00e9e d\\u2019inauguration du BRC le 12 juin\"},\"previousItem\":{\"@type\":\"ListItem\",\"@id\":\"https:\\\/\\\/bolbec-running-club.org#listItem\",\"name\":\"Domicile\"}},{\"@type\":\"ListItem\",\"@id\":\"https:\\\/\\\/bolbec-running-club.org\\\/?p=890#listItem\",\"position\":3,\"name\":\"Soir\\u00e9e d\\u2019inauguration du BRC le 12 juin\",\"previousItem\":{\"@type\":\"ListItem\",\"@id\":\"https:\\\/\\\/bolbec-running-club.org\\\/?cat=16#listItem\",\"name\":\"Vie du club\"}}]},{\"@type\":\"Organization\",\"@id\":\"https:\\\/\\\/bolbec-running-club.org\\\/#organization\",\"name\":\"Bolbec-Running-Club\",\"description\":\"Club d'athl\\u00e9tisme\",\"url\":\"https:\\\/\\\/bolbec-running-club.org\\\/\",\"telephone\":\"+33629787023\",\"logo\":{\"@type\":\"ImageObject\",\"url\":\"https:\\\/\\\/bolbec-running-club.org\\\/wp-content\\\/uploads\\\/2024\\\/03\\\/cropped-1-1-1.jpg\",\"@id\":\"https:\\\/\\\/bolbec-running-club.org\\\/?p=890\\\/#organizationLogo\",\"width\":2000,\"height\":2000},\"image\":{\"@id\":\"https:\\\/\\\/bolbec-running-club.org\\\/?p=890\\\/#organizationLogo\"}},{\"@type\":\"Person\",\"@id\":\"https:\\\/\\\/bolbec-running-club.org\\\/?author=1#author\",\"url\":\"https:\\\/\\\/bolbec-running-club.org\\\/?author=1\",\"name\":\"Florian\"},{\"@type\":\"WebPage\",\"@id\":\"https:\\\/\\\/bolbec-running-club.org\\\/?p=890#webpage\",\"url\":\"https:\\\/\\\/bolbec-running-club.org\\\/?p=890\",\"name\":\"Soir\\u00e9e d\\u2019inauguration du BRC le 12 juin - Bolbec-Running-Club\",\"description\":\"T\\u00f4t dans l\\u2019apr\\u00e8s-midi, nous avons travaill\\u00e9 d\\u2019arrache-pied pour pr\\u00e9parer les lieux de l\\u2019inauguration. Nos objectifs pour cette soir\\u00e9e : pr\\u00e9senter le club, les personnes qui en sont \\u00e0 l\\u2019initiative et les projets pour la saison \\u00e0 venir, tout \\u00e7a dans un esprit de convivialit\\u00e9 Pour cette soir\\u00e9e aux couleurs noire, blanche et or du BRC,\",\"inLanguage\":\"fr-FR\",\"isPartOf\":{\"@id\":\"https:\\\/\\\/bolbec-running-club.org\\\/#website\"},\"breadcrumb\":{\"@id\":\"https:\\\/\\\/bolbec-running-club.org\\\/?p=890#breadcrumblist\"},\"author\":{\"@id\":\"https:\\\/\\\/bolbec-running-club.org\\\/?author=1#author\"},\"creator\":{\"@id\":\"https:\\\/\\\/bolbec-running-club.org\\\/?author=1#author\"},\"image\":{\"@type\":\"ImageObject\",\"url\":\"https:\\\/\\\/bolbec-running-club.org\\\/wp-content\\\/uploads\\\/2024\\\/06\\\/IMG_4460.jpg\",\"@id\":\"https:\\\/\\\/bolbec-running-club.org\\\/?p=890\\\/#mainImage\",\"width\":2048,\"height\":1365},\"primaryImageOfPage\":{\"@id\":\"https:\\\/\\\/bolbec-running-club.org\\\/?p=890#mainImage\"},\"datePublished\":\"2024-06-13T08:59:10+00:00\",\"dateModified\":\"2024-06-16T17:29:52+00:00\"},{\"@type\":\"WebSite\",\"@id\":\"https:\\\/\\\/bolbec-running-club.org\\\/#website\",\"url\":\"https:\\\/\\\/bolbec-running-club.org\\\/\",\"name\":\"Bolbec-Running-Club\",\"description\":\"Club d'athl\\u00e9tisme\",\"inLanguage\":\"fr-FR\",\"publisher\":{\"@id\":\"https:\\\/\\\/bolbec-running-club.org\\\/#organization\"}}]}\n\t\t<\/script>\n\t\t<!-- All in One SEO -->\n\n","aioseo_head_json":{"title":"Soir\u00e9e d\u2019inauguration du BRC le 12 juin - Bolbec-Running-Club","description":"T\u00f4t dans l\u2019apr\u00e8s-midi, nous avons travaill\u00e9 d\u2019arrache-pied pour pr\u00e9parer les lieux de l\u2019inauguration. Nos objectifs pour cette soir\u00e9e : pr\u00e9senter le club, les personnes qui en sont \u00e0 l\u2019initiative et les projets pour la saison \u00e0 venir, tout \u00e7a dans un esprit de convivialit\u00e9 Pour cette soir\u00e9e aux couleurs noire, blanche et or du BRC,","canonical_url":"https:\/\/bolbec-running-club.org\/?p=890","robots":"max-image-preview:large","keywords":"","webmasterTools":{"miscellaneous":""},"schema":{"@context":"https:\/\/schema.org","@graph":[{"@type":"BlogPosting","@id":"https:\/\/bolbec-running-club.org\/?p=890#blogposting","name":"Soir\u00e9e d\u2019inauguration du BRC le 12 juin - Bolbec-Running-Club","headline":"Soir\u00e9e d\u2019inauguration du BRC le 12 juin","author":{"@id":"https:\/\/bolbec-running-club.org\/?author=1#author"},"publisher":{"@id":"https:\/\/bolbec-running-club.org\/#organization"},"image":{"@type":"ImageObject","url":"https:\/\/bolbec-running-club.org\/wp-content\/uploads\/2024\/06\/IMG_4460.jpg","width":2048,"height":1365},"datePublished":"2024-06-13T08:59:10+00:00","dateModified":"2024-06-16T17:29:52+00:00","inLanguage":"fr-FR","mainEntityOfPage":{"@id":"https:\/\/bolbec-running-club.org\/?p=890#webpage"},"isPartOf":{"@id":"https:\/\/bolbec-running-club.org\/?p=890#webpage"},"articleSection":"Vie du club"},{"@type":"BreadcrumbList","@id":"https:\/\/bolbec-running-club.org\/?p=890#breadcrumblist","itemListElement":[{"@type":"ListItem","@id":"https:\/\/bolbec-running-club.org#listItem","position":1,"name":"Domicile","item":"https:\/\/bolbec-running-club.org","nextItem":{"@type":"ListItem","@id":"https:\/\/bolbec-running-club.org\/?cat=16#listItem","name":"Vie du club"}},{"@type":"ListItem","@id":"https:\/\/bolbec-running-club.org\/?cat=16#listItem","position":2,"name":"Vie du club","item":"https:\/\/bolbec-running-club.org\/?cat=16","nextItem":{"@type":"ListItem","@id":"https:\/\/bolbec-running-club.org\/?p=890#listItem","name":"Soir\u00e9e d\u2019inauguration du BRC le 12 juin"},"previousItem":{"@type":"ListItem","@id":"https:\/\/bolbec-running-club.org#listItem","name":"Domicile"}},{"@type":"ListItem","@id":"https:\/\/bolbec-running-club.org\/?p=890#listItem","position":3,"name":"Soir\u00e9e d\u2019inauguration du BRC le 12 juin","previousItem":{"@type":"ListItem","@id":"https:\/\/bolbec-running-club.org\/?cat=16#listItem","name":"Vie du club"}}]},{"@type":"Organization","@id":"https:\/\/bolbec-running-club.org\/#organization","name":"Bolbec-Running-Club","description":"Club d'athl\u00e9tisme","url":"https:\/\/bolbec-running-club.org\/","telephone":"+33629787023","logo":{"@type":"ImageObject","url":"https:\/\/bolbec-running-club.org\/wp-content\/uploads\/2024\/03\/cropped-1-1-1.jpg","@id":"https:\/\/bolbec-running-club.org\/?p=890\/#organizationLogo","width":2000,"height":2000},"image":{"@id":"https:\/\/bolbec-running-club.org\/?p=890\/#organizationLogo"}},{"@type":"Person","@id":"https:\/\/bolbec-running-club.org\/?author=1#author","url":"https:\/\/bolbec-running-club.org\/?author=1","name":"Florian"},{"@type":"WebPage","@id":"https:\/\/bolbec-running-club.org\/?p=890#webpage","url":"https:\/\/bolbec-running-club.org\/?p=890","name":"Soir\u00e9e d\u2019inauguration du BRC le 12 juin - Bolbec-Running-Club","description":"T\u00f4t dans l\u2019apr\u00e8s-midi, nous avons travaill\u00e9 d\u2019arrache-pied pour pr\u00e9parer les lieux de l\u2019inauguration. Nos objectifs pour cette soir\u00e9e : pr\u00e9senter le club, les personnes qui en sont \u00e0 l\u2019initiative et les projets pour la saison \u00e0 venir, tout \u00e7a dans un esprit de convivialit\u00e9 Pour cette soir\u00e9e aux couleurs noire, blanche et or du BRC,","inLanguage":"fr-FR","isPartOf":{"@id":"https:\/\/bolbec-running-club.org\/#website"},"breadcrumb":{"@id":"https:\/\/bolbec-running-club.org\/?p=890#breadcrumblist"},"author":{"@id":"https:\/\/bolbec-running-club.org\/?author=1#author"},"creator":{"@id":"https:\/\/bolbec-running-club.org\/?author=1#author"},"image":{"@type":"ImageObject","url":"https:\/\/bolbec-running-club.org\/wp-content\/uploads\/2024\/06\/IMG_4460.jpg","@id":"https:\/\/bolbec-running-club.org\/?p=890\/#mainImage","width":2048,"height":1365},"primaryImageOfPage":{"@id":"https:\/\/bolbec-running-club.org\/?p=890#mainImage"},"datePublished":"2024-06-13T08:59:10+00:00","dateModified":"2024-06-16T17:29:52+00:00"},{"@type":"WebSite","@id":"https:\/\/bolbec-running-club.org\/#website","url":"https:\/\/bolbec-running-club.org\/","name":"Bolbec-Running-Club","description":"Club d'athl\u00e9tisme","inLanguage":"fr-FR","publisher":{"@id":"https:\/\/bolbec-running-club.org\/#organization"}}]},"og:locale":"fr_FR","og:site_name":"Bolbec-Running-Club - Club d'athl\u00e9tisme","og:type":"sport","og:title":"Soir\u00e9e d\u2019inauguration du BRC le 12 juin - Bolbec-Running-Club","og:description":"T\u00f4t dans l\u2019apr\u00e8s-midi, nous avons travaill\u00e9 d\u2019arrache-pied pour pr\u00e9parer les lieux de l\u2019inauguration. Nos objectifs pour cette soir\u00e9e : pr\u00e9senter le club, les personnes qui en sont \u00e0 l\u2019initiative et les projets pour la saison \u00e0 venir, tout \u00e7a dans un esprit de convivialit\u00e9 Pour cette soir\u00e9e aux couleurs noire, blanche et or du BRC,","og:url":"https:\/\/bolbec-running-club.org\/?p=890","og:image":"https:\/\/bolbec-running-club.org\/wp-content\/uploads\/2024\/06\/IMG_4460.jpg","og:image:secure_url":"https:\/\/bolbec-running-club.org\/wp-content\/uploads\/2024\/06\/IMG_4460.jpg","og:image:width":"2048","og:image:height":"1365","twitter:card":"summary_large_image","twitter:title":"Soir\u00e9e d\u2019inauguration du BRC le 12 juin - Bolbec-Running-Club","twitter:description":"T\u00f4t dans l\u2019apr\u00e8s-midi, nous avons travaill\u00e9 d\u2019arrache-pied pour pr\u00e9parer les lieux de l\u2019inauguration. Nos objectifs pour cette soir\u00e9e : pr\u00e9senter le club, les personnes qui en sont \u00e0 l\u2019initiative et les projets pour la saison \u00e0 venir, tout \u00e7a dans un esprit de convivialit\u00e9 Pour cette soir\u00e9e aux couleurs noire, blanche et or du BRC,","twitter:image":"https:\/\/bolbec-running-club.org\/wp-content\/uploads\/2024\/06\/IMG_4460.jpg"},"aioseo_meta_data":{"post_id":"890","title":null,"description":null,"keywords":null,"keyphrases":{"focus":{"keyphrase":"","score":0,"analysis":{"keyphraseInTitle":{"score":0,"maxScore":9,"error":1}}},"additional":[]},"primary_term":null,"canonical_url":null,"og_title":null,"og_description":null,"og_object_type":"sport","og_image_type":"featured","og_image_url":"https:\/\/bolbec-running-club.org\/wp-content\/uploads\/2024\/06\/IMG_4460.jpg","og_image_width":"2048","og_image_height":"1365","og_image_custom_url":null,"og_image_custom_fields":null,"og_video":"","og_custom_url":null,"og_article_section":null,"og_article_tags":null,"twitter_use_og":false,"twitter_card":"default","twitter_image_type":"default","twitter_image_url":null,"twitter_image_custom_url":null,"twitter_image_custom_fields":null,"twitter_title":null,"twitter_description":null,"schema":{"blockGraphs":[],"customGraphs":[],"default":{"data":{"Article":[],"Course":[],"Dataset":[],"FAQPage":[],"Movie":[],"Person":[],"Product":[],"ProductReview":[],"Car":[],"Recipe":[],"Service":[],"SoftwareApplication":[],"WebPage":[]},"graphName":"BlogPosting","isEnabled":true},"graphs":[]},"schema_type":"default","schema_type_options":null,"pillar_content":false,"robots_default":true,"robots_noindex":false,"robots_noarchive":false,"robots_nosnippet":false,"robots_nofollow":false,"robots_noimageindex":false,"robots_noodp":false,"robots_notranslate":false,"robots_max_snippet":"-1","robots_max_videopreview":"-1","robots_max_imagepreview":"large","priority":null,"frequency":"default","local_seo":null,"breadcrumb_settings":null,"limit_modified_date":false,"ai":null,"created":"2024-06-13 08:59:10","updated":"2025-06-06 10:44:34","seo_analyzer_scan_date":null,"focus_keyword":null,"additional_keywords":null,"truseo_locale":null},"aioseo_breadcrumb":"<div class=\"aioseo-breadcrumbs\"><span class=\"aioseo-breadcrumb\">\n\t\t\t<a href=\"https:\/\/bolbec-running-club.org\" title=\"Domicile\">Domicile<\/a>\n\t\t<\/span><span class=\"aioseo-breadcrumb-separator\">&raquo;<\/span><span class=\"aioseo-breadcrumb\">\n\t\t\t<a href=\"https:\/\/bolbec-running-club.org\/?cat=16\" title=\"Vie du club\">Vie du club<\/a>\n\t\t<\/span><span class=\"aioseo-breadcrumb-separator\">&raquo;<\/span><span class=\"aioseo-breadcrumb\">\n\t\t\tSoir\u00e9e d\u2019inauguration du BRC le 12 juin\n\t\t<\/span><\/div>","aioseo_breadcrumb_json":[{"label":"Domicile","link":"https:\/\/bolbec-running-club.org"},{"label":"Vie du club","link":"https:\/\/bolbec-running-club.org\/?cat=16"},{"label":"Soir\u00e9e d\u2019inauguration du BRC le 12 juin","link":"https:\/\/bolbec-running-club.org\/?p=890"}],"jetpack_featured_media_url":"https:\/\/bolbec-running-club.org\/wp-content\/uploads\/2024\/06\/IMG_4460.jpg","_links":{"self":[{"href":"https:\/\/bolbec-running-club.org\/index.php?rest_route=\/wp\/v2\/posts\/890","targetHints":{"allow":["GET"]}}],"collection":[{"href":"https:\/\/bolbec-running-club.org\/index.php?rest_route=\/wp\/v2\/posts"}],"about":[{"href":"https:\/\/bolbec-running-club.org\/index.php?rest_route=\/wp\/v2\/types\/post"}],"author":[{"embeddable":true,"href":"https:\/\/bolbec-running-club.org\/index.php?rest_route=\/wp\/v2\/users\/1"}],"replies":[{"embeddable":true,"href":"https:\/\/bolbec-running-club.org\/index.php?rest_route=%2Fwp%2Fv2%2Fcomments&post=890"}],"version-history":[{"count":7,"href":"https:\/\/bolbec-running-club.org\/index.php?rest_route=\/wp\/v2\/posts\/890\/revisions"}],"predecessor-version":[{"id":1033,"href":"https:\/\/bolbec-running-club.org\/index.php?rest_route=\/wp\/v2\/posts\/890\/revisions\/1033"}],"wp:featuredmedia":[{"embeddable":true,"href":"https:\/\/bolbec-running-club.org\/index.php?rest_route=\/wp\/v2\/media\/891"}],"wp:attachment":[{"href":"https:\/\/bolbec-running-club.org\/index.php?rest_route=%2Fwp%2Fv2%2Fmedia&parent=890"}],"wp:term":[{"taxonomy":"category","embeddable":true,"href":"https:\/\/bolbec-running-club.org\/index.php?rest_route=%2Fwp%2Fv2%2Fcategories&post=890"},{"taxonomy":"post_tag","embeddable":true,"href":"https:\/\/bolbec-running-club.org\/index.php?rest_route=%2Fwp%2Fv2%2Ftags&post=890"}],"curies":[{"name":"wp","href":"https:\/\/api.w.org\/{rel}","templated":true}]}}