{"id":850,"date":"2024-06-15T12:00:24","date_gmt":"2024-06-15T12:00:24","guid":{"rendered":"https:\/\/bolbec-running-club.org\/?p=850"},"modified":"2024-06-15T18:28:18","modified_gmt":"2024-06-15T18:28:18","slug":"evenement-du-14-juin","status":"publish","type":"post","link":"https:\/\/bolbec-running-club.org\/?p=850","title":{"rendered":"F\u00eal\u00e9e Gourmande de Bolbec"},"content":{"rendered":"<p>\u00c7a y est, c\u2019\u00e9tait le grand jour !<\/p>\n<p>Les premiers coureurs se sont \u00e9lanc\u00e9s ce <strong>vendredi 14 juin<\/strong> \u00e0 l\u2019occasion de la F\u00eal\u00e9e gourmande, pour une course qui promettait d\u2019\u00eatre remplie de rebondissements et de d\u00e9nivel\u00e9\u2026 Cette soir\u00e9e tombait \u00e0 pic pour le BRC, puisque c&rsquo;\u00e9tait le moment id\u00e9al pour d\u00e9voiler au grand public les nouveaux maillots port\u00e9s par nos vaillants athl\u00e8tes, tout en faisant un clin d\u2019\u0153il \u00e0 la ville de Bolbec qui organise cet \u00e9v\u00e9nement pour les Jeunes Sapeurs-Pompiers de Bolbec.<\/p>\n<p>Afin de faire un maximum de bruit pour cette rentr\u00e9e sportive, le club a motiv\u00e9 une part importante de ses meilleurs \u00e9l\u00e9ments et mobilis\u00e9 pr\u00e8s d&rsquo;une cinquantaine de supporters qui \u00e9taient pr\u00e9sents tout au long du parcours pour soutenir nos courageux coureurs et marcheurs.<\/p>\n<p>Le chrono n&rsquo;a r\u00e9ellement pas d&rsquo;importance durant cette course. Mais nous voulions faire voir nos couleurs sur toute la longueur du peloton.<\/p>\n<p>C\u00f4t\u00e9 f\u00e9minines, le BRC se classe tr\u00e8s bien. <em><strong>Estelle Bellanger<\/strong><\/em>, vainqueur sortante de cette \u00e9preuve en 2022 et 2023, se classe 1\u00e8re Bolb\u00e9caise et 6\u00e8me femme. <strong><em>La\u00ebtitia Saussaye<\/em><\/strong> termine 13\u00e8me, <strong><em>Sandra Benard<\/em> <\/strong>22\u00e8me et notre jeune junior <em><strong>Morgane Avignon<\/strong><\/em> termine 1\u00e8re de sa cat\u00e9gorie et 66\u00e8me femme.<\/p>\n<p>Chez les hommes, un joli tir group\u00e9 : <em><strong>Dorian Morel<\/strong><\/em>, qui a rejoint le club il y a quelques jours seulement, termine 5\u00e8me de la course non loin du groupe de t\u00eate. <strong><em>Th\u00e9o Gu\u00e9roult<\/em> <\/strong>sort une course parfaite quelques jours seulement apr\u00e8s avoir \u00e9t\u00e9 finisher du 92 km de la Maxi-Race d&rsquo;Annecy o\u00f9 il a couru pendant 16h24. La forme est l\u00e0 et cela augure une bonne suite pour la saison. Une tr\u00e8s belle 5\u00e8me place. <em><strong>Nicolas Poret<\/strong><\/em>, \u00e0 peine remis de blessure, tenait absolument \u00e0 courir avec ce maillot et se classe tout de m\u00eame 6\u00e8me. <em><strong>David Lepillier<\/strong><\/em>, revenu lui aussi de la Maxi-Race et qui a couru plus de 17h, termine 7\u00e8me. <em><strong>G\u00e9rald Avignon<\/strong><\/em> se classe 12\u00e8me et 1er master 2. <em><strong>Lemaire Alban<\/strong><\/em> termine\u00a0 58\u00e8me. <em><strong>Hugo Jacques<\/strong> <\/em>premi\u00e8re course sur route sous les couleurs d&rsquo;un club se classe 73\u00e8me. <em><strong>Romain Bassoch<\/strong><\/em> termine 74\u00e8me. <em><strong>Morgan Legal<\/strong><\/em> 84\u00e8me. <em><strong>Florian Courra\u00eby<\/strong><\/em> 184\u00e8me. <em><strong>Tommy Versavel<\/strong><\/em>, le plus jeune coureur du BRC, se classe 2\u00e8me cadet. Revenu d&rsquo;un long s\u00e9jour et en manque d&rsquo;entra\u00eenement, Tommy sera \u00e0 surveiller durant la saison \u00e0 venir.<\/p>\n<p>\u00c9videmment, pour cl\u00f4turer cette belle soir\u00e9e, nous avons termin\u00e9 ce moment si magique en partageant un petit repas. Vous avez \u00e9t\u00e9 nombreux \u00e0 venir nous encourager et pour cela MERCI !!!<\/p>\n<p>Un grand merci encore \u00e0 tous les acteurs de ce projet, merci \u00e0 la Ville de Bolbec d&rsquo;organiser cet \u00e9v\u00e9nement et merci aux Jeunes Sapeurs-Pompiers.<\/p>\n<p>&nbsp;<\/p>\n<p>retrouvez tous les r\u00e9sultats <a href=\"https:\/\/www.normandiecourseapied.com\/resultats\/resultats-foulees-trail-cross-course-a-pied-normandie-juin-2024\/resultats-la-felee-gourmande-bolbec-2024.pdf\">ici<\/a><\/p>\n<p>Mil\u00e8ne et Florian<\/p>\n","protected":false},"excerpt":{"rendered":"<p>\u00c7a y est, c\u2019\u00e9tait le grand jour ! Les premiers coureurs se sont \u00e9lanc\u00e9s ce vendredi 14 juin \u00e0 l\u2019occasion de la F\u00eal\u00e9e gourmande, pour une course qui promettait d\u2019\u00eatre remplie de rebondissements et de d\u00e9nivel\u00e9\u2026 Cette soir\u00e9e tombait \u00e0 pic pour le BRC, puisque c&rsquo;\u00e9tait le moment id\u00e9al pour d\u00e9voiler au grand public les [&hellip;]<\/p>\n","protected":false},"author":1,"featured_media":1043,"comment_status":"open","ping_status":"open","sticky":false,"template":"","format":"standard","meta":{"_et_pb_use_builder":"","_et_pb_old_content":"","_et_gb_content_width":"","footnotes":""},"categories":[1],"tags":[],"class_list":["post-850","post","type-post","status-publish","format-standard","has-post-thumbnail","hentry","category-article-competition"],"aioseo_notices":[],"jetpack_featured_media_url":"https:\/\/bolbec-running-club.org\/wp-content\/uploads\/2024\/06\/448348083_122099213906366211_6148583573122187759_n.jpg","_links":{"self":[{"href":"https:\/\/bolbec-running-club.org\/index.php?rest_route=\/wp\/v2\/posts\/850","targetHints":{"allow":["GET"]}}],"collection":[{"href":"https:\/\/bolbec-running-club.org\/index.php?rest_route=\/wp\/v2\/posts"}],"about":[{"href":"https:\/\/bolbec-running-club.org\/index.php?rest_route=\/wp\/v2\/types\/post"}],"author":[{"embeddable":true,"href":"https:\/\/bolbec-running-club.org\/index.php?rest_route=\/wp\/v2\/users\/1"}],"replies":[{"embeddable":true,"href":"https:\/\/bolbec-running-club.org\/index.php?rest_route=%2Fwp%2Fv2%2Fcomments&post=850"}],"version-history":[{"count":10,"href":"https:\/\/bolbec-running-club.org\/index.php?rest_route=\/wp\/v2\/posts\/850\/revisions"}],"predecessor-version":[{"id":1066,"href":"https:\/\/bolbec-running-club.org\/index.php?rest_route=\/wp\/v2\/posts\/850\/revisions\/1066"}],"wp:featuredmedia":[{"embeddable":true,"href":"https:\/\/bolbec-running-club.org\/index.php?rest_route=\/wp\/v2\/media\/1043"}],"wp:attachment":[{"href":"https:\/\/bolbec-running-club.org\/index.php?rest_route=%2Fwp%2Fv2%2Fmedia&parent=850"}],"wp:term":[{"taxonomy":"category","embeddable":true,"href":"https:\/\/bolbec-running-club.org\/index.php?rest_route=%2Fwp%2Fv2%2Fcategories&post=850"},{"taxonomy":"post_tag","embeddable":true,"href":"https:\/\/bolbec-running-club.org\/index.php?rest_route=%2Fwp%2Fv2%2Ftags&post=850"}],"curies":[{"name":"wp","href":"https:\/\/api.w.org\/{rel}","templated":true}]}}