{"id":7438,"date":"2026-07-06T17:27:21","date_gmt":"2026-07-06T17:27:21","guid":{"rendered":"https:\/\/bolbec-running-club.org\/?p=7438"},"modified":"2026-07-06T17:29:24","modified_gmt":"2026-07-06T17:29:24","slug":"le-bolbec-running-club-brille-a-bad-essen","status":"publish","type":"post","link":"https:\/\/bolbec-running-club.org\/?p=7438","title":{"rendered":"Le Bolbec Running Club brille \u00e0 Bad Essen."},"content":{"rendered":"<p>Le Bolbec Running Club a effectu\u00e9 son d\u00e9placement annuel \u00e0 Bad Essen, en Allemagne.<\/p>\n<p>Les athl\u00e8tes sont partis du jeudi 2 juillet au dimanche 5 juillet. Les courses, organis\u00e9es par TUS Bad Essen, se sont d\u00e9roul\u00e9es le vendredi soir, avec le d\u00e9part du 3,3 km \u00e0 20 h, suivi du 10 km \u00e0 20 h 30.<\/p>\n<p>Le parcours, compos\u00e9 de trois boucles de 3,3 km, \u00e9tait particuli\u00e8rement exigeant avec une c\u00f4te de 800 m\u00e8tres \u00e0 gravir \u00e0 trois reprises, obligeant les coureurs \u00e0 g\u00e9rer leur effort tout au long de l&rsquo;\u00e9preuve.<\/p>\n<p>Au total, 12 athl\u00e8tes ont fait le d\u00e9placement, dont 11 ont pris le d\u00e9part des diff\u00e9rentes courses.<\/p>\n<p><em><u>Sur le 3,3 km :<\/u><\/em><\/p>\n<p><strong>Laly Leprevost <\/strong>s&rsquo;impose sur sa toute premi\u00e8re course officielle en 16 min 03 s et termine 3e de sa cat\u00e9gorie.<\/p>\n<p><strong>Laura-May Bullock<\/strong>, elle aussi pour son premier dossard, franchit la ligne d&rsquo;arriv\u00e9e en 22 min 29 s.<\/p>\n<p><em><u>Sur le 10 km (9,3 km) :<\/u><\/em><\/p>\n<p><strong>Lucas Legendre <\/strong>effectue toute la course \u00e0 la deuxi\u00e8me place avant de se faire d\u00e9passer par un duo dans le dernier kilom\u00e8tre. Il termine tout de m\u00eame 4e en 33 min 51 s et se classe premier de sa cat\u00e9gorie.<\/p>\n<p><strong>Johannes Paulet, <\/strong>apr\u00e8s son triathlon il y a quelques semaines, r\u00e9alise une tr\u00e8s belle course en 36 min 16 s et termine premier chez les jeunes.<\/p>\n<p>Notre f\u00e9minine, <strong>Romane Deltour<\/strong>, aura l&rsquo;honneur de monter sur le podium en prenant la troisi\u00e8me place f\u00e9minine avec un magnifique chrono de 41 min 17 s.<\/p>\n<p><strong>Kylian Bullock, <\/strong>\u00e0 la suite d&rsquo;une erreur d&rsquo;inattention, se retrouve avec quelques kilom\u00e8tres suppl\u00e9mentaires au compteur, mais termine malgr\u00e9 tout sa course en 41 min 33 s.<\/p>\n<p><strong>Laetitia Saussaye <\/strong>g\u00e8re parfaitement sa course et la termine avec le sourire en 43 min 45<\/p>\n<ol>\n<li>Elle se classe premi\u00e8re de sa cat\u00e9gorie et am\u00e9liore son temps d&rsquo;une minute par rapport \u00e0 l&rsquo;ann\u00e9e pr\u00e9c\u00e9dente.<\/li>\n<\/ol>\n<p><strong>Lisa Paris <\/strong>reprend progressivement la comp\u00e9tition. Elle visait un chrono inf\u00e9rieur \u00e0 50 minutes, objectif atteint haut la main avec un temps de 46 min 46 s.<\/p>\n<p><strong>Morgane Avignon <\/strong>r\u00e9alise une belle course et franchit la ligne d&rsquo;arriv\u00e9e en \u00e9tablissant son record personnel sur cette \u00e9preuve en 50 min 17 s.<\/p>\n<p><strong>Barbara Tefera<\/strong>, venue avant tout pour se faire plaisir et profiter de la course, boucle le parcours en 1 h 02 min 02 s.<\/p>\n<p><strong>Hugo Jacques <\/strong>a \u00e9galement pris le d\u00e9part. La difficult\u00e9 du parcours l&rsquo;a malheureusement contraint \u00e0 s&rsquo;arr\u00eater au 6e kilom\u00e8tre.<\/p>\n<p>Bravo \u00e0 tous nos athl\u00e8tes pour leur pr\u00e9sence sur ces courses, y compris \u00e0 l&rsquo;international. Chacun a repr\u00e9sent\u00e9 fi\u00e8rement les couleurs du Bolbec Running Club, avec de belles performances, des records personnels et surtout beaucoup de convivialit\u00e9. Un grand merci \u00e9galement \u00e0 nos supporters et rendez-vous l&rsquo;ann\u00e9e prochaine pour une nouvelle \u00e9dition \u00e0 Bad Essen !<\/p>\n","protected":false},"excerpt":{"rendered":"<p>Le Bolbec Running Club a effectu\u00e9 son d\u00e9placement annuel \u00e0 Bad Essen, en Allemagne. Les athl\u00e8tes sont partis du jeudi 2 juillet au dimanche 5 juillet. Les courses, organis\u00e9es par TUS Bad Essen, se sont d\u00e9roul\u00e9es le vendredi soir, avec le d\u00e9part du 3,3 km \u00e0 20 h, suivi du 10 km \u00e0 20 h [&hellip;]<\/p>\n","protected":false},"author":1,"featured_media":7439,"comment_status":"open","ping_status":"open","sticky":false,"template":"","format":"standard","meta":{"_et_pb_use_builder":"","_et_pb_old_content":"","_et_gb_content_width":"","footnotes":"","jetpack_post_was_ever_published":false},"categories":[1],"tags":[],"class_list":["post-7438","post","type-post","status-publish","format-standard","has-post-thumbnail","hentry","category-article-competition"],"aioseo_notices":[],"aioseo_head":"\n\t\t<!-- All in One SEO 5.0.1.1 - aioseo.com -->\n\t<meta name=\"description\" content=\"Le Bolbec Running Club a effectu\u00e9 son d\u00e9placement annuel \u00e0 Bad Essen, en Allemagne. Les athl\u00e8tes sont partis du jeudi 2 juillet au dimanche 5 juillet. Les courses, organis\u00e9es par TUS Bad Essen, se sont d\u00e9roul\u00e9es le vendredi soir, avec le d\u00e9part du 3,3 km \u00e0 20 h, suivi du 10 km \u00e0 20 h\" \/>\n\t<meta name=\"robots\" content=\"max-image-preview:large\" \/>\n\t<meta name=\"author\" content=\"Florian\"\/>\n\t<link rel=\"canonical\" href=\"https:\/\/bolbec-running-club.org\/?p=7438\" \/>\n\t<meta name=\"generator\" content=\"All in One SEO (AIOSEO) 5.0.1.1\" \/>\n\t\t<meta property=\"og:locale\" content=\"fr_FR\" \/>\n\t\t<meta property=\"og:site_name\" content=\"Bolbec-Running-Club - Club d&#039;athl\u00e9tisme\" \/>\n\t\t<meta property=\"og:type\" content=\"article\" \/>\n\t\t<meta property=\"og:title\" content=\"Le Bolbec Running Club brille \u00e0 Bad Essen. - Bolbec-Running-Club\" \/>\n\t\t<meta property=\"og:description\" content=\"Le Bolbec Running Club a effectu\u00e9 son d\u00e9placement annuel \u00e0 Bad Essen, en Allemagne. Les athl\u00e8tes sont partis du jeudi 2 juillet au dimanche 5 juillet. Les courses, organis\u00e9es par TUS Bad Essen, se sont d\u00e9roul\u00e9es le vendredi soir, avec le d\u00e9part du 3,3 km \u00e0 20 h, suivi du 10 km \u00e0 20 h\" \/>\n\t\t<meta property=\"og:url\" content=\"https:\/\/bolbec-running-club.org\/?p=7438\" \/>\n\t\t<meta property=\"og:image\" content=\"https:\/\/bolbec-running-club.org\/wp-content\/uploads\/2026\/07\/DSC_4444-scaled.jpg\" \/>\n\t\t<meta property=\"og:image:secure_url\" content=\"https:\/\/bolbec-running-club.org\/wp-content\/uploads\/2026\/07\/DSC_4444-scaled.jpg\" \/>\n\t\t<meta property=\"og:image:width\" content=\"2560\" \/>\n\t\t<meta property=\"og:image:height\" content=\"1707\" \/>\n\t\t<meta property=\"article:published_time\" content=\"2026-07-06T17:27:21+00:00\" \/>\n\t\t<meta property=\"article:modified_time\" content=\"2026-07-06T17:29:24+00:00\" \/>\n\t\t<meta name=\"twitter:card\" content=\"summary_large_image\" \/>\n\t\t<meta name=\"twitter:title\" content=\"Le Bolbec Running Club brille \u00e0 Bad Essen. - Bolbec-Running-Club\" \/>\n\t\t<meta name=\"twitter:description\" content=\"Le Bolbec Running Club a effectu\u00e9 son d\u00e9placement annuel \u00e0 Bad Essen, en Allemagne. Les athl\u00e8tes sont partis du jeudi 2 juillet au dimanche 5 juillet. Les courses, organis\u00e9es par TUS Bad Essen, se sont d\u00e9roul\u00e9es le vendredi soir, avec le d\u00e9part du 3,3 km \u00e0 20 h, suivi du 10 km \u00e0 20 h\" \/>\n\t\t<meta name=\"twitter:image\" content=\"https:\/\/bolbec-running-club.org\/wp-content\/uploads\/2026\/07\/DSC_4444-scaled.jpg\" \/>\n\t\t<script type=\"application\/ld+json\" class=\"aioseo-schema\">\n\t\t\t{\"@context\":\"https:\\\/\\\/schema.org\",\"@graph\":[{\"@type\":\"BlogPosting\",\"@id\":\"https:\\\/\\\/bolbec-running-club.org\\\/?p=7438#blogposting\",\"name\":\"Le Bolbec Running Club brille \\u00e0 Bad Essen. - Bolbec-Running-Club\",\"headline\":\"Le Bolbec Running Club brille \\u00e0 Bad Essen.\",\"author\":{\"@id\":\"https:\\\/\\\/bolbec-running-club.org\\\/?author=1#author\"},\"publisher\":{\"@id\":\"https:\\\/\\\/bolbec-running-club.org\\\/#organization\"},\"image\":{\"@type\":\"ImageObject\",\"url\":\"https:\\\/\\\/bolbec-running-club.org\\\/wp-content\\\/uploads\\\/2026\\\/07\\\/DSC_4444-scaled.jpg\",\"width\":2560,\"height\":1707},\"datePublished\":\"2026-07-06T17:27:21+00:00\",\"dateModified\":\"2026-07-06T17:29:24+00:00\",\"inLanguage\":\"fr-FR\",\"mainEntityOfPage\":{\"@id\":\"https:\\\/\\\/bolbec-running-club.org\\\/?p=7438#webpage\"},\"isPartOf\":{\"@id\":\"https:\\\/\\\/bolbec-running-club.org\\\/?p=7438#webpage\"},\"articleSection\":\"Article comp\\u00e9tition\"},{\"@type\":\"BreadcrumbList\",\"@id\":\"https:\\\/\\\/bolbec-running-club.org\\\/?p=7438#breadcrumblist\",\"itemListElement\":[{\"@type\":\"ListItem\",\"@id\":\"https:\\\/\\\/bolbec-running-club.org#listItem\",\"position\":1,\"name\":\"Domicile\",\"item\":\"https:\\\/\\\/bolbec-running-club.org\",\"nextItem\":{\"@type\":\"ListItem\",\"@id\":\"https:\\\/\\\/bolbec-running-club.org\\\/?cat=1#listItem\",\"name\":\"Article comp\\u00e9tition\"}},{\"@type\":\"ListItem\",\"@id\":\"https:\\\/\\\/bolbec-running-club.org\\\/?cat=1#listItem\",\"position\":2,\"name\":\"Article comp\\u00e9tition\",\"item\":\"https:\\\/\\\/bolbec-running-club.org\\\/?cat=1\",\"nextItem\":{\"@type\":\"ListItem\",\"@id\":\"https:\\\/\\\/bolbec-running-club.org\\\/?p=7438#listItem\",\"name\":\"Le Bolbec Running Club brille \\u00e0 Bad Essen.\"},\"previousItem\":{\"@type\":\"ListItem\",\"@id\":\"https:\\\/\\\/bolbec-running-club.org#listItem\",\"name\":\"Domicile\"}},{\"@type\":\"ListItem\",\"@id\":\"https:\\\/\\\/bolbec-running-club.org\\\/?p=7438#listItem\",\"position\":3,\"name\":\"Le Bolbec Running Club brille \\u00e0 Bad Essen.\",\"previousItem\":{\"@type\":\"ListItem\",\"@id\":\"https:\\\/\\\/bolbec-running-club.org\\\/?cat=1#listItem\",\"name\":\"Article comp\\u00e9tition\"}}]},{\"@type\":\"Organization\",\"@id\":\"https:\\\/\\\/bolbec-running-club.org\\\/#organization\",\"name\":\"Bolbec-Running-Club\",\"description\":\"Club d'athl\\u00e9tisme\",\"url\":\"https:\\\/\\\/bolbec-running-club.org\\\/\",\"telephone\":\"+33629787023\",\"logo\":{\"@type\":\"ImageObject\",\"url\":\"https:\\\/\\\/bolbec-running-club.org\\\/wp-content\\\/uploads\\\/2024\\\/03\\\/cropped-1-1-1.jpg\",\"@id\":\"https:\\\/\\\/bolbec-running-club.org\\\/?p=7438\\\/#organizationLogo\",\"width\":2000,\"height\":2000},\"image\":{\"@id\":\"https:\\\/\\\/bolbec-running-club.org\\\/?p=7438\\\/#organizationLogo\"}},{\"@type\":\"Person\",\"@id\":\"https:\\\/\\\/bolbec-running-club.org\\\/?author=1#author\",\"url\":\"https:\\\/\\\/bolbec-running-club.org\\\/?author=1\",\"name\":\"Florian\"},{\"@type\":\"WebPage\",\"@id\":\"https:\\\/\\\/bolbec-running-club.org\\\/?p=7438#webpage\",\"url\":\"https:\\\/\\\/bolbec-running-club.org\\\/?p=7438\",\"name\":\"Le Bolbec Running Club brille \\u00e0 Bad Essen. - Bolbec-Running-Club\",\"description\":\"Le Bolbec Running Club a effectu\\u00e9 son d\\u00e9placement annuel \\u00e0 Bad Essen, en Allemagne. Les athl\\u00e8tes sont partis du jeudi 2 juillet au dimanche 5 juillet. Les courses, organis\\u00e9es par TUS Bad Essen, se sont d\\u00e9roul\\u00e9es le vendredi soir, avec le d\\u00e9part du 3,3 km \\u00e0 20 h, suivi du 10 km \\u00e0 20 h\",\"inLanguage\":\"fr-FR\",\"isPartOf\":{\"@id\":\"https:\\\/\\\/bolbec-running-club.org\\\/#website\"},\"breadcrumb\":{\"@id\":\"https:\\\/\\\/bolbec-running-club.org\\\/?p=7438#breadcrumblist\"},\"author\":{\"@id\":\"https:\\\/\\\/bolbec-running-club.org\\\/?author=1#author\"},\"creator\":{\"@id\":\"https:\\\/\\\/bolbec-running-club.org\\\/?author=1#author\"},\"image\":{\"@type\":\"ImageObject\",\"url\":\"https:\\\/\\\/bolbec-running-club.org\\\/wp-content\\\/uploads\\\/2026\\\/07\\\/DSC_4444-scaled.jpg\",\"@id\":\"https:\\\/\\\/bolbec-running-club.org\\\/?p=7438\\\/#mainImage\",\"width\":2560,\"height\":1707},\"primaryImageOfPage\":{\"@id\":\"https:\\\/\\\/bolbec-running-club.org\\\/?p=7438#mainImage\"},\"datePublished\":\"2026-07-06T17:27:21+00:00\",\"dateModified\":\"2026-07-06T17:29:24+00:00\"},{\"@type\":\"WebSite\",\"@id\":\"https:\\\/\\\/bolbec-running-club.org\\\/#website\",\"url\":\"https:\\\/\\\/bolbec-running-club.org\\\/\",\"name\":\"Bolbec-Running-Club\",\"description\":\"Club d'athl\\u00e9tisme\",\"inLanguage\":\"fr-FR\",\"publisher\":{\"@id\":\"https:\\\/\\\/bolbec-running-club.org\\\/#organization\"}}]}\n\t\t<\/script>\n\t\t<!-- All in One SEO -->\n\n","aioseo_head_json":{"title":"Le Bolbec Running Club brille \u00e0 Bad Essen. - Bolbec-Running-Club","description":"Le Bolbec Running Club a effectu\u00e9 son d\u00e9placement annuel \u00e0 Bad Essen, en Allemagne. Les athl\u00e8tes sont partis du jeudi 2 juillet au dimanche 5 juillet. Les courses, organis\u00e9es par TUS Bad Essen, se sont d\u00e9roul\u00e9es le vendredi soir, avec le d\u00e9part du 3,3 km \u00e0 20 h, suivi du 10 km \u00e0 20 h","canonical_url":"https:\/\/bolbec-running-club.org\/?p=7438","robots":"max-image-preview:large","keywords":"","webmasterTools":{"miscellaneous":""},"schema":{"@context":"https:\/\/schema.org","@graph":[{"@type":"BlogPosting","@id":"https:\/\/bolbec-running-club.org\/?p=7438#blogposting","name":"Le Bolbec Running Club brille \u00e0 Bad Essen. - Bolbec-Running-Club","headline":"Le Bolbec Running Club brille \u00e0 Bad Essen.","author":{"@id":"https:\/\/bolbec-running-club.org\/?author=1#author"},"publisher":{"@id":"https:\/\/bolbec-running-club.org\/#organization"},"image":{"@type":"ImageObject","url":"https:\/\/bolbec-running-club.org\/wp-content\/uploads\/2026\/07\/DSC_4444-scaled.jpg","width":2560,"height":1707},"datePublished":"2026-07-06T17:27:21+00:00","dateModified":"2026-07-06T17:29:24+00:00","inLanguage":"fr-FR","mainEntityOfPage":{"@id":"https:\/\/bolbec-running-club.org\/?p=7438#webpage"},"isPartOf":{"@id":"https:\/\/bolbec-running-club.org\/?p=7438#webpage"},"articleSection":"Article comp\u00e9tition"},{"@type":"BreadcrumbList","@id":"https:\/\/bolbec-running-club.org\/?p=7438#breadcrumblist","itemListElement":[{"@type":"ListItem","@id":"https:\/\/bolbec-running-club.org#listItem","position":1,"name":"Domicile","item":"https:\/\/bolbec-running-club.org","nextItem":{"@type":"ListItem","@id":"https:\/\/bolbec-running-club.org\/?cat=1#listItem","name":"Article comp\u00e9tition"}},{"@type":"ListItem","@id":"https:\/\/bolbec-running-club.org\/?cat=1#listItem","position":2,"name":"Article comp\u00e9tition","item":"https:\/\/bolbec-running-club.org\/?cat=1","nextItem":{"@type":"ListItem","@id":"https:\/\/bolbec-running-club.org\/?p=7438#listItem","name":"Le Bolbec Running Club brille \u00e0 Bad Essen."},"previousItem":{"@type":"ListItem","@id":"https:\/\/bolbec-running-club.org#listItem","name":"Domicile"}},{"@type":"ListItem","@id":"https:\/\/bolbec-running-club.org\/?p=7438#listItem","position":3,"name":"Le Bolbec Running Club brille \u00e0 Bad Essen.","previousItem":{"@type":"ListItem","@id":"https:\/\/bolbec-running-club.org\/?cat=1#listItem","name":"Article comp\u00e9tition"}}]},{"@type":"Organization","@id":"https:\/\/bolbec-running-club.org\/#organization","name":"Bolbec-Running-Club","description":"Club d'athl\u00e9tisme","url":"https:\/\/bolbec-running-club.org\/","telephone":"+33629787023","logo":{"@type":"ImageObject","url":"https:\/\/bolbec-running-club.org\/wp-content\/uploads\/2024\/03\/cropped-1-1-1.jpg","@id":"https:\/\/bolbec-running-club.org\/?p=7438\/#organizationLogo","width":2000,"height":2000},"image":{"@id":"https:\/\/bolbec-running-club.org\/?p=7438\/#organizationLogo"}},{"@type":"Person","@id":"https:\/\/bolbec-running-club.org\/?author=1#author","url":"https:\/\/bolbec-running-club.org\/?author=1","name":"Florian"},{"@type":"WebPage","@id":"https:\/\/bolbec-running-club.org\/?p=7438#webpage","url":"https:\/\/bolbec-running-club.org\/?p=7438","name":"Le Bolbec Running Club brille \u00e0 Bad Essen. - Bolbec-Running-Club","description":"Le Bolbec Running Club a effectu\u00e9 son d\u00e9placement annuel \u00e0 Bad Essen, en Allemagne. Les athl\u00e8tes sont partis du jeudi 2 juillet au dimanche 5 juillet. Les courses, organis\u00e9es par TUS Bad Essen, se sont d\u00e9roul\u00e9es le vendredi soir, avec le d\u00e9part du 3,3 km \u00e0 20 h, suivi du 10 km \u00e0 20 h","inLanguage":"fr-FR","isPartOf":{"@id":"https:\/\/bolbec-running-club.org\/#website"},"breadcrumb":{"@id":"https:\/\/bolbec-running-club.org\/?p=7438#breadcrumblist"},"author":{"@id":"https:\/\/bolbec-running-club.org\/?author=1#author"},"creator":{"@id":"https:\/\/bolbec-running-club.org\/?author=1#author"},"image":{"@type":"ImageObject","url":"https:\/\/bolbec-running-club.org\/wp-content\/uploads\/2026\/07\/DSC_4444-scaled.jpg","@id":"https:\/\/bolbec-running-club.org\/?p=7438\/#mainImage","width":2560,"height":1707},"primaryImageOfPage":{"@id":"https:\/\/bolbec-running-club.org\/?p=7438#mainImage"},"datePublished":"2026-07-06T17:27:21+00:00","dateModified":"2026-07-06T17:29:24+00:00"},{"@type":"WebSite","@id":"https:\/\/bolbec-running-club.org\/#website","url":"https:\/\/bolbec-running-club.org\/","name":"Bolbec-Running-Club","description":"Club d'athl\u00e9tisme","inLanguage":"fr-FR","publisher":{"@id":"https:\/\/bolbec-running-club.org\/#organization"}}]},"og:locale":"fr_FR","og:site_name":"Bolbec-Running-Club - Club d'athl\u00e9tisme","og:type":"article","og:title":"Le Bolbec Running Club brille \u00e0 Bad Essen. - Bolbec-Running-Club","og:description":"Le Bolbec Running Club a effectu\u00e9 son d\u00e9placement annuel \u00e0 Bad Essen, en Allemagne. Les athl\u00e8tes sont partis du jeudi 2 juillet au dimanche 5 juillet. Les courses, organis\u00e9es par TUS Bad Essen, se sont d\u00e9roul\u00e9es le vendredi soir, avec le d\u00e9part du 3,3 km \u00e0 20 h, suivi du 10 km \u00e0 20 h","og:url":"https:\/\/bolbec-running-club.org\/?p=7438","og:image":"https:\/\/bolbec-running-club.org\/wp-content\/uploads\/2026\/07\/DSC_4444-scaled.jpg","og:image:secure_url":"https:\/\/bolbec-running-club.org\/wp-content\/uploads\/2026\/07\/DSC_4444-scaled.jpg","og:image:width":"2560","og:image:height":"1707","article:published_time":"2026-07-06T17:27:21+00:00","article:modified_time":"2026-07-06T17:29:24+00:00","twitter:card":"summary_large_image","twitter:title":"Le Bolbec Running Club brille \u00e0 Bad Essen. - Bolbec-Running-Club","twitter:description":"Le Bolbec Running Club a effectu\u00e9 son d\u00e9placement annuel \u00e0 Bad Essen, en Allemagne. Les athl\u00e8tes sont partis du jeudi 2 juillet au dimanche 5 juillet. Les courses, organis\u00e9es par TUS Bad Essen, se sont d\u00e9roul\u00e9es le vendredi soir, avec le d\u00e9part du 3,3 km \u00e0 20 h, suivi du 10 km \u00e0 20 h","twitter:image":"https:\/\/bolbec-running-club.org\/wp-content\/uploads\/2026\/07\/DSC_4444-scaled.jpg"},"aioseo_meta_data":{"post_id":"7438","title":null,"description":null,"keywords":null,"keyphrases":{"focus":{"keyphrase":"","score":0,"analysis":{"keyphraseInTitle":{"score":0,"maxScore":9,"error":1}}},"additional":[]},"primary_term":null,"canonical_url":null,"og_title":null,"og_description":null,"og_object_type":"default","og_image_type":"featured","og_image_url":"https:\/\/bolbec-running-club.org\/wp-content\/uploads\/2026\/07\/DSC_4444-scaled.jpg","og_image_width":"2560","og_image_height":"1707","og_image_custom_url":null,"og_image_custom_fields":null,"og_video":"","og_custom_url":null,"og_article_section":null,"og_article_tags":null,"twitter_use_og":false,"twitter_card":"default","twitter_image_type":"default","twitter_image_url":null,"twitter_image_custom_url":null,"twitter_image_custom_fields":null,"twitter_title":null,"twitter_description":null,"schema":{"blockGraphs":[],"customGraphs":[],"default":{"data":{"Article":[],"Course":[],"Dataset":[],"FAQPage":[],"Movie":[],"Person":[],"Product":[],"ProductReview":[],"Car":[],"Recipe":[],"Service":[],"SoftwareApplication":[],"WebPage":[]},"graphName":"BlogPosting","isEnabled":true},"graphs":[]},"schema_type":"default","schema_type_options":null,"pillar_content":false,"robots_default":true,"robots_noindex":false,"robots_noarchive":false,"robots_nosnippet":false,"robots_nofollow":false,"robots_noimageindex":false,"robots_noodp":false,"robots_notranslate":false,"robots_max_snippet":"-1","robots_max_videopreview":"-1","robots_max_imagepreview":"large","priority":null,"frequency":"default","local_seo":null,"breadcrumb_settings":null,"limit_modified_date":false,"ai":{"faqs":[],"keyPoints":[],"schemas":[],"titles":[],"descriptions":[],"socialPosts":{"email":{"subject":"","preview":"","content":""},"linkedin":[],"twitter":[],"facebook":[],"instagram":[]}},"created":"2026-07-06 17:27:21","updated":"2026-07-07 11:01:15","seo_analyzer_scan_date":null,"focus_keyword":null,"additional_keywords":null,"truseo_locale":null},"aioseo_breadcrumb":"<div class=\"aioseo-breadcrumbs\"><span class=\"aioseo-breadcrumb\">\n\t\t\t<a href=\"https:\/\/bolbec-running-club.org\" title=\"Domicile\">Domicile<\/a>\n\t\t<\/span><span class=\"aioseo-breadcrumb-separator\">&raquo;<\/span><span class=\"aioseo-breadcrumb\">\n\t\t\t<a href=\"https:\/\/bolbec-running-club.org\/?cat=1\" title=\"Article comp\u00e9tition\">Article comp\u00e9tition<\/a>\n\t\t<\/span><span class=\"aioseo-breadcrumb-separator\">&raquo;<\/span><span class=\"aioseo-breadcrumb\">\n\t\t\tLe Bolbec Running Club brille \u00e0 Bad Essen.\n\t\t<\/span><\/div>","aioseo_breadcrumb_json":[{"label":"Domicile","link":"https:\/\/bolbec-running-club.org"},{"label":"Article comp\u00e9tition","link":"https:\/\/bolbec-running-club.org\/?cat=1"},{"label":"Le Bolbec Running Club brille \u00e0 Bad Essen.","link":"https:\/\/bolbec-running-club.org\/?p=7438"}],"jetpack_featured_media_url":"https:\/\/bolbec-running-club.org\/wp-content\/uploads\/2026\/07\/DSC_4444-scaled.jpg","_links":{"self":[{"href":"https:\/\/bolbec-running-club.org\/index.php?rest_route=\/wp\/v2\/posts\/7438","targetHints":{"allow":["GET"]}}],"collection":[{"href":"https:\/\/bolbec-running-club.org\/index.php?rest_route=\/wp\/v2\/posts"}],"about":[{"href":"https:\/\/bolbec-running-club.org\/index.php?rest_route=\/wp\/v2\/types\/post"}],"author":[{"embeddable":true,"href":"https:\/\/bolbec-running-club.org\/index.php?rest_route=\/wp\/v2\/users\/1"}],"replies":[{"embeddable":true,"href":"https:\/\/bolbec-running-club.org\/index.php?rest_route=%2Fwp%2Fv2%2Fcomments&post=7438"}],"version-history":[{"count":1,"href":"https:\/\/bolbec-running-club.org\/index.php?rest_route=\/wp\/v2\/posts\/7438\/revisions"}],"predecessor-version":[{"id":7440,"href":"https:\/\/bolbec-running-club.org\/index.php?rest_route=\/wp\/v2\/posts\/7438\/revisions\/7440"}],"wp:featuredmedia":[{"embeddable":true,"href":"https:\/\/bolbec-running-club.org\/index.php?rest_route=\/wp\/v2\/media\/7439"}],"wp:attachment":[{"href":"https:\/\/bolbec-running-club.org\/index.php?rest_route=%2Fwp%2Fv2%2Fmedia&parent=7438"}],"wp:term":[{"taxonomy":"category","embeddable":true,"href":"https:\/\/bolbec-running-club.org\/index.php?rest_route=%2Fwp%2Fv2%2Fcategories&post=7438"},{"taxonomy":"post_tag","embeddable":true,"href":"https:\/\/bolbec-running-club.org\/index.php?rest_route=%2Fwp%2Fv2%2Ftags&post=7438"}],"curies":[{"name":"wp","href":"https:\/\/api.w.org\/{rel}","templated":true}]}}