{"id":7345,"date":"2026-06-07T20:30:12","date_gmt":"2026-06-07T20:30:12","guid":{"rendered":"https:\/\/bolbec-running-club.org\/?p=7345"},"modified":"2026-06-07T20:31:14","modified_gmt":"2026-06-07T20:31:14","slug":"un-week-end-charge-pour-les-coureurs-du-brc","status":"publish","type":"post","link":"https:\/\/bolbec-running-club.org\/?p=7345","title":{"rendered":"Un week-end charg\u00e9 pour les coureurs du  BRC"},"content":{"rendered":"<p>Pr\u00e9sents sur six \u00e9preuves ce week-end, les coureurs du Bolbec Running Club ont une nouvelle fois port\u00e9 haut les couleurs du club.<\/p>\n<h1>La F\u00eal\u00e9e Gourmande, \u00e0 Bolbec<\/h1>\n<p>\u00c0 domicile, nos 20 coureurs ont fi\u00e8rement arbor\u00e9 les couleurs du club vendredi soir.<\/p>\n<h2>Chez les hommes<\/h2>\n<p><strong>Martin Lesueur <\/strong>r\u00e9alise une grande course en conservant la t\u00eate de la course du premier kilom\u00e8tre jusqu&rsquo;\u00e0 l&rsquo;arriv\u00e9e et s&rsquo;impose en <strong>39&rsquo;42<\/strong>.<\/p>\n<p><strong>David Lepiller <\/strong>part en troisi\u00e8me position mais c\u00e8de quelques places au fil des kilom\u00e8tres pour finalement terminer <strong>6e en 43&rsquo;39<\/strong>.<\/p>\n<p><strong>Martin Colboc <\/strong>signe une tr\u00e8s belle prestation en maintenant son allure tout au long de l&rsquo;\u00e9preuve. Il d\u00e9croche un <strong>Top 10 en 44&rsquo;08 <\/strong>et termine <strong>1er de sa cat\u00e9gorie<\/strong>.<\/p>\n<p><strong>Nicolas Poret <\/strong>a rechauss\u00e9 les baskets et remis le maillot. Auteur d&rsquo;une belle remont\u00e9e au classement, il boucle son parcours en <strong>45&rsquo;26<\/strong>.<\/p>\n<p><strong>Pierrick Vendrand<\/strong>, rest\u00e9 au contact de Nicolas durant toute la course, r\u00e9alise \u00e9galement un beau chrono de <strong>45&rsquo;27<\/strong>.<\/p>\n<p><strong>Alban Fleury <\/strong>poursuit progressivement son retour \u00e0 l&rsquo;entra\u00eenement et se classe <strong>1er de sa cat\u00e9gorie en 45&rsquo;40<\/strong>.<\/p>\n<p><strong>Natha\u00ebl Blondel <\/strong>et <strong>Johannes Pautet <\/strong>r\u00e9coltent les fruits d&rsquo;entra\u00eenements r\u00e9guliers et efficaces en signant un excellent temps de <strong>45&rsquo;46<\/strong>.<\/p>\n<p><strong>Denis Boulay <\/strong>se joint \u00e0 notre \u00e9quipe de jeunes coureurs et se hisse \u00e0 la <strong>24e place en 47&rsquo;13<\/strong>, tout en montant sur la plus haute marche du podium chez les <strong>M3<\/strong>.<\/p>\n<p>Son acolyte, <strong>Beno\u00eet Lebair<\/strong>, remporte lui aussi sa cat\u00e9gorie avec un chrono de <strong>51&rsquo;18<\/strong>.<\/p>\n<p>Apr\u00e8s sa participation \u00e0 LHUT la semaine pr\u00e9c\u00e9dente, <strong>David Vasse <\/strong>poursuit sur sa lanc\u00e9e et termine en <strong>56&rsquo;11<\/strong>.<\/p>\n<p>Son fils, <strong>Paul<\/strong>, le suit de pr\u00e8s et franchit la ligne en <strong>57&rsquo;16<\/strong>.<\/p>\n<h2>Chez les femmes<\/h2>\n<p><strong>Mil\u00e8ne Folliot <\/strong>r\u00e9alise une course remarquable en se classant <strong>2e f\u00e9minine <\/strong>et <strong>1re de sa cat\u00e9gorie <\/strong>en<\/p>\n<p><strong>48&rsquo;49<\/strong>.<\/p>\n<p><strong>Estelle Bellanger <\/strong>int\u00e8gre cette \u00e9preuve dans sa pr\u00e9paration trail et se classe <strong>4e f\u00e9minine en 50&rsquo;40<\/strong>.<\/p>\n<p><strong>Romane Deltour <\/strong>poursuit sa belle progression en r\u00e9alisant une solide performance en <strong>54&rsquo;24 <\/strong>et termine <strong>1re cadette<\/strong>.<\/p>\n<p><strong>La\u00ebtitia Saussaye <\/strong>\u00e9tablit son record personnel sur ce parcours en le bouclant en <strong>56&rsquo;20<\/strong>.<\/p>\n<p><strong>Nolia Chantrel <\/strong>profite de ses entra\u00eenements r\u00e9guliers pour retrouver toutes ses sensations et s&rsquo;impose dans sa cat\u00e9gorie en <strong>57&rsquo;24<\/strong>.<\/p>\n<p><strong>Mina Stitou<\/strong>, arriv\u00e9e tardivement sur la ligne de d\u00e9part, reste r\u00e9guli\u00e8re tout au long de sa course et termine en <strong>1h05<\/strong>.<\/p>\n<p><strong>Lisa Paris <\/strong>remet le maillot pour la bonne cause. Malgr\u00e9 un l\u00e9ger manque d&rsquo;entra\u00eenement, elle franchit la ligne d&rsquo;arriv\u00e9e en <strong>1h06<\/strong>.<\/p>\n<p><strong>C\u00e9line Cavelier<\/strong>, toujours avec le sourire et sa passion du trail, r\u00e9alise un beau chrono de <strong>1h09<\/strong>.<\/p>\n<h2>Marche<\/h2>\n<p><strong>Sandra Benard <\/strong>et ses filles sont venues encourager les coureurs et repr\u00e9senter le club sur la randonn\u00e9e, qu&rsquo;elles terminent en <strong>50&rsquo;29<\/strong>.<\/p>\n<h1>10 km Adidas, \u00e0 Paris<\/h1>\n<p>Quatre de nos coureurs \u00e9taient au d\u00e9part de cette course rapide et atypique.<\/p>\n<p><strong>Luc Ouf <\/strong>s&rsquo;illustre sur ce parcours roulant gr\u00e2ce \u00e0 une pr\u00e9paration s\u00e9rieuse et une excellente ambiance de course. Il termine en <strong>35&rsquo;08<\/strong>.<\/p>\n<p><strong>Lucas Legendre <\/strong>donne tout jusqu&rsquo;au bout et boucle son 10 km en <strong>36&rsquo;14<\/strong>. <strong>Jolan Lebas <\/strong>signe son record personnel sur la distance en <strong>38&rsquo;47<\/strong>.<\/p>\n<p><strong>Kyllian Bullock <\/strong>r\u00e9alise un chrono tr\u00e8s prometteur avec un temps de <strong>38&rsquo;52<\/strong>.<\/p>\n<h1>La Galop\u00e9e, \u00e0 Franqueville-Saint-Pierre<\/h1>\n<p>Deux de nos coureuses ont fait honneur au BRC sur cette \u00e9preuve de 30 km, seulement deux jours apr\u00e8s La F\u00eal\u00e9e Gourmande.<\/p>\n<p><strong>Estelle Bellanger <\/strong>part sur son allure malgr\u00e9 quelques courbatures jusqu&rsquo;au 10e kilom\u00e8tre. Elle reste proche de Mil\u00e8ne tout au long du parcours. Une chute la ralentit l\u00e9g\u00e8rement, mais elle parvient \u00e0 revenir sur sa co\u00e9quipi\u00e8re dans le dernier kilom\u00e8tre.<\/p>\n<p><strong>Mil\u00e8ne Folliot <\/strong>adopte \u00e9galement son rythme de course et maintient l&rsquo;\u00e9cart avec Estelle. Une douleur appara\u00eet au 25e kilom\u00e8tre, mais elle parvient \u00e0 conserver son allure.<\/p>\n<p>Les deux athl\u00e8tes franchissent finalement la ligne main dans la main et montent ensemble sur la<\/p>\n<p><strong>troisi\u00e8me marche du podium f\u00e9minin <\/strong>avec un chrono de <strong>2h49&rsquo;19<\/strong>.<\/p>\n<h1>Castle Race Series \u2013 10 km de Chantilly<\/h1>\n<p><strong>Barbara Tefera <\/strong>prend le d\u00e9part du 10 km ce dimanche matin. Sur un beau parcours, dans une ambiance festive et paillet\u00e9e, elle effectue une reprise encourageante et termine en <strong>1h11&rsquo;16<\/strong>.<\/p>\n<h1>Marathon de la Libert\u00e9, \u00e0 Caen<\/h1>\n<p>Le festival du running s&rsquo;est d\u00e9roul\u00e9 sur trois jours avec au programme un marathon, un semi- marathon, un relais marathon et un 10 km.<\/p>\n<p><strong>Jeanne H\u00e9ranval <\/strong>prend le d\u00e9part du semi-marathon. Soutenue par ses amis \u00e9galement pr\u00e9sents sur l&rsquo;\u00e9preuve, elle r\u00e9alise un nouveau record personnel en <strong>1h55&rsquo;45<\/strong>.<\/p>\n<p data-start=\"0\" data-end=\"45\"><strong data-start=\"0\" data-end=\"45\">Premier marathon pour Jessy Gu\u00e9roult ! &#x1f3c5;<\/strong><\/p>\n<p data-start=\"47\" data-end=\"152\">Au d\u00e9part de son tout premier marathon, Jessy Gu\u00e9roult a d\u00e9couvert toute l&rsquo;exigence de la distance reine.<\/p>\n<p data-start=\"154\" data-end=\"225\">Sa premi\u00e8re r\u00e9action \u00e0 l&rsquo;arriv\u00e9e ? <em data-start=\"189\" data-end=\"222\">\u00ab La pire \u00e9preuve de ma vie ! \u00bb<\/em> &#x1f605;<\/p>\n<p data-start=\"227\" data-end=\"421\">Mais au-del\u00e0 de la difficult\u00e9, Jessy peut \u00eatre fier de sa performance en franchissant la ligne d&rsquo;arriv\u00e9e en <strong data-start=\"335\" data-end=\"343\">3h29<\/strong>, d\u00e9crochant ainsi le statut de <strong data-start=\"375\" data-end=\"387\">finisher<\/strong> pour sa toute premi\u00e8re tentative.<\/p>\n<h1>L&rsquo;Amazone, au Havre<\/h1>\n<p>Une marche et une course porteuses d&rsquo;un message fort en faveur de la lutte contre le cancer du sein en Seine-Maritime.<\/p>\n<p>Deux de nos repr\u00e9sentants ont particip\u00e9 \u00e0 cet \u00e9v\u00e9nement pour soutenir cette belle cause.<\/p>\n<p><strong>Tommy Versavel <\/strong>et <strong>Sandra Benard <\/strong>ont pris part aux parcours de <strong>6 km <\/strong>et <strong>11 km<\/strong>, portant haut les valeurs du club et de l&rsquo;\u00e9v\u00e9nement.<\/p>\n<p>&nbsp;<\/p>\n<p style=\"text-align: right;\">Morgane A<\/p>\n","protected":false},"excerpt":{"rendered":"<p>Pr\u00e9sents sur six \u00e9preuves ce week-end, les coureurs du Bolbec Running Club ont une nouvelle fois port\u00e9 haut les couleurs du club. La F\u00eal\u00e9e Gourmande, \u00e0 Bolbec \u00c0 domicile, nos 20 coureurs ont fi\u00e8rement arbor\u00e9 les couleurs du club vendredi soir. Chez les hommes Martin Lesueur r\u00e9alise une grande course en conservant la t\u00eate de [&hellip;]<\/p>\n","protected":false},"author":1,"featured_media":7346,"comment_status":"open","ping_status":"open","sticky":false,"template":"","format":"standard","meta":{"_et_pb_use_builder":"","_et_pb_old_content":"","_et_gb_content_width":"","footnotes":"","jetpack_post_was_ever_published":false},"categories":[1],"tags":[],"class_list":["post-7345","post","type-post","status-publish","format-standard","has-post-thumbnail","hentry","category-article-competition"],"aioseo_notices":[],"aioseo_head":"\n\t\t<!-- All in One SEO 5.0.1.1 - aioseo.com -->\n\t<meta name=\"description\" content=\"Pr\u00e9sents sur six \u00e9preuves ce week-end, les coureurs du Bolbec Running Club ont une nouvelle fois port\u00e9 haut les couleurs du club. La F\u00eal\u00e9e Gourmande, \u00e0 Bolbec \u00c0 domicile, nos 20 coureurs ont fi\u00e8rement arbor\u00e9 les couleurs du club vendredi soir. Chez les hommes Martin Lesueur r\u00e9alise une grande course en conservant la t\u00eate de\" \/>\n\t<meta name=\"robots\" content=\"max-image-preview:large\" \/>\n\t<meta name=\"author\" content=\"Florian\"\/>\n\t<link rel=\"canonical\" href=\"https:\/\/bolbec-running-club.org\/?p=7345\" \/>\n\t<meta name=\"generator\" content=\"All in One SEO (AIOSEO) 5.0.1.1\" \/>\n\t\t<meta property=\"og:locale\" content=\"fr_FR\" \/>\n\t\t<meta property=\"og:site_name\" content=\"Bolbec-Running-Club - Club d&#039;athl\u00e9tisme\" \/>\n\t\t<meta property=\"og:type\" content=\"article\" \/>\n\t\t<meta property=\"og:title\" content=\"Un week-end charg\u00e9 pour les coureurs du BRC - Bolbec-Running-Club\" \/>\n\t\t<meta property=\"og:description\" content=\"Pr\u00e9sents sur six \u00e9preuves ce week-end, les coureurs du Bolbec Running Club ont une nouvelle fois port\u00e9 haut les couleurs du club. La F\u00eal\u00e9e Gourmande, \u00e0 Bolbec \u00c0 domicile, nos 20 coureurs ont fi\u00e8rement arbor\u00e9 les couleurs du club vendredi soir. Chez les hommes Martin Lesueur r\u00e9alise une grande course en conservant la t\u00eate de\" \/>\n\t\t<meta property=\"og:url\" content=\"https:\/\/bolbec-running-club.org\/?p=7345\" \/>\n\t\t<meta property=\"og:image\" content=\"https:\/\/bolbec-running-club.org\/wp-content\/uploads\/2026\/06\/DSC_3953-scaled.jpg\" \/>\n\t\t<meta property=\"og:image:secure_url\" content=\"https:\/\/bolbec-running-club.org\/wp-content\/uploads\/2026\/06\/DSC_3953-scaled.jpg\" \/>\n\t\t<meta property=\"og:image:width\" content=\"2560\" \/>\n\t\t<meta property=\"og:image:height\" content=\"1707\" \/>\n\t\t<meta property=\"article:published_time\" content=\"2026-06-07T20:30:12+00:00\" \/>\n\t\t<meta property=\"article:modified_time\" content=\"2026-06-07T20:31:14+00:00\" \/>\n\t\t<meta name=\"twitter:card\" content=\"summary_large_image\" \/>\n\t\t<meta name=\"twitter:title\" content=\"Un week-end charg\u00e9 pour les coureurs du BRC - Bolbec-Running-Club\" \/>\n\t\t<meta name=\"twitter:description\" content=\"Pr\u00e9sents sur six \u00e9preuves ce week-end, les coureurs du Bolbec Running Club ont une nouvelle fois port\u00e9 haut les couleurs du club. La F\u00eal\u00e9e Gourmande, \u00e0 Bolbec \u00c0 domicile, nos 20 coureurs ont fi\u00e8rement arbor\u00e9 les couleurs du club vendredi soir. Chez les hommes Martin Lesueur r\u00e9alise une grande course en conservant la t\u00eate de\" \/>\n\t\t<meta name=\"twitter:image\" content=\"https:\/\/bolbec-running-club.org\/wp-content\/uploads\/2026\/06\/DSC_3953-scaled.jpg\" \/>\n\t\t<script type=\"application\/ld+json\" class=\"aioseo-schema\">\n\t\t\t{\"@context\":\"https:\\\/\\\/schema.org\",\"@graph\":[{\"@type\":\"BlogPosting\",\"@id\":\"https:\\\/\\\/bolbec-running-club.org\\\/?p=7345#blogposting\",\"name\":\"Un week-end charg\\u00e9 pour les coureurs du BRC - Bolbec-Running-Club\",\"headline\":\"Un week-end charg\\u00e9 pour les coureurs du  BRC\",\"author\":{\"@id\":\"https:\\\/\\\/bolbec-running-club.org\\\/?author=1#author\"},\"publisher\":{\"@id\":\"https:\\\/\\\/bolbec-running-club.org\\\/#organization\"},\"image\":{\"@type\":\"ImageObject\",\"url\":\"https:\\\/\\\/bolbec-running-club.org\\\/wp-content\\\/uploads\\\/2026\\\/06\\\/DSC_3953-scaled.jpg\",\"width\":2560,\"height\":1707},\"datePublished\":\"2026-06-07T20:30:12+00:00\",\"dateModified\":\"2026-06-07T20:31:14+00:00\",\"inLanguage\":\"fr-FR\",\"mainEntityOfPage\":{\"@id\":\"https:\\\/\\\/bolbec-running-club.org\\\/?p=7345#webpage\"},\"isPartOf\":{\"@id\":\"https:\\\/\\\/bolbec-running-club.org\\\/?p=7345#webpage\"},\"articleSection\":\"Article comp\\u00e9tition\"},{\"@type\":\"BreadcrumbList\",\"@id\":\"https:\\\/\\\/bolbec-running-club.org\\\/?p=7345#breadcrumblist\",\"itemListElement\":[{\"@type\":\"ListItem\",\"@id\":\"https:\\\/\\\/bolbec-running-club.org#listItem\",\"position\":1,\"name\":\"Domicile\",\"item\":\"https:\\\/\\\/bolbec-running-club.org\",\"nextItem\":{\"@type\":\"ListItem\",\"@id\":\"https:\\\/\\\/bolbec-running-club.org\\\/?cat=1#listItem\",\"name\":\"Article comp\\u00e9tition\"}},{\"@type\":\"ListItem\",\"@id\":\"https:\\\/\\\/bolbec-running-club.org\\\/?cat=1#listItem\",\"position\":2,\"name\":\"Article comp\\u00e9tition\",\"item\":\"https:\\\/\\\/bolbec-running-club.org\\\/?cat=1\",\"nextItem\":{\"@type\":\"ListItem\",\"@id\":\"https:\\\/\\\/bolbec-running-club.org\\\/?p=7345#listItem\",\"name\":\"Un week-end charg\\u00e9 pour les coureurs du  BRC\"},\"previousItem\":{\"@type\":\"ListItem\",\"@id\":\"https:\\\/\\\/bolbec-running-club.org#listItem\",\"name\":\"Domicile\"}},{\"@type\":\"ListItem\",\"@id\":\"https:\\\/\\\/bolbec-running-club.org\\\/?p=7345#listItem\",\"position\":3,\"name\":\"Un week-end charg\\u00e9 pour les coureurs du  BRC\",\"previousItem\":{\"@type\":\"ListItem\",\"@id\":\"https:\\\/\\\/bolbec-running-club.org\\\/?cat=1#listItem\",\"name\":\"Article comp\\u00e9tition\"}}]},{\"@type\":\"Organization\",\"@id\":\"https:\\\/\\\/bolbec-running-club.org\\\/#organization\",\"name\":\"Bolbec-Running-Club\",\"description\":\"Club d'athl\\u00e9tisme\",\"url\":\"https:\\\/\\\/bolbec-running-club.org\\\/\",\"telephone\":\"+33629787023\",\"logo\":{\"@type\":\"ImageObject\",\"url\":\"https:\\\/\\\/bolbec-running-club.org\\\/wp-content\\\/uploads\\\/2024\\\/03\\\/cropped-1-1-1.jpg\",\"@id\":\"https:\\\/\\\/bolbec-running-club.org\\\/?p=7345\\\/#organizationLogo\",\"width\":2000,\"height\":2000},\"image\":{\"@id\":\"https:\\\/\\\/bolbec-running-club.org\\\/?p=7345\\\/#organizationLogo\"}},{\"@type\":\"Person\",\"@id\":\"https:\\\/\\\/bolbec-running-club.org\\\/?author=1#author\",\"url\":\"https:\\\/\\\/bolbec-running-club.org\\\/?author=1\",\"name\":\"Florian\"},{\"@type\":\"WebPage\",\"@id\":\"https:\\\/\\\/bolbec-running-club.org\\\/?p=7345#webpage\",\"url\":\"https:\\\/\\\/bolbec-running-club.org\\\/?p=7345\",\"name\":\"Un week-end charg\\u00e9 pour les coureurs du BRC - Bolbec-Running-Club\",\"description\":\"Pr\\u00e9sents sur six \\u00e9preuves ce week-end, les coureurs du Bolbec Running Club ont une nouvelle fois port\\u00e9 haut les couleurs du club. La F\\u00eal\\u00e9e Gourmande, \\u00e0 Bolbec \\u00c0 domicile, nos 20 coureurs ont fi\\u00e8rement arbor\\u00e9 les couleurs du club vendredi soir. Chez les hommes Martin Lesueur r\\u00e9alise une grande course en conservant la t\\u00eate de\",\"inLanguage\":\"fr-FR\",\"isPartOf\":{\"@id\":\"https:\\\/\\\/bolbec-running-club.org\\\/#website\"},\"breadcrumb\":{\"@id\":\"https:\\\/\\\/bolbec-running-club.org\\\/?p=7345#breadcrumblist\"},\"author\":{\"@id\":\"https:\\\/\\\/bolbec-running-club.org\\\/?author=1#author\"},\"creator\":{\"@id\":\"https:\\\/\\\/bolbec-running-club.org\\\/?author=1#author\"},\"image\":{\"@type\":\"ImageObject\",\"url\":\"https:\\\/\\\/bolbec-running-club.org\\\/wp-content\\\/uploads\\\/2026\\\/06\\\/DSC_3953-scaled.jpg\",\"@id\":\"https:\\\/\\\/bolbec-running-club.org\\\/?p=7345\\\/#mainImage\",\"width\":2560,\"height\":1707},\"primaryImageOfPage\":{\"@id\":\"https:\\\/\\\/bolbec-running-club.org\\\/?p=7345#mainImage\"},\"datePublished\":\"2026-06-07T20:30:12+00:00\",\"dateModified\":\"2026-06-07T20:31:14+00:00\"},{\"@type\":\"WebSite\",\"@id\":\"https:\\\/\\\/bolbec-running-club.org\\\/#website\",\"url\":\"https:\\\/\\\/bolbec-running-club.org\\\/\",\"name\":\"Bolbec-Running-Club\",\"description\":\"Club d'athl\\u00e9tisme\",\"inLanguage\":\"fr-FR\",\"publisher\":{\"@id\":\"https:\\\/\\\/bolbec-running-club.org\\\/#organization\"}}]}\n\t\t<\/script>\n\t\t<!-- All in One SEO -->\n\n","aioseo_head_json":{"title":"Un week-end charg\u00e9 pour les coureurs du BRC - Bolbec-Running-Club","description":"Pr\u00e9sents sur six \u00e9preuves ce week-end, les coureurs du Bolbec Running Club ont une nouvelle fois port\u00e9 haut les couleurs du club. La F\u00eal\u00e9e Gourmande, \u00e0 Bolbec \u00c0 domicile, nos 20 coureurs ont fi\u00e8rement arbor\u00e9 les couleurs du club vendredi soir. Chez les hommes Martin Lesueur r\u00e9alise une grande course en conservant la t\u00eate de","canonical_url":"https:\/\/bolbec-running-club.org\/?p=7345","robots":"max-image-preview:large","keywords":"","webmasterTools":{"miscellaneous":""},"schema":{"@context":"https:\/\/schema.org","@graph":[{"@type":"BlogPosting","@id":"https:\/\/bolbec-running-club.org\/?p=7345#blogposting","name":"Un week-end charg\u00e9 pour les coureurs du BRC - Bolbec-Running-Club","headline":"Un week-end charg\u00e9 pour les coureurs du  BRC","author":{"@id":"https:\/\/bolbec-running-club.org\/?author=1#author"},"publisher":{"@id":"https:\/\/bolbec-running-club.org\/#organization"},"image":{"@type":"ImageObject","url":"https:\/\/bolbec-running-club.org\/wp-content\/uploads\/2026\/06\/DSC_3953-scaled.jpg","width":2560,"height":1707},"datePublished":"2026-06-07T20:30:12+00:00","dateModified":"2026-06-07T20:31:14+00:00","inLanguage":"fr-FR","mainEntityOfPage":{"@id":"https:\/\/bolbec-running-club.org\/?p=7345#webpage"},"isPartOf":{"@id":"https:\/\/bolbec-running-club.org\/?p=7345#webpage"},"articleSection":"Article comp\u00e9tition"},{"@type":"BreadcrumbList","@id":"https:\/\/bolbec-running-club.org\/?p=7345#breadcrumblist","itemListElement":[{"@type":"ListItem","@id":"https:\/\/bolbec-running-club.org#listItem","position":1,"name":"Domicile","item":"https:\/\/bolbec-running-club.org","nextItem":{"@type":"ListItem","@id":"https:\/\/bolbec-running-club.org\/?cat=1#listItem","name":"Article comp\u00e9tition"}},{"@type":"ListItem","@id":"https:\/\/bolbec-running-club.org\/?cat=1#listItem","position":2,"name":"Article comp\u00e9tition","item":"https:\/\/bolbec-running-club.org\/?cat=1","nextItem":{"@type":"ListItem","@id":"https:\/\/bolbec-running-club.org\/?p=7345#listItem","name":"Un week-end charg\u00e9 pour les coureurs du  BRC"},"previousItem":{"@type":"ListItem","@id":"https:\/\/bolbec-running-club.org#listItem","name":"Domicile"}},{"@type":"ListItem","@id":"https:\/\/bolbec-running-club.org\/?p=7345#listItem","position":3,"name":"Un week-end charg\u00e9 pour les coureurs du  BRC","previousItem":{"@type":"ListItem","@id":"https:\/\/bolbec-running-club.org\/?cat=1#listItem","name":"Article comp\u00e9tition"}}]},{"@type":"Organization","@id":"https:\/\/bolbec-running-club.org\/#organization","name":"Bolbec-Running-Club","description":"Club d'athl\u00e9tisme","url":"https:\/\/bolbec-running-club.org\/","telephone":"+33629787023","logo":{"@type":"ImageObject","url":"https:\/\/bolbec-running-club.org\/wp-content\/uploads\/2024\/03\/cropped-1-1-1.jpg","@id":"https:\/\/bolbec-running-club.org\/?p=7345\/#organizationLogo","width":2000,"height":2000},"image":{"@id":"https:\/\/bolbec-running-club.org\/?p=7345\/#organizationLogo"}},{"@type":"Person","@id":"https:\/\/bolbec-running-club.org\/?author=1#author","url":"https:\/\/bolbec-running-club.org\/?author=1","name":"Florian"},{"@type":"WebPage","@id":"https:\/\/bolbec-running-club.org\/?p=7345#webpage","url":"https:\/\/bolbec-running-club.org\/?p=7345","name":"Un week-end charg\u00e9 pour les coureurs du BRC - Bolbec-Running-Club","description":"Pr\u00e9sents sur six \u00e9preuves ce week-end, les coureurs du Bolbec Running Club ont une nouvelle fois port\u00e9 haut les couleurs du club. La F\u00eal\u00e9e Gourmande, \u00e0 Bolbec \u00c0 domicile, nos 20 coureurs ont fi\u00e8rement arbor\u00e9 les couleurs du club vendredi soir. Chez les hommes Martin Lesueur r\u00e9alise une grande course en conservant la t\u00eate de","inLanguage":"fr-FR","isPartOf":{"@id":"https:\/\/bolbec-running-club.org\/#website"},"breadcrumb":{"@id":"https:\/\/bolbec-running-club.org\/?p=7345#breadcrumblist"},"author":{"@id":"https:\/\/bolbec-running-club.org\/?author=1#author"},"creator":{"@id":"https:\/\/bolbec-running-club.org\/?author=1#author"},"image":{"@type":"ImageObject","url":"https:\/\/bolbec-running-club.org\/wp-content\/uploads\/2026\/06\/DSC_3953-scaled.jpg","@id":"https:\/\/bolbec-running-club.org\/?p=7345\/#mainImage","width":2560,"height":1707},"primaryImageOfPage":{"@id":"https:\/\/bolbec-running-club.org\/?p=7345#mainImage"},"datePublished":"2026-06-07T20:30:12+00:00","dateModified":"2026-06-07T20:31:14+00:00"},{"@type":"WebSite","@id":"https:\/\/bolbec-running-club.org\/#website","url":"https:\/\/bolbec-running-club.org\/","name":"Bolbec-Running-Club","description":"Club d'athl\u00e9tisme","inLanguage":"fr-FR","publisher":{"@id":"https:\/\/bolbec-running-club.org\/#organization"}}]},"og:locale":"fr_FR","og:site_name":"Bolbec-Running-Club - Club d'athl\u00e9tisme","og:type":"article","og:title":"Un week-end charg\u00e9 pour les coureurs du BRC - Bolbec-Running-Club","og:description":"Pr\u00e9sents sur six \u00e9preuves ce week-end, les coureurs du Bolbec Running Club ont une nouvelle fois port\u00e9 haut les couleurs du club. La F\u00eal\u00e9e Gourmande, \u00e0 Bolbec \u00c0 domicile, nos 20 coureurs ont fi\u00e8rement arbor\u00e9 les couleurs du club vendredi soir. Chez les hommes Martin Lesueur r\u00e9alise une grande course en conservant la t\u00eate de","og:url":"https:\/\/bolbec-running-club.org\/?p=7345","og:image":"https:\/\/bolbec-running-club.org\/wp-content\/uploads\/2026\/06\/DSC_3953-scaled.jpg","og:image:secure_url":"https:\/\/bolbec-running-club.org\/wp-content\/uploads\/2026\/06\/DSC_3953-scaled.jpg","og:image:width":"2560","og:image:height":"1707","article:published_time":"2026-06-07T20:30:12+00:00","article:modified_time":"2026-06-07T20:31:14+00:00","twitter:card":"summary_large_image","twitter:title":"Un week-end charg\u00e9 pour les coureurs du BRC - Bolbec-Running-Club","twitter:description":"Pr\u00e9sents sur six \u00e9preuves ce week-end, les coureurs du Bolbec Running Club ont une nouvelle fois port\u00e9 haut les couleurs du club. La F\u00eal\u00e9e Gourmande, \u00e0 Bolbec \u00c0 domicile, nos 20 coureurs ont fi\u00e8rement arbor\u00e9 les couleurs du club vendredi soir. Chez les hommes Martin Lesueur r\u00e9alise une grande course en conservant la t\u00eate de","twitter:image":"https:\/\/bolbec-running-club.org\/wp-content\/uploads\/2026\/06\/DSC_3953-scaled.jpg"},"aioseo_meta_data":{"post_id":"7345","title":null,"description":null,"keywords":null,"keyphrases":{"focus":{"keyphrase":"","score":0,"analysis":{"keyphraseInTitle":{"score":0,"maxScore":9,"error":1}}},"additional":[]},"primary_term":null,"canonical_url":null,"og_title":null,"og_description":null,"og_object_type":"default","og_image_type":"featured","og_image_url":"https:\/\/bolbec-running-club.org\/wp-content\/uploads\/2026\/06\/DSC_3953-scaled.jpg","og_image_width":"2560","og_image_height":"1707","og_image_custom_url":null,"og_image_custom_fields":null,"og_video":"","og_custom_url":null,"og_article_section":null,"og_article_tags":null,"twitter_use_og":false,"twitter_card":"default","twitter_image_type":"default","twitter_image_url":null,"twitter_image_custom_url":null,"twitter_image_custom_fields":null,"twitter_title":null,"twitter_description":null,"schema":{"blockGraphs":[],"customGraphs":[],"default":{"data":{"Article":[],"Course":[],"Dataset":[],"FAQPage":[],"Movie":[],"Person":[],"Product":[],"ProductReview":[],"Car":[],"Recipe":[],"Service":[],"SoftwareApplication":[],"WebPage":[]},"graphName":"BlogPosting","isEnabled":true},"graphs":[]},"schema_type":"default","schema_type_options":null,"pillar_content":false,"robots_default":true,"robots_noindex":false,"robots_noarchive":false,"robots_nosnippet":false,"robots_nofollow":false,"robots_noimageindex":false,"robots_noodp":false,"robots_notranslate":false,"robots_max_snippet":"-1","robots_max_videopreview":"-1","robots_max_imagepreview":"large","priority":null,"frequency":"default","local_seo":null,"breadcrumb_settings":null,"limit_modified_date":false,"ai":{"faqs":[],"keyPoints":[],"schemas":[],"titles":[],"descriptions":[],"socialPosts":{"email":[],"linkedin":[],"twitter":[],"facebook":[],"instagram":[]}},"created":"2026-06-07 20:30:12","updated":"2026-06-08 15:01:52","seo_analyzer_scan_date":null,"focus_keyword":null,"additional_keywords":null,"truseo_locale":null},"aioseo_breadcrumb":"<div class=\"aioseo-breadcrumbs\"><span class=\"aioseo-breadcrumb\">\n\t\t\t<a href=\"https:\/\/bolbec-running-club.org\" title=\"Domicile\">Domicile<\/a>\n\t\t<\/span><span class=\"aioseo-breadcrumb-separator\">&raquo;<\/span><span class=\"aioseo-breadcrumb\">\n\t\t\t<a href=\"https:\/\/bolbec-running-club.org\/?cat=1\" title=\"Article comp\u00e9tition\">Article comp\u00e9tition<\/a>\n\t\t<\/span><span class=\"aioseo-breadcrumb-separator\">&raquo;<\/span><span class=\"aioseo-breadcrumb\">\n\t\t\tUn week-end charg\u00e9 pour les coureurs du  BRC\n\t\t<\/span><\/div>","aioseo_breadcrumb_json":[{"label":"Domicile","link":"https:\/\/bolbec-running-club.org"},{"label":"Article comp\u00e9tition","link":"https:\/\/bolbec-running-club.org\/?cat=1"},{"label":"Un week-end charg\u00e9 pour les coureurs du  BRC","link":"https:\/\/bolbec-running-club.org\/?p=7345"}],"jetpack_featured_media_url":"https:\/\/bolbec-running-club.org\/wp-content\/uploads\/2026\/06\/DSC_3953-scaled.jpg","_links":{"self":[{"href":"https:\/\/bolbec-running-club.org\/index.php?rest_route=\/wp\/v2\/posts\/7345","targetHints":{"allow":["GET"]}}],"collection":[{"href":"https:\/\/bolbec-running-club.org\/index.php?rest_route=\/wp\/v2\/posts"}],"about":[{"href":"https:\/\/bolbec-running-club.org\/index.php?rest_route=\/wp\/v2\/types\/post"}],"author":[{"embeddable":true,"href":"https:\/\/bolbec-running-club.org\/index.php?rest_route=\/wp\/v2\/users\/1"}],"replies":[{"embeddable":true,"href":"https:\/\/bolbec-running-club.org\/index.php?rest_route=%2Fwp%2Fv2%2Fcomments&post=7345"}],"version-history":[{"count":2,"href":"https:\/\/bolbec-running-club.org\/index.php?rest_route=\/wp\/v2\/posts\/7345\/revisions"}],"predecessor-version":[{"id":7348,"href":"https:\/\/bolbec-running-club.org\/index.php?rest_route=\/wp\/v2\/posts\/7345\/revisions\/7348"}],"wp:featuredmedia":[{"embeddable":true,"href":"https:\/\/bolbec-running-club.org\/index.php?rest_route=\/wp\/v2\/media\/7346"}],"wp:attachment":[{"href":"https:\/\/bolbec-running-club.org\/index.php?rest_route=%2Fwp%2Fv2%2Fmedia&parent=7345"}],"wp:term":[{"taxonomy":"category","embeddable":true,"href":"https:\/\/bolbec-running-club.org\/index.php?rest_route=%2Fwp%2Fv2%2Fcategories&post=7345"},{"taxonomy":"post_tag","embeddable":true,"href":"https:\/\/bolbec-running-club.org\/index.php?rest_route=%2Fwp%2Fv2%2Ftags&post=7345"}],"curies":[{"name":"wp","href":"https:\/\/api.w.org\/{rel}","templated":true}]}}