{"id":7186,"date":"2026-01-29T11:17:49","date_gmt":"2026-01-29T11:17:49","guid":{"rendered":"https:\/\/bolbec-running-club.org\/?p=7186"},"modified":"2026-01-29T11:26:40","modified_gmt":"2026-01-29T11:26:40","slug":"un-week-end-sportif-au-brc","status":"publish","type":"post","link":"https:\/\/bolbec-running-club.org\/?p=7186","title":{"rendered":"Un week-end sportif au BRC"},"content":{"rendered":"<p style=\"text-align: center;\">Le week-end dernier s\u2019annon\u00e7ait tr\u00e8s sportif. En effet, les soci\u00e9taires du <strong>Bolbec Running Club<\/strong> s\u2019\u00e9taient donn\u00e9 rendez-vous, ce <strong>dimanche 25 janvier<\/strong>, pour \u00e9crire une nouvelle page l\u2019histoire. Pr\u00e8s de <strong>trente coureurs<\/strong> \u00e9taient align\u00e9s sur diff\u00e9rentes \u00e9preuves, parfois m\u00eame au-del\u00e0 des fronti\u00e8res de la m\u00e9tropole\u2026<\/p>\n<p><strong><u>\u00a0L\u2019URBAN TRAIL DE LILLEBONNE\u00a0<\/u><\/strong><\/p>\n<p>Course embl\u00e9matique et populaire du pays de Caux, l\u2019Urban trail de Lillebonne a fait le plein pour sa 7<sup>\u00e8me<\/sup> \u00e9dition, malgr\u00e9 des conditions m\u00e9t\u00e9orologiques capricieuses. Avec non loin de 500 participants engag\u00e9s sur les deux \u00e9preuves de la course, le BRC n\u2019est pas pass\u00e9 inaper\u00e7u.<\/p>\n<p>D\u00e8s 9h30, ils \u00e9taient six coureurs du BRC sur la ligne de d\u00e9part pour boucler les 14 km de la premi\u00e8re \u00e9preuve.<\/p>\n<p><strong>Denis Boulay<\/strong>, de retour \u00e0 l\u2019entrainement depuis plusieurs semaines, est venu se challenger sur cette course pour \u00e9valuer la forme du moment. Il a aval\u00e9 les kilom\u00e8tres les uns apr\u00e8s les autres, tout en gardant \u00e0 l\u2019esprit la difficult\u00e9 du parcours, s\u2019offrant un joli chrono de 1h01 ainsi qu\u2019une 2<sup>\u00e8me<\/sup> place en Master 3.<\/p>\n<p>Alors qu\u2019il poursuit sa pr\u00e9pa Marathon, <strong>Jolan Lebas<\/strong> a, tout de m\u00eame, d\u00e9cid\u00e9 d\u2019enfiler les baskets pour profiter de l\u2019\u00e9mulation des courses et peaufiner son allure sur un parcours plus exigeant. Au terme d\u2019une course maitris\u00e9e, il franchit la ligne d\u2019arriv\u00e9e en 1h03, respectant ainsi l\u2019objectif qu\u2019il s\u2019\u00e9tait fix\u00e9.<\/p>\n<p>Parti prudemment, <strong>Beno\u00eet Lebair<\/strong> est venu se confronter \u00e0 la concurrence, tout en gardant en ligne de mire son objectif de fin de semaine. Il vient \u00e0 bout de l\u2019\u00e9preuve en 1h05 et termine 1<sup>er<\/sup> de sa cat\u00e9gorie.<\/p>\n<p>Quelques secondes plus t\u00f4t, <strong>Mil\u00e8ne Folliot<\/strong> s\u2019emparait de la premi\u00e8re place f\u00e9minine, marquant le retour d\u2019une certaine r\u00e9gularit\u00e9 \u00e0 l\u2019entrainement. Les autres coureuses du BRC n\u2019ont pas d\u00e9m\u00e9rit\u00e9, <strong>Mina Stitou<\/strong> se place 16<sup>\u00e8me<\/sup> au scratch avec un chrono de 1h18 et <strong>C\u00e9line Cavelier<\/strong> ach\u00e8ve sa course en 1h28, terminant 38<sup>\u00e8me<\/sup> f\u00e9minine.<\/p>\n<p>Vous pensiez en avoir fini, mais c\u2019\u00e9tait sans compter sur les coureurs du 9 km, deuxi\u00e8me course de la matin\u00e9e.<\/p>\n<p>Pour continuer sur cette belle lanc\u00e9e, une seconde athl\u00e8te aux couleurs noir, blanc et or a \u00e9t\u00e9 r\u00e9compens\u00e9e. <strong>Amandine Lanteuil Gronert<\/strong>, fi\u00e8re de son exp\u00e9rience sur route cet hiver, se hisse \u00e0 la 3<sup>\u00e8me<\/sup> marche du podium avec un super chrono de 43 min.<\/p>\n<p><strong>Pierrick Vendrand<\/strong>, quant \u00e0 lui, a su se mobiliser afin de venir \u00e0 bout de cette \u00e9preuve, malgr\u00e9 la pluie qui a point\u00e9 le bout de son nez. Il termine sa course en 37 min, un chrono prometteur au regard de sa progression.<\/p>\n<p>De m\u00eame, <strong>Maxime Bisson<\/strong> retrouve progressivement son niveau apr\u00e8s une s\u00e9rie de blessures qui lui a valu de nombreux arr\u00eats forc\u00e9s. Il boucle ce 9 km en 48 min, une premi\u00e8re \u00e9tape encourageante pour la suite.<\/p>\n<p>Enfin, comment ne pas \u00e9voquer les quelques athl\u00e8tes, <strong>Florian<\/strong>, <strong>Sandra<\/strong> et <strong>Nico<\/strong> ainsi que certain de leurs proches qui se sont port\u00e9s volontaires pour venir en aide \u00e0 l\u2019organisation en manque de b\u00e9n\u00e9voles sur le parcours. C\u2019est aussi gr\u00e2ce \u00e0 eux que la magie des courses op\u00e8re.<\/p>\n<p><strong><u>LES R\u00c9GIONAUX DE CROSS <\/u><\/strong><\/p>\n<p>Cette ann\u00e9e, les r\u00e9gionaux de cross-country se tenait \u00e0 Bernay, avec un circuit digne des grands championnats, de quoi ravir les amateurs de cette discipline. \u00c0 cette occasion, une l\u00e9gion de 16 coureurs a fait le d\u00e9placement, tous pr\u00eats \u00e0 en d\u00e9coudre avec la concurrence.<\/p>\n<p>Les hostilit\u00e9s ont d\u00e9but\u00e9 avec la course des cadettes, un peu plus de 4 km \u00e0 parcourir pour nos jeunes recrues et un d\u00e9fi \u00e0 relever pour <strong>Romane Deltour<\/strong>. Pour sa premi\u00e8re exp\u00e9rience en cross, elle a su faire preuve d\u2019une grande dext\u00e9rit\u00e9 et repart conquise par la discipline. Sa co\u00e9quipi\u00e8re, <strong>Lisa Paris<\/strong>, n\u2019en d\u00e9mord pas pour autant puisqu\u2019elle termine non loin derri\u00e8re, malgr\u00e9 son manque d\u2019entrainement. Pari relev\u00e9 pour les deux filles qui se qualifient pour les demi-finales.<\/p>\n<p>Une demi-heure plus tard, il \u00e9tait temps pour <strong>Morgane Avignon<\/strong> de s\u2019\u00e9lancer sur le parcours \u00e0 son tour. Fid\u00e8le \u00e0 elle-m\u00eame, elle s\u2019illustre par sa r\u00e9gularit\u00e9 et parvient aussi \u00e0 se qualifier avec un chrono de 22\u201938 qui pr\u00e9sage de belles performances pour l\u2019avenir.<\/p>\n<p>Quant aux hommes, ils n\u2019\u00e9taient pas moins de 6 coureurs du BRC align\u00e9s sur le d\u00e9part. <strong>David Lepiller<\/strong> termine 31<sup>\u00e8me<\/sup> avec un chrono de 14\u201924, suivi de pr\u00e8s par <strong>Martin Lesueur<\/strong> en 14\u201944. <strong>Alban Fleury<\/strong> s\u2019impose de justesse devant <strong>Th\u00e9o Gueroult<\/strong>, apr\u00e8s un sprint d\u2019anthologie sur la derni\u00e8re ligne droite. Enfin, <strong>Lucas Legendre<\/strong> et <strong>Hugo Jacques<\/strong> en terminent \u00e9galement avec la course et effectuent un chrono respectif de 15\u201947 et 20\u201935.<\/p>\n<p>En d\u00e9but d\u2019apr\u00e8s-midi, nos cadets se sont confront\u00e9s \u00e0 l\u2019\u00e9lite normande de la course \u00e0 pied chez les 16-17 ans. <strong>Johannes Pautet<\/strong> s\u2019illustre sur sa course en bouclant le parcours en 20\u201913. Ainsi, il concr\u00e9tise sa progression, ce qui est de bon augure pour la suite. Pers\u00e9v\u00e9rant et consciencieux, <strong>Nathael Blondel<\/strong> poursuit ses efforts. Il entame cette deuxi\u00e8me saison avec plus d\u2019exp\u00e9rience et termine l\u2019\u00e9preuve en 21\u2019.<\/p>\n<p>Le BRC \u00e9tait aussi repr\u00e9sent\u00e9 par nos trois juniors. <strong>Tommy Versavel<\/strong>, le premier d\u2019entre eux, \u00e9tait venu dans l\u2019optique de parfaire sa pr\u00e9paration pour la saison de piste estivale. Il remplit amplement le contrat et termine la course en 25\u201939. De son c\u00f4t\u00e9, <strong>Martin Colboc<\/strong> \u00e9tait pr\u00eat \u00e0 en d\u00e9coudre et donner le meilleur de lui-m\u00eame. Il r\u00e9alise une course maitris\u00e9e avec un beau chrono de 27\u201955. <strong>Kylian Bullock<\/strong>, quant \u00e0 lui, venait chercher sa qualification, ce qui est chose faite. Sa d\u00e9termination et sa r\u00e9gularit\u00e9 \u00e0 l\u2019entrainement montrent leur fruit, il ne cesse de s\u2019am\u00e9liorer.<\/p>\n<p>Alors que le soleil tentait difficilement de percer les nuages, <strong>Mil\u00e8ne Folliot<\/strong> et <strong>La\u00ebtitia Saussaye<\/strong> ont pris le d\u00e9part du cross long aux c\u00f4t\u00e9s d\u2019une concurrence f\u00e9roce. \u00a0Apr\u00e8s une premi\u00e8re course en d\u00e9but de matin\u00e9e, Mil\u00e8ne est simplement venue partager l\u2019enthousiasme et l\u2019esprit d\u2019\u00e9quipe v\u00e9hicul\u00e9s par ses co\u00e9quipiers. En ce qui la concerne, La\u00ebtitia voulait profiter de l\u2019engouement des championnats pour achever sa troisi\u00e8me semaine de pr\u00e9pa Marathon. Les filles ont effectu\u00e9 une course tout en maitrise et d\u00e9crochent aussi leur billet pour les demi-finales de cross-country.<\/p>\n<p><strong><u>LA MARTINIQUAISE<\/u><\/strong><\/p>\n<p><img loading=\"lazy\" decoding=\"async\" class=\" wp-image-7194 aligncenter\" src=\"https:\/\/bolbec-running-club.org\/wp-content\/uploads\/2026\/01\/CC0E50C9-648F-4E30-9409-E92B388BB704-225x300.jpeg\" alt=\"\" width=\"196\" height=\"261\" \/><\/p>\n<p>Eh oui\u00a0! Le BRC \u00e9tait aussi repr\u00e9sent\u00e9 en outre-mer ce dimanche 25 janvier\u2026 <strong>Jeanne H\u00e9ranval<\/strong>, notre jeune kin\u00e9 dipl\u00f4m\u00e9e, s\u2019est rendue en Martinique pour y travailler quelques mois et en a profit\u00e9 pour s\u2019inscrire sur une course mythique de la r\u00e9gion.<\/p>\n<p>Pr\u00e8s de 10 km \u00e0 parcourir, plus de 300 m de d\u00e9nivel\u00e9 positif et sous une chaleur \u00e9crasante, Jeanne s\u2019est \u00e9lanc\u00e9e t\u00f4t dans la matin\u00e9e, accompagn\u00e9e d\u2019une amie, pour vivre une exp\u00e9rience unique.<\/p>\n<p>Entre les sentiers rocheux, le front de mer et la for\u00eat, Jeanne a profit\u00e9 de la diversit\u00e9 des paysages qu\u2019offrent l\u2019\u00eele, tout en relevant un sacr\u00e9 d\u00e9fi sportif. Malgr\u00e9 la difficult\u00e9 du parcours, elle r\u00e9alise un joli chrono de 1h18. Bravo \u00e0 elle\u00a0!<\/p>\n<p>Les photos <a href=\"https:\/\/bolbec-running-club.org\/?page_id=7188\">ici<\/a><\/p>\n","protected":false},"excerpt":{"rendered":"<p>Le week-end dernier s\u2019annon\u00e7ait tr\u00e8s sportif. En effet, les soci\u00e9taires du Bolbec Running Club s\u2019\u00e9taient donn\u00e9 rendez-vous, ce dimanche 25 janvier, pour \u00e9crire une nouvelle page l\u2019histoire. Pr\u00e8s de trente coureurs \u00e9taient align\u00e9s sur diff\u00e9rentes \u00e9preuves, parfois m\u00eame au-del\u00e0 des fronti\u00e8res de la m\u00e9tropole\u2026 \u00a0L\u2019URBAN TRAIL DE LILLEBONNE\u00a0 Course embl\u00e9matique et populaire du pays de [&hellip;]<\/p>\n","protected":false},"author":1,"featured_media":6892,"comment_status":"open","ping_status":"open","sticky":false,"template":"","format":"standard","meta":{"_et_pb_use_builder":"","_et_pb_old_content":"","_et_gb_content_width":"","footnotes":""},"categories":[1],"tags":[],"class_list":["post-7186","post","type-post","status-publish","format-standard","has-post-thumbnail","hentry","category-article-competition"],"aioseo_notices":[],"jetpack_featured_media_url":"https:\/\/bolbec-running-club.org\/wp-content\/uploads\/2026\/01\/DSC_7623-scaled.jpg","_links":{"self":[{"href":"https:\/\/bolbec-running-club.org\/index.php?rest_route=\/wp\/v2\/posts\/7186","targetHints":{"allow":["GET"]}}],"collection":[{"href":"https:\/\/bolbec-running-club.org\/index.php?rest_route=\/wp\/v2\/posts"}],"about":[{"href":"https:\/\/bolbec-running-club.org\/index.php?rest_route=\/wp\/v2\/types\/post"}],"author":[{"embeddable":true,"href":"https:\/\/bolbec-running-club.org\/index.php?rest_route=\/wp\/v2\/users\/1"}],"replies":[{"embeddable":true,"href":"https:\/\/bolbec-running-club.org\/index.php?rest_route=%2Fwp%2Fv2%2Fcomments&post=7186"}],"version-history":[{"count":3,"href":"https:\/\/bolbec-running-club.org\/index.php?rest_route=\/wp\/v2\/posts\/7186\/revisions"}],"predecessor-version":[{"id":7195,"href":"https:\/\/bolbec-running-club.org\/index.php?rest_route=\/wp\/v2\/posts\/7186\/revisions\/7195"}],"wp:featuredmedia":[{"embeddable":true,"href":"https:\/\/bolbec-running-club.org\/index.php?rest_route=\/wp\/v2\/media\/6892"}],"wp:attachment":[{"href":"https:\/\/bolbec-running-club.org\/index.php?rest_route=%2Fwp%2Fv2%2Fmedia&parent=7186"}],"wp:term":[{"taxonomy":"category","embeddable":true,"href":"https:\/\/bolbec-running-club.org\/index.php?rest_route=%2Fwp%2Fv2%2Fcategories&post=7186"},{"taxonomy":"post_tag","embeddable":true,"href":"https:\/\/bolbec-running-club.org\/index.php?rest_route=%2Fwp%2Fv2%2Ftags&post=7186"}],"curies":[{"name":"wp","href":"https:\/\/api.w.org\/{rel}","templated":true}]}}