{"id":6092,"date":"2025-07-13T16:58:16","date_gmt":"2025-07-13T16:58:16","guid":{"rendered":"https:\/\/bolbec-running-club.org\/?p=6092"},"modified":"2025-07-13T17:00:14","modified_gmt":"2025-07-13T17:00:14","slug":"a-quand-la-fin-de-saison","status":"publish","type":"post","link":"https:\/\/bolbec-running-club.org\/?p=6092","title":{"rendered":"\u00c0 quand la fin de saison ?"},"content":{"rendered":"<p data-start=\"159\" data-end=\"462\">Il y a 7 jours, le BRC devait officiellement cl\u00f4turer sa saison\u2026 mais l\u2019\u00e9mulation d\u2019un groupe passionn\u00e9 en a d\u00e9cid\u00e9 autrement. Un <em data-start=\"289\" data-end=\"304\">avant-dernier<\/em> rendez-vous s\u2019est donc improvis\u00e9, et c\u2019est \u00e0 Yvetot que nos coureurs ont pos\u00e9 leurs baskets pour l\u2019une des derni\u00e8res courses de l\u2019ann\u00e9e, organis\u00e9e par l\u2019AYA.<\/p>\n<p data-start=\"464\" data-end=\"732\">Deux distances au programme : 5 km et 10 km, avec un d\u00e9part commun \u00e0 10h. Et d\u00e8s les premiers m\u00e8tres, Nicolas Poret prend les devants avec le groupe de t\u00eate sur le 5 km. \u00c0 l\u2019arriv\u00e9e, une superbe <strong data-start=\"659\" data-end=\"671\">2\u1d49 place<\/strong> pour lui, confirmant un \u00e9tat de forme retrouv\u00e9. Bravo Nico !<\/p>\n<p data-start=\"734\" data-end=\"965\">Derri\u00e8re, \u00e0 la <strong data-start=\"749\" data-end=\"762\">10\u1d49 place<\/strong>, on retrouve <strong data-start=\"776\" data-end=\"790\">Ewen Talec<\/strong>, venu faire tourner les jambes une derni\u00e8re fois. En 19\u201920, notre cadet termine sa saison avec un bagage d\u2019exp\u00e9rience solide et d\u00e9j\u00e0 des objectifs en t\u00eate pour l\u2019an prochain.<\/p>\n<p data-start=\"967\" data-end=\"1174\"><strong data-start=\"967\" data-end=\"975\">JOJO<\/strong> \u2013 Johannes Paulet \u2013 notre chouchou minime, a enfin couru \u00ab avec les grands \u00bb. Une belle premi\u00e8re sur 5 km, avec un bel effort aux c\u00f4t\u00e9s d\u2019Ewen et une <strong data-start=\"1126\" data-end=\"1139\">13\u1d49 place<\/strong> prometteuse \u00e0 la cl\u00e9. Bravo Jojo !<\/p>\n<p data-start=\"1176\" data-end=\"1403\"><strong data-start=\"1176\" data-end=\"1192\">Hugo Jacques<\/strong>, lui, termine une saison d\u2019apprentissage. R\u00e9gulier \u00e0 l\u2019entra\u00eenement, il a beaucoup appris cette ann\u00e9e. Sa progression laisse pr\u00e9sager de tr\u00e8s belles choses pour l\u2019avenir. Le mental est l\u00e0, les chronos suivront.<\/p>\n<p data-start=\"1405\" data-end=\"1469\">C\u00f4t\u00e9 filles, elles n\u2019\u00e9taient pas venues faire de la figuration :<\/p>\n<ul data-start=\"1470\" data-end=\"1878\">\n<li data-start=\"1470\" data-end=\"1605\">\n<p data-start=\"1472\" data-end=\"1605\"><strong data-start=\"1472\" data-end=\"1489\">Caroline S\u00e9ry<\/strong> s\u2019impose chez les femmes, tout en s\u2019amusant. On a h\u00e2te de la revoir sur de belles courses avec de grands objectifs.<\/p>\n<\/li>\n<li data-start=\"1606\" data-end=\"1757\">\n<p data-start=\"1608\" data-end=\"1757\"><strong data-start=\"1608\" data-end=\"1629\">Estelle Bellanger<\/strong>, fatigu\u00e9e d\u2019une saison longue et intense, prend une superbe <strong data-start=\"1690\" data-end=\"1702\">3\u1d49 place<\/strong> f\u00e9minine, juste derri\u00e8re sa partenaire d\u2019entra\u00eenement.<\/p>\n<\/li>\n<li data-start=\"1758\" data-end=\"1878\">\n<p data-start=\"1760\" data-end=\"1878\"><strong data-start=\"1760\" data-end=\"1781\">Laetitia Saussaye<\/strong>, notre doyenne du jour, termine <strong data-start=\"1814\" data-end=\"1827\">3\u1d49 master<\/strong> et rentre dans le <strong data-start=\"1846\" data-end=\"1856\">Top 30<\/strong>. Une vraie battante !<\/p>\n<\/li>\n<\/ul>\n<p data-start=\"1880\" data-end=\"2373\">Sur le 10 km, <strong data-start=\"1894\" data-end=\"1912\">David Lepiller<\/strong> continue de monter en puissance et s\u2019offre une tr\u00e8s belle <strong data-start=\"1971\" data-end=\"1983\">2\u1d49 place<\/strong>.<br data-start=\"1984\" data-end=\"1987\" \/><strong data-start=\"1987\" data-end=\"2005\">Jessy Gueroult<\/strong>, g\u00ean\u00e9 par la chaleur, a pr\u00e9f\u00e9r\u00e9 lever le pied pour savourer l\u2019instant et passe la ligne dans le <strong data-start=\"2102\" data-end=\"2112\">Top 15<\/strong>.<br data-start=\"2113\" data-end=\"2116\" \/><strong data-start=\"2116\" data-end=\"2134\">Kylian Bullock<\/strong> flirte avec le <strong data-start=\"2150\" data-end=\"2160\">Top 30<\/strong> : une superbe saison pour sa premi\u00e8re ann\u00e9e d\u2019athl\u00e9.<br data-start=\"2213\" data-end=\"2216\" \/><strong data-start=\"2216\" data-end=\"2235\">Natha\u00ebl Blondel<\/strong> d\u00e9couvre qu\u2019on ne teste pas ses chaussures le jour J\u2026 Une douleur au pied a frein\u00e9 sa course, mais quelle saison pour notre jeune cadet !<\/p>\n<p data-start=\"2375\" data-end=\"2598\">Et que dire de <strong data-start=\"2390\" data-end=\"2408\">Mil\u00e8ne Folliot<\/strong> ? Une course ultra ma\u00eetris\u00e9e en <strong data-start=\"2441\" data-end=\"2448\">42\u2019<\/strong>, confirmant sa mont\u00e9e en puissance. L\u2019an prochain, elle visera clairement les championnats de France sur 5 km, 10 km et semi. La machine est lanc\u00e9e !<\/p>\n<p data-start=\"2600\" data-end=\"3254\">Enfin, comment ne pas terminer par la <strong data-start=\"2638\" data-end=\"2659\">sensation du jour<\/strong> : <strong data-start=\"2662\" data-end=\"2680\">Tommy Versavel<\/strong>.<br data-start=\"2681\" data-end=\"2684\" \/>Apr\u00e8s 4 ann\u00e9es d\u2019athl\u00e9tisme, il valide une saison exceptionnelle. R\u00e9gulier, rigoureux, attentif \u00e0 ses entra\u00eeneurs, il incarne parfaitement les valeurs du club. Performant en cross, sur piste et sur route, Tommy termine en apoth\u00e9ose avec une <strong data-start=\"2925\" data-end=\"2944\">1\u02b3\u1d49 place cadet<\/strong> sur ce 5 km en <strong data-start=\"2960\" data-end=\"2969\">17\u201930<\/strong>.<br data-start=\"2970\" data-end=\"2973\" \/>Un chrono canon, \u00e0 quelques secondes seulement des minimas A juniors (17\u201915) (Chrono \u00e0 faire en course \u00e0 label) pour les championnats de France. Et dire qu\u2019il y a encore quelques mois, cela semblait hors de port\u00e9e\u2026 Le travail paie. Un immense merci \u00e0 <strong data-start=\"3189\" data-end=\"3201\">Gr\u00e9goire<\/strong>, son li\u00e8vre du jour, pour cette belle collaboration.<\/p>\n<hr data-start=\"3256\" data-end=\"3259\" \/>\n<p data-start=\"3261\" data-end=\"3413\"><strong data-start=\"3264\" data-end=\"3313\">Bilan du d\u00e9placement : 10 podiums pour le BRC<\/strong>, le troph\u00e9e du <strong data-start=\"3329\" data-end=\"3356\">club le plus repr\u00e9sent\u00e9<\/strong>, des sourires, de la sueur et une sacr\u00e9e dose de fiert\u00e9.<\/p>\n<p data-start=\"3415\" data-end=\"3512\">Bravo \u00e0 toutes et tous. Repos m\u00e9rit\u00e9 (ou pas ?) et \u00e0 tr\u00e8s vite pour la suite de l\u2019aventure !<\/p>\n","protected":false},"excerpt":{"rendered":"<p>Il y a 7 jours, le BRC devait officiellement cl\u00f4turer sa saison\u2026 mais l\u2019\u00e9mulation d\u2019un groupe passionn\u00e9 en a d\u00e9cid\u00e9 autrement. Un avant-dernier rendez-vous s\u2019est donc improvis\u00e9, et c\u2019est \u00e0 Yvetot que nos coureurs ont pos\u00e9 leurs baskets pour l\u2019une des derni\u00e8res courses de l\u2019ann\u00e9e, organis\u00e9e par l\u2019AYA. Deux distances au programme : 5 km [&hellip;]<\/p>\n","protected":false},"author":1,"featured_media":6095,"comment_status":"open","ping_status":"open","sticky":false,"template":"","format":"standard","meta":{"_et_pb_use_builder":"","_et_pb_old_content":"","_et_gb_content_width":"","footnotes":"","jetpack_post_was_ever_published":false},"categories":[1],"tags":[],"class_list":["post-6092","post","type-post","status-publish","format-standard","has-post-thumbnail","hentry","category-article-competition"],"aioseo_notices":[],"aioseo_head":"\n\t\t<!-- All in One SEO 5.0.1.1 - aioseo.com -->\n\t<meta name=\"description\" content=\"Il y a 7 jours, le BRC devait officiellement cl\u00f4turer sa saison\u2026 mais l\u2019\u00e9mulation d\u2019un groupe passionn\u00e9 en a d\u00e9cid\u00e9 autrement. Un avant-dernier rendez-vous s\u2019est donc improvis\u00e9, et c\u2019est \u00e0 Yvetot que nos coureurs ont pos\u00e9 leurs baskets pour l\u2019une des derni\u00e8res courses de l\u2019ann\u00e9e, organis\u00e9e par l\u2019AYA. Deux distances au programme : 5 km\" \/>\n\t<meta name=\"robots\" content=\"max-image-preview:large\" \/>\n\t<meta name=\"author\" content=\"Florian\"\/>\n\t<link rel=\"canonical\" href=\"https:\/\/bolbec-running-club.org\/?p=6092\" \/>\n\t<meta name=\"generator\" content=\"All in One SEO (AIOSEO) 5.0.1.1\" \/>\n\t\t<meta property=\"og:locale\" content=\"fr_FR\" \/>\n\t\t<meta property=\"og:site_name\" content=\"Bolbec-Running-Club - Club d&#039;athl\u00e9tisme\" \/>\n\t\t<meta property=\"og:type\" content=\"article\" \/>\n\t\t<meta property=\"og:title\" content=\"\u00c0 quand la fin de saison ? - Bolbec-Running-Club\" \/>\n\t\t<meta property=\"og:description\" content=\"Il y a 7 jours, le BRC devait officiellement cl\u00f4turer sa saison\u2026 mais l\u2019\u00e9mulation d\u2019un groupe passionn\u00e9 en a d\u00e9cid\u00e9 autrement. Un avant-dernier rendez-vous s\u2019est donc improvis\u00e9, et c\u2019est \u00e0 Yvetot que nos coureurs ont pos\u00e9 leurs baskets pour l\u2019une des derni\u00e8res courses de l\u2019ann\u00e9e, organis\u00e9e par l\u2019AYA. Deux distances au programme : 5 km\" \/>\n\t\t<meta property=\"og:url\" content=\"https:\/\/bolbec-running-club.org\/?p=6092\" \/>\n\t\t<meta property=\"og:image\" content=\"https:\/\/bolbec-running-club.org\/wp-content\/uploads\/2025\/07\/IMG_5010-scaled.jpeg\" \/>\n\t\t<meta property=\"og:image:secure_url\" content=\"https:\/\/bolbec-running-club.org\/wp-content\/uploads\/2025\/07\/IMG_5010-scaled.jpeg\" \/>\n\t\t<meta property=\"og:image:width\" content=\"2560\" \/>\n\t\t<meta property=\"og:image:height\" content=\"1920\" \/>\n\t\t<meta property=\"article:published_time\" content=\"2025-07-13T16:58:16+00:00\" \/>\n\t\t<meta property=\"article:modified_time\" content=\"2025-07-13T17:00:14+00:00\" \/>\n\t\t<meta name=\"twitter:card\" content=\"summary_large_image\" \/>\n\t\t<meta name=\"twitter:title\" content=\"\u00c0 quand la fin de saison ? - Bolbec-Running-Club\" \/>\n\t\t<meta name=\"twitter:description\" content=\"Il y a 7 jours, le BRC devait officiellement cl\u00f4turer sa saison\u2026 mais l\u2019\u00e9mulation d\u2019un groupe passionn\u00e9 en a d\u00e9cid\u00e9 autrement. Un avant-dernier rendez-vous s\u2019est donc improvis\u00e9, et c\u2019est \u00e0 Yvetot que nos coureurs ont pos\u00e9 leurs baskets pour l\u2019une des derni\u00e8res courses de l\u2019ann\u00e9e, organis\u00e9e par l\u2019AYA. Deux distances au programme : 5 km\" \/>\n\t\t<meta name=\"twitter:image\" content=\"https:\/\/bolbec-running-club.org\/wp-content\/uploads\/2025\/07\/IMG_5010-scaled.jpeg\" \/>\n\t\t<script type=\"application\/ld+json\" class=\"aioseo-schema\">\n\t\t\t{\"@context\":\"https:\\\/\\\/schema.org\",\"@graph\":[{\"@type\":\"BlogPosting\",\"@id\":\"https:\\\/\\\/bolbec-running-club.org\\\/?p=6092#blogposting\",\"name\":\"\\u00c0 quand la fin de saison ? - Bolbec-Running-Club\",\"headline\":\"\\u00c0 quand la fin de saison ?\",\"author\":{\"@id\":\"https:\\\/\\\/bolbec-running-club.org\\\/?author=1#author\"},\"publisher\":{\"@id\":\"https:\\\/\\\/bolbec-running-club.org\\\/#organization\"},\"image\":{\"@type\":\"ImageObject\",\"url\":\"https:\\\/\\\/bolbec-running-club.org\\\/wp-content\\\/uploads\\\/2025\\\/07\\\/IMG_5010-scaled.jpeg\",\"width\":2560,\"height\":1920},\"datePublished\":\"2025-07-13T16:58:16+00:00\",\"dateModified\":\"2025-07-13T17:00:14+00:00\",\"inLanguage\":\"fr-FR\",\"mainEntityOfPage\":{\"@id\":\"https:\\\/\\\/bolbec-running-club.org\\\/?p=6092#webpage\"},\"isPartOf\":{\"@id\":\"https:\\\/\\\/bolbec-running-club.org\\\/?p=6092#webpage\"},\"articleSection\":\"Article comp\\u00e9tition\"},{\"@type\":\"BreadcrumbList\",\"@id\":\"https:\\\/\\\/bolbec-running-club.org\\\/?p=6092#breadcrumblist\",\"itemListElement\":[{\"@type\":\"ListItem\",\"@id\":\"https:\\\/\\\/bolbec-running-club.org#listItem\",\"position\":1,\"name\":\"Domicile\",\"item\":\"https:\\\/\\\/bolbec-running-club.org\",\"nextItem\":{\"@type\":\"ListItem\",\"@id\":\"https:\\\/\\\/bolbec-running-club.org\\\/?cat=1#listItem\",\"name\":\"Article comp\\u00e9tition\"}},{\"@type\":\"ListItem\",\"@id\":\"https:\\\/\\\/bolbec-running-club.org\\\/?cat=1#listItem\",\"position\":2,\"name\":\"Article comp\\u00e9tition\",\"item\":\"https:\\\/\\\/bolbec-running-club.org\\\/?cat=1\",\"nextItem\":{\"@type\":\"ListItem\",\"@id\":\"https:\\\/\\\/bolbec-running-club.org\\\/?p=6092#listItem\",\"name\":\"\\u00c0 quand la fin de saison ?\"},\"previousItem\":{\"@type\":\"ListItem\",\"@id\":\"https:\\\/\\\/bolbec-running-club.org#listItem\",\"name\":\"Domicile\"}},{\"@type\":\"ListItem\",\"@id\":\"https:\\\/\\\/bolbec-running-club.org\\\/?p=6092#listItem\",\"position\":3,\"name\":\"\\u00c0 quand la fin de saison ?\",\"previousItem\":{\"@type\":\"ListItem\",\"@id\":\"https:\\\/\\\/bolbec-running-club.org\\\/?cat=1#listItem\",\"name\":\"Article comp\\u00e9tition\"}}]},{\"@type\":\"Organization\",\"@id\":\"https:\\\/\\\/bolbec-running-club.org\\\/#organization\",\"name\":\"Bolbec-Running-Club\",\"description\":\"Club d'athl\\u00e9tisme\",\"url\":\"https:\\\/\\\/bolbec-running-club.org\\\/\",\"telephone\":\"+33629787023\",\"logo\":{\"@type\":\"ImageObject\",\"url\":\"https:\\\/\\\/bolbec-running-club.org\\\/wp-content\\\/uploads\\\/2024\\\/03\\\/cropped-1-1-1.jpg\",\"@id\":\"https:\\\/\\\/bolbec-running-club.org\\\/?p=6092\\\/#organizationLogo\",\"width\":2000,\"height\":2000},\"image\":{\"@id\":\"https:\\\/\\\/bolbec-running-club.org\\\/?p=6092\\\/#organizationLogo\"}},{\"@type\":\"Person\",\"@id\":\"https:\\\/\\\/bolbec-running-club.org\\\/?author=1#author\",\"url\":\"https:\\\/\\\/bolbec-running-club.org\\\/?author=1\",\"name\":\"Florian\"},{\"@type\":\"WebPage\",\"@id\":\"https:\\\/\\\/bolbec-running-club.org\\\/?p=6092#webpage\",\"url\":\"https:\\\/\\\/bolbec-running-club.org\\\/?p=6092\",\"name\":\"\\u00c0 quand la fin de saison ? - Bolbec-Running-Club\",\"description\":\"Il y a 7 jours, le BRC devait officiellement cl\\u00f4turer sa saison\\u2026 mais l\\u2019\\u00e9mulation d\\u2019un groupe passionn\\u00e9 en a d\\u00e9cid\\u00e9 autrement. Un avant-dernier rendez-vous s\\u2019est donc improvis\\u00e9, et c\\u2019est \\u00e0 Yvetot que nos coureurs ont pos\\u00e9 leurs baskets pour l\\u2019une des derni\\u00e8res courses de l\\u2019ann\\u00e9e, organis\\u00e9e par l\\u2019AYA. Deux distances au programme : 5 km\",\"inLanguage\":\"fr-FR\",\"isPartOf\":{\"@id\":\"https:\\\/\\\/bolbec-running-club.org\\\/#website\"},\"breadcrumb\":{\"@id\":\"https:\\\/\\\/bolbec-running-club.org\\\/?p=6092#breadcrumblist\"},\"author\":{\"@id\":\"https:\\\/\\\/bolbec-running-club.org\\\/?author=1#author\"},\"creator\":{\"@id\":\"https:\\\/\\\/bolbec-running-club.org\\\/?author=1#author\"},\"image\":{\"@type\":\"ImageObject\",\"url\":\"https:\\\/\\\/bolbec-running-club.org\\\/wp-content\\\/uploads\\\/2025\\\/07\\\/IMG_5010-scaled.jpeg\",\"@id\":\"https:\\\/\\\/bolbec-running-club.org\\\/?p=6092\\\/#mainImage\",\"width\":2560,\"height\":1920},\"primaryImageOfPage\":{\"@id\":\"https:\\\/\\\/bolbec-running-club.org\\\/?p=6092#mainImage\"},\"datePublished\":\"2025-07-13T16:58:16+00:00\",\"dateModified\":\"2025-07-13T17:00:14+00:00\"},{\"@type\":\"WebSite\",\"@id\":\"https:\\\/\\\/bolbec-running-club.org\\\/#website\",\"url\":\"https:\\\/\\\/bolbec-running-club.org\\\/\",\"name\":\"Bolbec-Running-Club\",\"description\":\"Club d'athl\\u00e9tisme\",\"inLanguage\":\"fr-FR\",\"publisher\":{\"@id\":\"https:\\\/\\\/bolbec-running-club.org\\\/#organization\"}}]}\n\t\t<\/script>\n\t\t<!-- All in One SEO -->\n\n","aioseo_head_json":{"title":"\u00c0 quand la fin de saison ? - Bolbec-Running-Club","description":"Il y a 7 jours, le BRC devait officiellement cl\u00f4turer sa saison\u2026 mais l\u2019\u00e9mulation d\u2019un groupe passionn\u00e9 en a d\u00e9cid\u00e9 autrement. Un avant-dernier rendez-vous s\u2019est donc improvis\u00e9, et c\u2019est \u00e0 Yvetot que nos coureurs ont pos\u00e9 leurs baskets pour l\u2019une des derni\u00e8res courses de l\u2019ann\u00e9e, organis\u00e9e par l\u2019AYA. Deux distances au programme : 5 km","canonical_url":"https:\/\/bolbec-running-club.org\/?p=6092","robots":"max-image-preview:large","keywords":"","webmasterTools":{"miscellaneous":""},"schema":{"@context":"https:\/\/schema.org","@graph":[{"@type":"BlogPosting","@id":"https:\/\/bolbec-running-club.org\/?p=6092#blogposting","name":"\u00c0 quand la fin de saison ? - Bolbec-Running-Club","headline":"\u00c0 quand la fin de saison ?","author":{"@id":"https:\/\/bolbec-running-club.org\/?author=1#author"},"publisher":{"@id":"https:\/\/bolbec-running-club.org\/#organization"},"image":{"@type":"ImageObject","url":"https:\/\/bolbec-running-club.org\/wp-content\/uploads\/2025\/07\/IMG_5010-scaled.jpeg","width":2560,"height":1920},"datePublished":"2025-07-13T16:58:16+00:00","dateModified":"2025-07-13T17:00:14+00:00","inLanguage":"fr-FR","mainEntityOfPage":{"@id":"https:\/\/bolbec-running-club.org\/?p=6092#webpage"},"isPartOf":{"@id":"https:\/\/bolbec-running-club.org\/?p=6092#webpage"},"articleSection":"Article comp\u00e9tition"},{"@type":"BreadcrumbList","@id":"https:\/\/bolbec-running-club.org\/?p=6092#breadcrumblist","itemListElement":[{"@type":"ListItem","@id":"https:\/\/bolbec-running-club.org#listItem","position":1,"name":"Domicile","item":"https:\/\/bolbec-running-club.org","nextItem":{"@type":"ListItem","@id":"https:\/\/bolbec-running-club.org\/?cat=1#listItem","name":"Article comp\u00e9tition"}},{"@type":"ListItem","@id":"https:\/\/bolbec-running-club.org\/?cat=1#listItem","position":2,"name":"Article comp\u00e9tition","item":"https:\/\/bolbec-running-club.org\/?cat=1","nextItem":{"@type":"ListItem","@id":"https:\/\/bolbec-running-club.org\/?p=6092#listItem","name":"\u00c0 quand la fin de saison ?"},"previousItem":{"@type":"ListItem","@id":"https:\/\/bolbec-running-club.org#listItem","name":"Domicile"}},{"@type":"ListItem","@id":"https:\/\/bolbec-running-club.org\/?p=6092#listItem","position":3,"name":"\u00c0 quand la fin de saison ?","previousItem":{"@type":"ListItem","@id":"https:\/\/bolbec-running-club.org\/?cat=1#listItem","name":"Article comp\u00e9tition"}}]},{"@type":"Organization","@id":"https:\/\/bolbec-running-club.org\/#organization","name":"Bolbec-Running-Club","description":"Club d'athl\u00e9tisme","url":"https:\/\/bolbec-running-club.org\/","telephone":"+33629787023","logo":{"@type":"ImageObject","url":"https:\/\/bolbec-running-club.org\/wp-content\/uploads\/2024\/03\/cropped-1-1-1.jpg","@id":"https:\/\/bolbec-running-club.org\/?p=6092\/#organizationLogo","width":2000,"height":2000},"image":{"@id":"https:\/\/bolbec-running-club.org\/?p=6092\/#organizationLogo"}},{"@type":"Person","@id":"https:\/\/bolbec-running-club.org\/?author=1#author","url":"https:\/\/bolbec-running-club.org\/?author=1","name":"Florian"},{"@type":"WebPage","@id":"https:\/\/bolbec-running-club.org\/?p=6092#webpage","url":"https:\/\/bolbec-running-club.org\/?p=6092","name":"\u00c0 quand la fin de saison ? - Bolbec-Running-Club","description":"Il y a 7 jours, le BRC devait officiellement cl\u00f4turer sa saison\u2026 mais l\u2019\u00e9mulation d\u2019un groupe passionn\u00e9 en a d\u00e9cid\u00e9 autrement. Un avant-dernier rendez-vous s\u2019est donc improvis\u00e9, et c\u2019est \u00e0 Yvetot que nos coureurs ont pos\u00e9 leurs baskets pour l\u2019une des derni\u00e8res courses de l\u2019ann\u00e9e, organis\u00e9e par l\u2019AYA. Deux distances au programme : 5 km","inLanguage":"fr-FR","isPartOf":{"@id":"https:\/\/bolbec-running-club.org\/#website"},"breadcrumb":{"@id":"https:\/\/bolbec-running-club.org\/?p=6092#breadcrumblist"},"author":{"@id":"https:\/\/bolbec-running-club.org\/?author=1#author"},"creator":{"@id":"https:\/\/bolbec-running-club.org\/?author=1#author"},"image":{"@type":"ImageObject","url":"https:\/\/bolbec-running-club.org\/wp-content\/uploads\/2025\/07\/IMG_5010-scaled.jpeg","@id":"https:\/\/bolbec-running-club.org\/?p=6092\/#mainImage","width":2560,"height":1920},"primaryImageOfPage":{"@id":"https:\/\/bolbec-running-club.org\/?p=6092#mainImage"},"datePublished":"2025-07-13T16:58:16+00:00","dateModified":"2025-07-13T17:00:14+00:00"},{"@type":"WebSite","@id":"https:\/\/bolbec-running-club.org\/#website","url":"https:\/\/bolbec-running-club.org\/","name":"Bolbec-Running-Club","description":"Club d'athl\u00e9tisme","inLanguage":"fr-FR","publisher":{"@id":"https:\/\/bolbec-running-club.org\/#organization"}}]},"og:locale":"fr_FR","og:site_name":"Bolbec-Running-Club - Club d'athl\u00e9tisme","og:type":"article","og:title":"\u00c0 quand la fin de saison ? - Bolbec-Running-Club","og:description":"Il y a 7 jours, le BRC devait officiellement cl\u00f4turer sa saison\u2026 mais l\u2019\u00e9mulation d\u2019un groupe passionn\u00e9 en a d\u00e9cid\u00e9 autrement. Un avant-dernier rendez-vous s\u2019est donc improvis\u00e9, et c\u2019est \u00e0 Yvetot que nos coureurs ont pos\u00e9 leurs baskets pour l\u2019une des derni\u00e8res courses de l\u2019ann\u00e9e, organis\u00e9e par l\u2019AYA. Deux distances au programme : 5 km","og:url":"https:\/\/bolbec-running-club.org\/?p=6092","og:image":"https:\/\/bolbec-running-club.org\/wp-content\/uploads\/2025\/07\/IMG_5010-scaled.jpeg","og:image:secure_url":"https:\/\/bolbec-running-club.org\/wp-content\/uploads\/2025\/07\/IMG_5010-scaled.jpeg","og:image:width":"2560","og:image:height":"1920","article:published_time":"2025-07-13T16:58:16+00:00","article:modified_time":"2025-07-13T17:00:14+00:00","twitter:card":"summary_large_image","twitter:title":"\u00c0 quand la fin de saison ? - Bolbec-Running-Club","twitter:description":"Il y a 7 jours, le BRC devait officiellement cl\u00f4turer sa saison\u2026 mais l\u2019\u00e9mulation d\u2019un groupe passionn\u00e9 en a d\u00e9cid\u00e9 autrement. Un avant-dernier rendez-vous s\u2019est donc improvis\u00e9, et c\u2019est \u00e0 Yvetot que nos coureurs ont pos\u00e9 leurs baskets pour l\u2019une des derni\u00e8res courses de l\u2019ann\u00e9e, organis\u00e9e par l\u2019AYA. Deux distances au programme : 5 km","twitter:image":"https:\/\/bolbec-running-club.org\/wp-content\/uploads\/2025\/07\/IMG_5010-scaled.jpeg"},"aioseo_meta_data":{"post_id":"6092","title":null,"description":null,"keywords":null,"keyphrases":{"focus":{"keyphrase":"","score":0,"analysis":{"keyphraseInTitle":{"score":0,"maxScore":9,"error":1}}},"additional":[]},"primary_term":null,"canonical_url":null,"og_title":null,"og_description":null,"og_object_type":"default","og_image_type":"featured","og_image_url":"https:\/\/bolbec-running-club.org\/wp-content\/uploads\/2025\/07\/IMG_5010-scaled.jpeg","og_image_width":"2560","og_image_height":"1920","og_image_custom_url":null,"og_image_custom_fields":null,"og_video":"","og_custom_url":null,"og_article_section":null,"og_article_tags":null,"twitter_use_og":false,"twitter_card":"default","twitter_image_type":"default","twitter_image_url":null,"twitter_image_custom_url":null,"twitter_image_custom_fields":null,"twitter_title":null,"twitter_description":null,"schema":{"blockGraphs":[],"customGraphs":[],"default":{"data":{"Article":[],"Course":[],"Dataset":[],"FAQPage":[],"Movie":[],"Person":[],"Product":[],"ProductReview":[],"Car":[],"Recipe":[],"Service":[],"SoftwareApplication":[],"WebPage":[]},"graphName":"BlogPosting","isEnabled":true},"graphs":[]},"schema_type":"default","schema_type_options":null,"pillar_content":false,"robots_default":true,"robots_noindex":false,"robots_noarchive":false,"robots_nosnippet":false,"robots_nofollow":false,"robots_noimageindex":false,"robots_noodp":false,"robots_notranslate":false,"robots_max_snippet":"-1","robots_max_videopreview":"-1","robots_max_imagepreview":"large","priority":null,"frequency":"default","local_seo":null,"breadcrumb_settings":null,"limit_modified_date":false,"ai":{"faqs":[],"keyPoints":[],"titles":[],"descriptions":[],"socialPosts":{"email":[],"linkedin":[],"twitter":[],"facebook":[],"instagram":[]}},"created":"2025-07-13 16:58:16","updated":"2025-07-13 17:15:46","seo_analyzer_scan_date":null,"focus_keyword":null,"additional_keywords":null,"truseo_locale":null},"aioseo_breadcrumb":"<div class=\"aioseo-breadcrumbs\"><span class=\"aioseo-breadcrumb\">\n\t\t\t<a href=\"https:\/\/bolbec-running-club.org\" title=\"Domicile\">Domicile<\/a>\n\t\t<\/span><span class=\"aioseo-breadcrumb-separator\">&raquo;<\/span><span class=\"aioseo-breadcrumb\">\n\t\t\t<a href=\"https:\/\/bolbec-running-club.org\/?cat=1\" title=\"Article comp\u00e9tition\">Article comp\u00e9tition<\/a>\n\t\t<\/span><span class=\"aioseo-breadcrumb-separator\">&raquo;<\/span><span class=\"aioseo-breadcrumb\">\n\t\t\t\u00c0 quand la fin de saison ?\n\t\t<\/span><\/div>","aioseo_breadcrumb_json":[{"label":"Domicile","link":"https:\/\/bolbec-running-club.org"},{"label":"Article comp\u00e9tition","link":"https:\/\/bolbec-running-club.org\/?cat=1"},{"label":"\u00c0 quand la fin de saison ?","link":"https:\/\/bolbec-running-club.org\/?p=6092"}],"jetpack_featured_media_url":"https:\/\/bolbec-running-club.org\/wp-content\/uploads\/2025\/07\/IMG_5010-scaled.jpeg","_links":{"self":[{"href":"https:\/\/bolbec-running-club.org\/index.php?rest_route=\/wp\/v2\/posts\/6092","targetHints":{"allow":["GET"]}}],"collection":[{"href":"https:\/\/bolbec-running-club.org\/index.php?rest_route=\/wp\/v2\/posts"}],"about":[{"href":"https:\/\/bolbec-running-club.org\/index.php?rest_route=\/wp\/v2\/types\/post"}],"author":[{"embeddable":true,"href":"https:\/\/bolbec-running-club.org\/index.php?rest_route=\/wp\/v2\/users\/1"}],"replies":[{"embeddable":true,"href":"https:\/\/bolbec-running-club.org\/index.php?rest_route=%2Fwp%2Fv2%2Fcomments&post=6092"}],"version-history":[{"count":2,"href":"https:\/\/bolbec-running-club.org\/index.php?rest_route=\/wp\/v2\/posts\/6092\/revisions"}],"predecessor-version":[{"id":6094,"href":"https:\/\/bolbec-running-club.org\/index.php?rest_route=\/wp\/v2\/posts\/6092\/revisions\/6094"}],"wp:featuredmedia":[{"embeddable":true,"href":"https:\/\/bolbec-running-club.org\/index.php?rest_route=\/wp\/v2\/media\/6095"}],"wp:attachment":[{"href":"https:\/\/bolbec-running-club.org\/index.php?rest_route=%2Fwp%2Fv2%2Fmedia&parent=6092"}],"wp:term":[{"taxonomy":"category","embeddable":true,"href":"https:\/\/bolbec-running-club.org\/index.php?rest_route=%2Fwp%2Fv2%2Fcategories&post=6092"},{"taxonomy":"post_tag","embeddable":true,"href":"https:\/\/bolbec-running-club.org\/index.php?rest_route=%2Fwp%2Fv2%2Ftags&post=6092"}],"curies":[{"name":"wp","href":"https:\/\/api.w.org\/{rel}","templated":true}]}}