{"id":6085,"date":"2025-07-06T12:52:23","date_gmt":"2025-07-06T12:52:23","guid":{"rendered":"https:\/\/bolbec-running-club.org\/?p=6085"},"modified":"2025-07-06T13:00:45","modified_gmt":"2025-07-06T13:00:45","slug":"6085","status":"publish","type":"post","link":"https:\/\/bolbec-running-club.org\/?p=6085","title":{"rendered":"6 courses, 6 d\u00e9fis : une saison en apoth\u00e9ose pour le BRC"},"content":{"rendered":"<p>Le BRC termine sa saison en beaut\u00e9 : 6 courses, 6 lieux, 6 d\u00e9fis, 6 moments !<\/p>\n<p>Le Touquet \u2013 Corse \u2013 Caudebec en Caux -Pont Audemer &#8211; Bolbec \u2013 Bad Essen (Allemagne)<\/p>\n<p>Nos coureurs ont encore fait briller les couleurs du <strong>Bolbec Running Club<\/strong> aux quatre coins de la France\u2026 et m\u00eame au-del\u00e0 !<\/p>\n<p>\ufe0f <strong>Trail de Tavignanu \u2013 Corse<\/strong><\/p>\n<p>C\u00e9line Cavelier et son mari S\u00e9bastien se sont \u00e9lanc\u00e9s \u00e0 la d\u00e9couverte des magnifiques sentiers corses.<\/p>\n<p>C\u00e9line, fid\u00e8le \u00e0 sa philosophie du plaisir et de la d\u00e9couverte, boucle les 34 km en 9h, avec le sourire malgr\u00e9 la difficult\u00e9.<\/p>\n<p>S\u00e9bastien, de son c\u00f4t\u00e9, termine en 6h45.<\/p>\n<p>Bravo \u00e0 tous les deux pour cette belle \u00e9chapp\u00e9e insulaire !<\/p>\n<p><strong>La F\u00eal\u00e9e Gourmande \u2013 Bolbec<\/strong><\/p>\n<p>\u00c0 domicile, 8 irr\u00e9ductibles du BRC ont r\u00e9pondu pr\u00e9sents malgr\u00e9 le changement de date de cette course organis\u00e9e au profit des Jeunes Sapeurs-Pompiers. Une belle symbolique, puisque nous partageons avec eux de beaux moments toute l\u2019ann\u00e9e.<\/p>\n<p>Kylian Bullock, en pleine progression, signe un chrono de 52\u2019 sur 10 km et 350D+, et monte sur la 2e marche du podium junior !<\/p>\n<p>Martin Colboc termine 2e cadet et retrouve du plaisir sur ce trail urbain.<\/p>\n<p>Martin Lesueur, incertain \u00e0 cause d\u2019un mollet fragile, termine 3e au scratch. Une belle fin de saison pour lui, pleine de promesses pour la suite !<\/p>\n<p><strong>Semi-marathon du Touquet<\/strong><\/p>\n<p>Dorian Morel boucle sa saison sans pression.<\/p>\n<p>Parti sur un bon tempo, il profite 15 km de plaisir, puis l\u00e8ve le pied pour laisser d\u00e9rouler et savourer l\u2019instant.<\/p>\n<p>Il termine en 1h20, avec le sourire. Bravo Dorian !<\/p>\n<p><strong>Trail du Mascaret :<\/strong><\/p>\n<p>Jessy Gueroult \u00e9tait pr\u00e9sent et voulait briller pour le BRC, mais une erreur de balisage lui fera parcourir presque 3 km de plus que la distance pr\u00e9vue. R\u00e9sultat : un classement hors du top 10 malgr\u00e9 une tr\u00e8s bonne forme affich\u00e9e.<\/p>\n<p>Jessy \u00e9tait pourtant en jambes sur ce parcours exigeant, trac\u00e9 sur les beaux sentiers de chez lui, \u00e0 Caudebec-en-Caux. Une course frustrante mais prometteuse. La forme est l\u00e0, ce n\u2019est que partie remise !<\/p>\n<p><strong>Pont-Audemer :<\/strong><\/p>\n<p>Ewen Talec avait coch\u00e9 cette date depuis longtemps. Pour lui, ce 5 km repr\u00e9sentait une \u00e9tape vers les championnats de France. Il fallait passer par l\u00e0, sortir un chrono, et continuer \u00e0 construire pour les R\u00e9gionaux de septembre.<\/p>\n<p>Le Job est fait : notre cadet signe un record personnel en 18\u201948.<\/p>\n<p>Il faudra encore gagner une minute pour esp\u00e9rer d\u00e9crocher le billet pour les France en octobre, mais la dynamique est lanc\u00e9e. Bravo Ewen, tu es sur la bonne voie !<\/p>\n<p><strong>Bad Essen \u2013 Allemagne<\/strong><\/p>\n<p>Dernier gros d\u00e9placement de la saison pour le BRC, avec 18 athl\u00e8tes invit\u00e9s par nos amis allemands. Objectif annonc\u00e9 : briller sur le 3 km et le 10 km. \u2705 Mission accomplie.<\/p>\n<p>3 km :<\/p>\n<p>Lucas Legendre termine 2e<\/p>\n<p>4\ufe0f\u20e3 G\u00e9rald Avignon impressionne avec une 4e place<\/p>\n<p>6\ufe0f\u20e3 Th\u00e9o Gueroult compl\u00e8te ce beau tir group\u00e9<\/p>\n<p>Morgane Avignon, seule repr\u00e9sentante f\u00e9minine sur la distance, donne tout avec le sourire. Bravo \u00e0 tous !<\/p>\n<p>10 km :<\/p>\n<p>Duel au sommet entre David Lepiller et Nicolas Poret !<\/p>\n<p>Un mano \u00e0 mano haletant d\u00e8s les premiers m\u00e8tres.<\/p>\n<p>David acc\u00e9l\u00e8re dans la 2e boucle, creuse l\u2019\u00e9cart et s\u2019impose !<\/p>\n<p>Nicolas termine 2e \u00e0 20 secondes. Quelle course, Messieurs !<\/p>\n<p>Tommy Versavel, emmen\u00e9 par G\u00e9rald, explose les chronos : 35\u201926, 7e au scratch, 1er cadet. Une progression incroyable pour notre jeune coureur !<\/p>\n<p>Les perfs en rafale :<\/p>\n<p>Alban Fleury poursuit sa transition r\u00e9ussie de sprinteur \u00e0 routard.<\/p>\n<p>Pierrick Vendrand, encore marqu\u00e9 par sa Maxi Race, termine avec le sourire.<\/p>\n<p>Mil\u00e8ne Folliot claque sa meilleure course, sur les bases de 42\u201930, accompagn\u00e9e par Lucas.<\/p>\n<p>Estelle Bellanger, bien emmen\u00e9e par Th\u00e9o, g\u00e8re son effort avec pr\u00e9cision.<\/p>\n<p>Caroline Sery, seule \u00e0 l\u2019entra\u00eenement mais forte mentalement, recolle et finit fort.<\/p>\n<p>Nolia Chantrel assure une course ma\u00eetris\u00e9e.<\/p>\n<p>Laetitia Saussaye suit de pr\u00e8s notre junior.<\/p>\n<p>Morgan Legal, g\u00ean\u00e9 par l\u2019ischio, d\u00e9roule avec plaisir.<\/p>\n<p>Maxime Bisson, prudent au d\u00e9part, garde un rythme r\u00e9gulier.<\/p>\n<p>Louise Mandeville, de retour apr\u00e8s deux mois d\u2019entra\u00eenement, termine en 55\u2019. Bravo !<\/p>\n<p>Quelle fin de saison !<\/p>\n<p>Des sourires, de l\u2019engagement, des podiums et surtout un \u00e9tat d\u2019esprit irr\u00e9prochable.<\/p>\n<p>Merci \u00e0 toute la team pour ces moments de sport, de partage et de fiert\u00e9 !<\/p>\n","protected":false},"excerpt":{"rendered":"<p>Le BRC termine sa saison en beaut\u00e9 : 6 courses, 6 lieux, 6 d\u00e9fis, 6 moments ! Le Touquet \u2013 Corse \u2013 Caudebec en Caux -Pont Audemer &#8211; Bolbec \u2013 Bad Essen (Allemagne) Nos coureurs ont encore fait briller les couleurs du Bolbec Running Club aux quatre coins de la France\u2026 et m\u00eame au-del\u00e0 ! [&hellip;]<\/p>\n","protected":false},"author":1,"featured_media":6086,"comment_status":"open","ping_status":"open","sticky":false,"template":"","format":"standard","meta":{"_et_pb_use_builder":"","_et_pb_old_content":"","_et_gb_content_width":"","footnotes":"","jetpack_post_was_ever_published":false},"categories":[1],"tags":[],"class_list":["post-6085","post","type-post","status-publish","format-standard","has-post-thumbnail","hentry","category-article-competition"],"aioseo_notices":[],"aioseo_head":"\n\t\t<!-- All in One SEO 5.0.1.1 - aioseo.com -->\n\t<meta name=\"description\" content=\"Le BRC termine sa saison en beaut\u00e9 : 6 courses, 6 lieux, 6 d\u00e9fis, 6 moments ! Le Touquet \u2013 Corse \u2013 Caudebec en Caux -Pont Audemer - Bolbec \u2013 Bad Essen (Allemagne) Nos coureurs ont encore fait briller les couleurs du Bolbec Running Club aux quatre coins de la France\u2026 et m\u00eame au-del\u00e0 !\" \/>\n\t<meta name=\"robots\" content=\"max-image-preview:large\" \/>\n\t<meta name=\"author\" content=\"Florian\"\/>\n\t<link rel=\"canonical\" href=\"https:\/\/bolbec-running-club.org\/?p=6085\" \/>\n\t<meta name=\"generator\" content=\"All in One SEO (AIOSEO) 5.0.1.1\" \/>\n\t\t<meta property=\"og:locale\" content=\"fr_FR\" \/>\n\t\t<meta property=\"og:site_name\" content=\"Bolbec-Running-Club - Club d&#039;athl\u00e9tisme\" \/>\n\t\t<meta property=\"og:type\" content=\"article\" \/>\n\t\t<meta property=\"og:title\" content=\"6 courses, 6 d\u00e9fis : une saison en apoth\u00e9ose pour le BRC - Bolbec-Running-Club\" \/>\n\t\t<meta property=\"og:description\" content=\"Le BRC termine sa saison en beaut\u00e9 : 6 courses, 6 lieux, 6 d\u00e9fis, 6 moments ! Le Touquet \u2013 Corse \u2013 Caudebec en Caux -Pont Audemer - Bolbec \u2013 Bad Essen (Allemagne) Nos coureurs ont encore fait briller les couleurs du Bolbec Running Club aux quatre coins de la France\u2026 et m\u00eame au-del\u00e0 !\" \/>\n\t\t<meta property=\"og:url\" content=\"https:\/\/bolbec-running-club.org\/?p=6085\" \/>\n\t\t<meta property=\"og:image\" content=\"https:\/\/bolbec-running-club.org\/wp-content\/uploads\/2025\/07\/IMG_4894-scaled.jpeg\" \/>\n\t\t<meta property=\"og:image:secure_url\" content=\"https:\/\/bolbec-running-club.org\/wp-content\/uploads\/2025\/07\/IMG_4894-scaled.jpeg\" \/>\n\t\t<meta property=\"og:image:width\" content=\"1920\" \/>\n\t\t<meta property=\"og:image:height\" content=\"2560\" \/>\n\t\t<meta property=\"article:published_time\" content=\"2025-07-06T12:52:23+00:00\" \/>\n\t\t<meta property=\"article:modified_time\" content=\"2025-07-06T13:00:45+00:00\" \/>\n\t\t<meta name=\"twitter:card\" content=\"summary_large_image\" \/>\n\t\t<meta name=\"twitter:title\" content=\"6 courses, 6 d\u00e9fis : une saison en apoth\u00e9ose pour le BRC - Bolbec-Running-Club\" \/>\n\t\t<meta name=\"twitter:description\" content=\"Le BRC termine sa saison en beaut\u00e9 : 6 courses, 6 lieux, 6 d\u00e9fis, 6 moments ! Le Touquet \u2013 Corse \u2013 Caudebec en Caux -Pont Audemer - Bolbec \u2013 Bad Essen (Allemagne) Nos coureurs ont encore fait briller les couleurs du Bolbec Running Club aux quatre coins de la France\u2026 et m\u00eame au-del\u00e0 !\" \/>\n\t\t<meta name=\"twitter:image\" content=\"https:\/\/bolbec-running-club.org\/wp-content\/uploads\/2025\/07\/IMG_4894-scaled.jpeg\" \/>\n\t\t<script type=\"application\/ld+json\" class=\"aioseo-schema\">\n\t\t\t{\"@context\":\"https:\\\/\\\/schema.org\",\"@graph\":[{\"@type\":\"BlogPosting\",\"@id\":\"https:\\\/\\\/bolbec-running-club.org\\\/?p=6085#blogposting\",\"name\":\"6 courses, 6 d\\u00e9fis : une saison en apoth\\u00e9ose pour le BRC - Bolbec-Running-Club\",\"headline\":\"6 courses, 6 d\\u00e9fis : une saison en apoth\\u00e9ose pour le BRC\",\"author\":{\"@id\":\"https:\\\/\\\/bolbec-running-club.org\\\/?author=1#author\"},\"publisher\":{\"@id\":\"https:\\\/\\\/bolbec-running-club.org\\\/#organization\"},\"image\":{\"@type\":\"ImageObject\",\"url\":\"https:\\\/\\\/bolbec-running-club.org\\\/wp-content\\\/uploads\\\/2025\\\/07\\\/IMG_4894-scaled.jpeg\",\"width\":1920,\"height\":2560},\"datePublished\":\"2025-07-06T12:52:23+00:00\",\"dateModified\":\"2025-07-06T13:00:45+00:00\",\"inLanguage\":\"fr-FR\",\"mainEntityOfPage\":{\"@id\":\"https:\\\/\\\/bolbec-running-club.org\\\/?p=6085#webpage\"},\"isPartOf\":{\"@id\":\"https:\\\/\\\/bolbec-running-club.org\\\/?p=6085#webpage\"},\"articleSection\":\"Article comp\\u00e9tition\"},{\"@type\":\"BreadcrumbList\",\"@id\":\"https:\\\/\\\/bolbec-running-club.org\\\/?p=6085#breadcrumblist\",\"itemListElement\":[{\"@type\":\"ListItem\",\"@id\":\"https:\\\/\\\/bolbec-running-club.org#listItem\",\"position\":1,\"name\":\"Domicile\",\"item\":\"https:\\\/\\\/bolbec-running-club.org\",\"nextItem\":{\"@type\":\"ListItem\",\"@id\":\"https:\\\/\\\/bolbec-running-club.org\\\/?cat=1#listItem\",\"name\":\"Article comp\\u00e9tition\"}},{\"@type\":\"ListItem\",\"@id\":\"https:\\\/\\\/bolbec-running-club.org\\\/?cat=1#listItem\",\"position\":2,\"name\":\"Article comp\\u00e9tition\",\"item\":\"https:\\\/\\\/bolbec-running-club.org\\\/?cat=1\",\"nextItem\":{\"@type\":\"ListItem\",\"@id\":\"https:\\\/\\\/bolbec-running-club.org\\\/?p=6085#listItem\",\"name\":\"6 courses, 6 d\\u00e9fis : une saison en apoth\\u00e9ose pour le BRC\"},\"previousItem\":{\"@type\":\"ListItem\",\"@id\":\"https:\\\/\\\/bolbec-running-club.org#listItem\",\"name\":\"Domicile\"}},{\"@type\":\"ListItem\",\"@id\":\"https:\\\/\\\/bolbec-running-club.org\\\/?p=6085#listItem\",\"position\":3,\"name\":\"6 courses, 6 d\\u00e9fis : une saison en apoth\\u00e9ose pour le BRC\",\"previousItem\":{\"@type\":\"ListItem\",\"@id\":\"https:\\\/\\\/bolbec-running-club.org\\\/?cat=1#listItem\",\"name\":\"Article comp\\u00e9tition\"}}]},{\"@type\":\"Organization\",\"@id\":\"https:\\\/\\\/bolbec-running-club.org\\\/#organization\",\"name\":\"Bolbec-Running-Club\",\"description\":\"Club d'athl\\u00e9tisme\",\"url\":\"https:\\\/\\\/bolbec-running-club.org\\\/\",\"telephone\":\"+33629787023\",\"logo\":{\"@type\":\"ImageObject\",\"url\":\"https:\\\/\\\/bolbec-running-club.org\\\/wp-content\\\/uploads\\\/2024\\\/03\\\/cropped-1-1-1.jpg\",\"@id\":\"https:\\\/\\\/bolbec-running-club.org\\\/?p=6085\\\/#organizationLogo\",\"width\":2000,\"height\":2000},\"image\":{\"@id\":\"https:\\\/\\\/bolbec-running-club.org\\\/?p=6085\\\/#organizationLogo\"}},{\"@type\":\"Person\",\"@id\":\"https:\\\/\\\/bolbec-running-club.org\\\/?author=1#author\",\"url\":\"https:\\\/\\\/bolbec-running-club.org\\\/?author=1\",\"name\":\"Florian\"},{\"@type\":\"WebPage\",\"@id\":\"https:\\\/\\\/bolbec-running-club.org\\\/?p=6085#webpage\",\"url\":\"https:\\\/\\\/bolbec-running-club.org\\\/?p=6085\",\"name\":\"6 courses, 6 d\\u00e9fis : une saison en apoth\\u00e9ose pour le BRC - Bolbec-Running-Club\",\"description\":\"Le BRC termine sa saison en beaut\\u00e9 : 6 courses, 6 lieux, 6 d\\u00e9fis, 6 moments ! Le Touquet \\u2013 Corse \\u2013 Caudebec en Caux -Pont Audemer - Bolbec \\u2013 Bad Essen (Allemagne) Nos coureurs ont encore fait briller les couleurs du Bolbec Running Club aux quatre coins de la France\\u2026 et m\\u00eame au-del\\u00e0 !\",\"inLanguage\":\"fr-FR\",\"isPartOf\":{\"@id\":\"https:\\\/\\\/bolbec-running-club.org\\\/#website\"},\"breadcrumb\":{\"@id\":\"https:\\\/\\\/bolbec-running-club.org\\\/?p=6085#breadcrumblist\"},\"author\":{\"@id\":\"https:\\\/\\\/bolbec-running-club.org\\\/?author=1#author\"},\"creator\":{\"@id\":\"https:\\\/\\\/bolbec-running-club.org\\\/?author=1#author\"},\"image\":{\"@type\":\"ImageObject\",\"url\":\"https:\\\/\\\/bolbec-running-club.org\\\/wp-content\\\/uploads\\\/2025\\\/07\\\/IMG_4894-scaled.jpeg\",\"@id\":\"https:\\\/\\\/bolbec-running-club.org\\\/?p=6085\\\/#mainImage\",\"width\":1920,\"height\":2560},\"primaryImageOfPage\":{\"@id\":\"https:\\\/\\\/bolbec-running-club.org\\\/?p=6085#mainImage\"},\"datePublished\":\"2025-07-06T12:52:23+00:00\",\"dateModified\":\"2025-07-06T13:00:45+00:00\"},{\"@type\":\"WebSite\",\"@id\":\"https:\\\/\\\/bolbec-running-club.org\\\/#website\",\"url\":\"https:\\\/\\\/bolbec-running-club.org\\\/\",\"name\":\"Bolbec-Running-Club\",\"description\":\"Club d'athl\\u00e9tisme\",\"inLanguage\":\"fr-FR\",\"publisher\":{\"@id\":\"https:\\\/\\\/bolbec-running-club.org\\\/#organization\"}}]}\n\t\t<\/script>\n\t\t<!-- All in One SEO -->\n\n","aioseo_head_json":{"title":"6 courses, 6 d\u00e9fis : une saison en apoth\u00e9ose pour le BRC - Bolbec-Running-Club","description":"Le BRC termine sa saison en beaut\u00e9 : 6 courses, 6 lieux, 6 d\u00e9fis, 6 moments ! Le Touquet \u2013 Corse \u2013 Caudebec en Caux -Pont Audemer - Bolbec \u2013 Bad Essen (Allemagne) Nos coureurs ont encore fait briller les couleurs du Bolbec Running Club aux quatre coins de la France\u2026 et m\u00eame au-del\u00e0 !","canonical_url":"https:\/\/bolbec-running-club.org\/?p=6085","robots":"max-image-preview:large","keywords":"","webmasterTools":{"miscellaneous":""},"schema":{"@context":"https:\/\/schema.org","@graph":[{"@type":"BlogPosting","@id":"https:\/\/bolbec-running-club.org\/?p=6085#blogposting","name":"6 courses, 6 d\u00e9fis : une saison en apoth\u00e9ose pour le BRC - Bolbec-Running-Club","headline":"6 courses, 6 d\u00e9fis : une saison en apoth\u00e9ose pour le BRC","author":{"@id":"https:\/\/bolbec-running-club.org\/?author=1#author"},"publisher":{"@id":"https:\/\/bolbec-running-club.org\/#organization"},"image":{"@type":"ImageObject","url":"https:\/\/bolbec-running-club.org\/wp-content\/uploads\/2025\/07\/IMG_4894-scaled.jpeg","width":1920,"height":2560},"datePublished":"2025-07-06T12:52:23+00:00","dateModified":"2025-07-06T13:00:45+00:00","inLanguage":"fr-FR","mainEntityOfPage":{"@id":"https:\/\/bolbec-running-club.org\/?p=6085#webpage"},"isPartOf":{"@id":"https:\/\/bolbec-running-club.org\/?p=6085#webpage"},"articleSection":"Article comp\u00e9tition"},{"@type":"BreadcrumbList","@id":"https:\/\/bolbec-running-club.org\/?p=6085#breadcrumblist","itemListElement":[{"@type":"ListItem","@id":"https:\/\/bolbec-running-club.org#listItem","position":1,"name":"Domicile","item":"https:\/\/bolbec-running-club.org","nextItem":{"@type":"ListItem","@id":"https:\/\/bolbec-running-club.org\/?cat=1#listItem","name":"Article comp\u00e9tition"}},{"@type":"ListItem","@id":"https:\/\/bolbec-running-club.org\/?cat=1#listItem","position":2,"name":"Article comp\u00e9tition","item":"https:\/\/bolbec-running-club.org\/?cat=1","nextItem":{"@type":"ListItem","@id":"https:\/\/bolbec-running-club.org\/?p=6085#listItem","name":"6 courses, 6 d\u00e9fis : une saison en apoth\u00e9ose pour le BRC"},"previousItem":{"@type":"ListItem","@id":"https:\/\/bolbec-running-club.org#listItem","name":"Domicile"}},{"@type":"ListItem","@id":"https:\/\/bolbec-running-club.org\/?p=6085#listItem","position":3,"name":"6 courses, 6 d\u00e9fis : une saison en apoth\u00e9ose pour le BRC","previousItem":{"@type":"ListItem","@id":"https:\/\/bolbec-running-club.org\/?cat=1#listItem","name":"Article comp\u00e9tition"}}]},{"@type":"Organization","@id":"https:\/\/bolbec-running-club.org\/#organization","name":"Bolbec-Running-Club","description":"Club d'athl\u00e9tisme","url":"https:\/\/bolbec-running-club.org\/","telephone":"+33629787023","logo":{"@type":"ImageObject","url":"https:\/\/bolbec-running-club.org\/wp-content\/uploads\/2024\/03\/cropped-1-1-1.jpg","@id":"https:\/\/bolbec-running-club.org\/?p=6085\/#organizationLogo","width":2000,"height":2000},"image":{"@id":"https:\/\/bolbec-running-club.org\/?p=6085\/#organizationLogo"}},{"@type":"Person","@id":"https:\/\/bolbec-running-club.org\/?author=1#author","url":"https:\/\/bolbec-running-club.org\/?author=1","name":"Florian"},{"@type":"WebPage","@id":"https:\/\/bolbec-running-club.org\/?p=6085#webpage","url":"https:\/\/bolbec-running-club.org\/?p=6085","name":"6 courses, 6 d\u00e9fis : une saison en apoth\u00e9ose pour le BRC - Bolbec-Running-Club","description":"Le BRC termine sa saison en beaut\u00e9 : 6 courses, 6 lieux, 6 d\u00e9fis, 6 moments ! Le Touquet \u2013 Corse \u2013 Caudebec en Caux -Pont Audemer - Bolbec \u2013 Bad Essen (Allemagne) Nos coureurs ont encore fait briller les couleurs du Bolbec Running Club aux quatre coins de la France\u2026 et m\u00eame au-del\u00e0 !","inLanguage":"fr-FR","isPartOf":{"@id":"https:\/\/bolbec-running-club.org\/#website"},"breadcrumb":{"@id":"https:\/\/bolbec-running-club.org\/?p=6085#breadcrumblist"},"author":{"@id":"https:\/\/bolbec-running-club.org\/?author=1#author"},"creator":{"@id":"https:\/\/bolbec-running-club.org\/?author=1#author"},"image":{"@type":"ImageObject","url":"https:\/\/bolbec-running-club.org\/wp-content\/uploads\/2025\/07\/IMG_4894-scaled.jpeg","@id":"https:\/\/bolbec-running-club.org\/?p=6085\/#mainImage","width":1920,"height":2560},"primaryImageOfPage":{"@id":"https:\/\/bolbec-running-club.org\/?p=6085#mainImage"},"datePublished":"2025-07-06T12:52:23+00:00","dateModified":"2025-07-06T13:00:45+00:00"},{"@type":"WebSite","@id":"https:\/\/bolbec-running-club.org\/#website","url":"https:\/\/bolbec-running-club.org\/","name":"Bolbec-Running-Club","description":"Club d'athl\u00e9tisme","inLanguage":"fr-FR","publisher":{"@id":"https:\/\/bolbec-running-club.org\/#organization"}}]},"og:locale":"fr_FR","og:site_name":"Bolbec-Running-Club - Club d'athl\u00e9tisme","og:type":"article","og:title":"6 courses, 6 d\u00e9fis : une saison en apoth\u00e9ose pour le BRC - Bolbec-Running-Club","og:description":"Le BRC termine sa saison en beaut\u00e9 : 6 courses, 6 lieux, 6 d\u00e9fis, 6 moments ! Le Touquet \u2013 Corse \u2013 Caudebec en Caux -Pont Audemer - Bolbec \u2013 Bad Essen (Allemagne) Nos coureurs ont encore fait briller les couleurs du Bolbec Running Club aux quatre coins de la France\u2026 et m\u00eame au-del\u00e0 !","og:url":"https:\/\/bolbec-running-club.org\/?p=6085","og:image":"https:\/\/bolbec-running-club.org\/wp-content\/uploads\/2025\/07\/IMG_4894-scaled.jpeg","og:image:secure_url":"https:\/\/bolbec-running-club.org\/wp-content\/uploads\/2025\/07\/IMG_4894-scaled.jpeg","og:image:width":"1920","og:image:height":"2560","article:published_time":"2025-07-06T12:52:23+00:00","article:modified_time":"2025-07-06T13:00:45+00:00","twitter:card":"summary_large_image","twitter:title":"6 courses, 6 d\u00e9fis : une saison en apoth\u00e9ose pour le BRC - Bolbec-Running-Club","twitter:description":"Le BRC termine sa saison en beaut\u00e9 : 6 courses, 6 lieux, 6 d\u00e9fis, 6 moments ! Le Touquet \u2013 Corse \u2013 Caudebec en Caux -Pont Audemer - Bolbec \u2013 Bad Essen (Allemagne) Nos coureurs ont encore fait briller les couleurs du Bolbec Running Club aux quatre coins de la France\u2026 et m\u00eame au-del\u00e0 !","twitter:image":"https:\/\/bolbec-running-club.org\/wp-content\/uploads\/2025\/07\/IMG_4894-scaled.jpeg"},"aioseo_meta_data":{"post_id":"6085","title":null,"description":null,"keywords":null,"keyphrases":{"focus":{"keyphrase":"","score":0,"analysis":{"keyphraseInTitle":{"score":0,"maxScore":9,"error":1}}},"additional":[]},"primary_term":null,"canonical_url":null,"og_title":null,"og_description":null,"og_object_type":"default","og_image_type":"featured","og_image_url":"https:\/\/bolbec-running-club.org\/wp-content\/uploads\/2025\/07\/IMG_4894-scaled.jpeg","og_image_width":"1920","og_image_height":"2560","og_image_custom_url":null,"og_image_custom_fields":null,"og_video":"","og_custom_url":null,"og_article_section":null,"og_article_tags":null,"twitter_use_og":false,"twitter_card":"default","twitter_image_type":"default","twitter_image_url":null,"twitter_image_custom_url":null,"twitter_image_custom_fields":null,"twitter_title":null,"twitter_description":null,"schema":{"blockGraphs":[],"customGraphs":[],"default":{"data":{"Article":[],"Course":[],"Dataset":[],"FAQPage":[],"Movie":[],"Person":[],"Product":[],"ProductReview":[],"Car":[],"Recipe":[],"Service":[],"SoftwareApplication":[],"WebPage":[]},"graphName":"BlogPosting","isEnabled":true},"graphs":[]},"schema_type":"default","schema_type_options":null,"pillar_content":false,"robots_default":true,"robots_noindex":false,"robots_noarchive":false,"robots_nosnippet":false,"robots_nofollow":false,"robots_noimageindex":false,"robots_noodp":false,"robots_notranslate":false,"robots_max_snippet":"-1","robots_max_videopreview":"-1","robots_max_imagepreview":"large","priority":null,"frequency":"default","local_seo":null,"breadcrumb_settings":null,"limit_modified_date":false,"ai":{"faqs":[],"keyPoints":[],"titles":[],"descriptions":[],"socialPosts":{"email":[],"linkedin":[],"twitter":[],"facebook":[],"instagram":[]}},"created":"2025-07-05 16:55:48","updated":"2025-07-06 13:13:30","seo_analyzer_scan_date":null,"focus_keyword":null,"additional_keywords":null,"truseo_locale":null},"aioseo_breadcrumb":"<div class=\"aioseo-breadcrumbs\"><span class=\"aioseo-breadcrumb\">\n\t\t\t<a href=\"https:\/\/bolbec-running-club.org\" title=\"Domicile\">Domicile<\/a>\n\t\t<\/span><span class=\"aioseo-breadcrumb-separator\">&raquo;<\/span><span class=\"aioseo-breadcrumb\">\n\t\t\t<a href=\"https:\/\/bolbec-running-club.org\/?cat=1\" title=\"Article comp\u00e9tition\">Article comp\u00e9tition<\/a>\n\t\t<\/span><span class=\"aioseo-breadcrumb-separator\">&raquo;<\/span><span class=\"aioseo-breadcrumb\">\n\t\t\t6 courses, 6 d\u00e9fis : une saison en apoth\u00e9ose pour le BRC\n\t\t<\/span><\/div>","aioseo_breadcrumb_json":[{"label":"Domicile","link":"https:\/\/bolbec-running-club.org"},{"label":"Article comp\u00e9tition","link":"https:\/\/bolbec-running-club.org\/?cat=1"},{"label":"6 courses, 6 d\u00e9fis : une saison en apoth\u00e9ose pour le BRC","link":"https:\/\/bolbec-running-club.org\/?p=6085"}],"jetpack_featured_media_url":"https:\/\/bolbec-running-club.org\/wp-content\/uploads\/2025\/07\/IMG_4894-scaled.jpeg","_links":{"self":[{"href":"https:\/\/bolbec-running-club.org\/index.php?rest_route=\/wp\/v2\/posts\/6085","targetHints":{"allow":["GET"]}}],"collection":[{"href":"https:\/\/bolbec-running-club.org\/index.php?rest_route=\/wp\/v2\/posts"}],"about":[{"href":"https:\/\/bolbec-running-club.org\/index.php?rest_route=\/wp\/v2\/types\/post"}],"author":[{"embeddable":true,"href":"https:\/\/bolbec-running-club.org\/index.php?rest_route=\/wp\/v2\/users\/1"}],"replies":[{"embeddable":true,"href":"https:\/\/bolbec-running-club.org\/index.php?rest_route=%2Fwp%2Fv2%2Fcomments&post=6085"}],"version-history":[{"count":4,"href":"https:\/\/bolbec-running-club.org\/index.php?rest_route=\/wp\/v2\/posts\/6085\/revisions"}],"predecessor-version":[{"id":6090,"href":"https:\/\/bolbec-running-club.org\/index.php?rest_route=\/wp\/v2\/posts\/6085\/revisions\/6090"}],"wp:featuredmedia":[{"embeddable":true,"href":"https:\/\/bolbec-running-club.org\/index.php?rest_route=\/wp\/v2\/media\/6086"}],"wp:attachment":[{"href":"https:\/\/bolbec-running-club.org\/index.php?rest_route=%2Fwp%2Fv2%2Fmedia&parent=6085"}],"wp:term":[{"taxonomy":"category","embeddable":true,"href":"https:\/\/bolbec-running-club.org\/index.php?rest_route=%2Fwp%2Fv2%2Fcategories&post=6085"},{"taxonomy":"post_tag","embeddable":true,"href":"https:\/\/bolbec-running-club.org\/index.php?rest_route=%2Fwp%2Fv2%2Ftags&post=6085"}],"curies":[{"name":"wp","href":"https:\/\/api.w.org\/{rel}","templated":true}]}}