{"id":6069,"date":"2025-06-27T09:00:09","date_gmt":"2025-06-27T09:00:09","guid":{"rendered":"https:\/\/bolbec-running-club.org\/?p=6069"},"modified":"2025-06-25T07:22:17","modified_gmt":"2025-06-25T07:22:17","slug":"clap-de-fin-pour-luc-ouf-une-saison-marquee-par-la-regularite-et-le-mental","status":"publish","type":"post","link":"https:\/\/bolbec-running-club.org\/?p=6069","title":{"rendered":"Clap de fin pour Luc Ouf : une saison marqu\u00e9e par la r\u00e9gularit\u00e9 et le mental"},"content":{"rendered":"<p data-start=\"303\" data-end=\"571\">C\u2019est d\u00e9sormais officiel : <strong data-start=\"330\" data-end=\"341\">Luc Ouf<\/strong> a boucl\u00e9 son dernier 10 km de la saison. Une saison intense, exigeante, mais surtout tr\u00e8s prometteuse pour cet athl\u00e8te discret et appliqu\u00e9, dont les entra\u00eenements ont r\u00e9guli\u00e8rement impressionn\u00e9 par leur rigueur et leur constance.<\/p>\n<h3 data-start=\"573\" data-end=\"612\">Une qu\u00eate de performance contrari\u00e9e<\/h3>\n<p data-start=\"614\" data-end=\"1156\">Luc cherchait depuis plusieurs mois <strong data-start=\"650\" data-end=\"667\">le bon chrono<\/strong>, celui qui refl\u00e9terait pleinement son potentiel. Mais entre des conditions m\u00e9t\u00e9o rarement id\u00e9ales et des sensations parfois en demi-teinte, il n\u2019a pas encore trouv\u00e9 <strong data-start=\"833\" data-end=\"854\">le moment parfait<\/strong> pour s\u2019exprimer totalement. Pourtant, une chose est s\u00fbre : il est d\u00e9sormais <strong data-start=\"931\" data-end=\"985\">d\u2019une r\u00e9gularit\u00e9 remarquable autour des 34 minutes<\/strong>. Une performance qui, \u00e0 force d\u2019\u00eatre r\u00e9p\u00e9t\u00e9e, semble presque devenue une formalit\u00e9 pour lui\u2026 Mais ne nous y trompons pas : il a encore une <strong data-start=\"1125\" data-end=\"1155\">large marge de progression<\/strong>.<\/p>\n<h3 data-start=\"1158\" data-end=\"1184\">Dernier d\u00e9fi \u00e0 Langeux<\/h3>\n<p data-start=\"1186\" data-end=\"1615\">Pour cette derni\u00e8re course de la saison, Luc n\u2019a pas choisi la facilit\u00e9. Direction <strong data-start=\"1269\" data-end=\"1280\">Langeux<\/strong>, sur un <strong data-start=\"1289\" data-end=\"1310\">10 km tr\u00e8s relev\u00e9<\/strong>, pour <strong data-start=\"1317\" data-end=\"1349\">sortir de sa zone de confort<\/strong>. Une course \u00e0 20h45, mais une chaleur toujours bien pr\u00e9sente malgr\u00e9 l\u2019heure tardive. Comme souvent cette saison, <strong data-start=\"1463\" data-end=\"1503\">les conditions ne seront pas id\u00e9ales<\/strong>. D\u2019autant que Luc, g\u00ean\u00e9 par une douleur \u00e0 l\u2019ischio-jambier, a d\u00fb lever le pied dix jours durant sa pr\u00e9paration.<\/p>\n<p data-start=\"1617\" data-end=\"2002\">Malgr\u00e9 cela, <strong data-start=\"1630\" data-end=\"1657\">il est pr\u00eat mentalement<\/strong>. Et \u00e7a change tout. Luc attaque fort, <strong data-start=\"1696\" data-end=\"1731\">prend des risques d\u00e8s le d\u00e9part<\/strong>, s\u2019approche de la limite\u2026 mais tient. Parce que c\u2019est aussi \u00e7a le 10 km : un effort court, mais terriblement long \u00e0 vivre \u00e0 fond. Il franchit la ligne en <strong data-start=\"1886\" data-end=\"1895\">33\u201954<\/strong>. Une nouvelle performance sous les 34 minutes, preuve de sa <strong data-start=\"1956\" data-end=\"2001\">solidit\u00e9 et de son mental \u00e0 toute \u00e9preuve<\/strong>.<\/p>\n<h3 data-start=\"2004\" data-end=\"2033\">Une saison 2024 \u00e0 retenir<\/h3>\n<p data-start=\"2035\" data-end=\"2388\">Au-del\u00e0 de cette r\u00e9gularit\u00e9 impressionnante sur 10 km, c\u2019est bien son <strong data-start=\"2105\" data-end=\"2134\">exploit sur semi-marathon<\/strong> qui restera <strong data-start=\"2147\" data-end=\"2177\">le temps fort de sa saison<\/strong>. En septembre 2024, \u00e0 <strong data-start=\"2200\" data-end=\"2209\">Rouen<\/strong>, Luc signe un chrono canon : <strong data-start=\"2239\" data-end=\"2250\">1h14\u201921<\/strong>, se classant <strong data-start=\"2264\" data-end=\"2302\">13e sur plus de 3 200 participants<\/strong>. Une performance de r\u00e9f\u00e9rence, \u00e0 la hauteur de son investissement et de ses qualit\u00e9s.<\/p>\n<hr data-start=\"2390\" data-end=\"2393\" \/>\n<h3 data-start=\"2395\" data-end=\"2438\">Place au repos\u2026 en attendant la rentr\u00e9e<\/h3>\n<p data-start=\"2440\" data-end=\"2667\">Apr\u00e8s une telle saison, <strong data-start=\"2464\" data-end=\"2492\">le repos est bien m\u00e9rit\u00e9<\/strong>. Mais une chose est s\u00fbre : Luc reviendra avec <strong data-start=\"2539\" data-end=\"2575\">l\u2019envie d\u2019aller encore plus haut<\/strong>, fort de cette r\u00e9gularit\u00e9 d\u00e9sormais acquise et de l\u2019exp\u00e9rience accumul\u00e9e sur chaque course.<\/p>\n<p data-start=\"2669\" data-end=\"2774\"><strong data-start=\"2669\" data-end=\"2774\">Bravo Luc pour cette belle saison ! Bon repos et rendez-vous \u00e0 la rentr\u00e9e, plus d\u00e9termin\u00e9 que jamais.<\/strong><\/p>\n","protected":false},"excerpt":{"rendered":"<p>C\u2019est d\u00e9sormais officiel : Luc Ouf a boucl\u00e9 son dernier 10 km de la saison. Une saison intense, exigeante, mais surtout tr\u00e8s prometteuse pour cet athl\u00e8te discret et appliqu\u00e9, dont les entra\u00eenements ont r\u00e9guli\u00e8rement impressionn\u00e9 par leur rigueur et leur constance. Une qu\u00eate de performance contrari\u00e9e Luc cherchait depuis plusieurs mois le bon chrono, celui [&hellip;]<\/p>\n","protected":false},"author":1,"featured_media":4702,"comment_status":"open","ping_status":"open","sticky":false,"template":"","format":"standard","meta":{"_et_pb_use_builder":"","_et_pb_old_content":"","_et_gb_content_width":"","footnotes":"","jetpack_post_was_ever_published":false},"categories":[1],"tags":[],"class_list":["post-6069","post","type-post","status-publish","format-standard","has-post-thumbnail","hentry","category-article-competition"],"aioseo_notices":[],"aioseo_head":"\n\t\t<!-- All in One SEO 5.0.1.1 - aioseo.com -->\n\t<meta name=\"description\" content=\"C\u2019est d\u00e9sormais officiel : Luc Ouf a boucl\u00e9 son dernier 10 km de la saison. Une saison intense, exigeante, mais surtout tr\u00e8s prometteuse pour cet athl\u00e8te discret et appliqu\u00e9, dont les entra\u00eenements ont r\u00e9guli\u00e8rement impressionn\u00e9 par leur rigueur et leur constance. Une qu\u00eate de performance contrari\u00e9e Luc cherchait depuis plusieurs mois le bon chrono, celui\" \/>\n\t<meta name=\"robots\" content=\"max-image-preview:large\" \/>\n\t<meta name=\"author\" content=\"Florian\"\/>\n\t<link rel=\"canonical\" href=\"https:\/\/bolbec-running-club.org\/?p=6069\" \/>\n\t<meta name=\"generator\" content=\"All in One SEO (AIOSEO) 5.0.1.1\" \/>\n\t\t<meta property=\"og:locale\" content=\"fr_FR\" \/>\n\t\t<meta property=\"og:site_name\" content=\"Bolbec-Running-Club - Club d&#039;athl\u00e9tisme\" \/>\n\t\t<meta property=\"og:type\" content=\"article\" \/>\n\t\t<meta property=\"og:title\" content=\"Clap de fin pour Luc Ouf : une saison marqu\u00e9e par la r\u00e9gularit\u00e9 et le mental - Bolbec-Running-Club\" \/>\n\t\t<meta property=\"og:description\" content=\"C\u2019est d\u00e9sormais officiel : Luc Ouf a boucl\u00e9 son dernier 10 km de la saison. Une saison intense, exigeante, mais surtout tr\u00e8s prometteuse pour cet athl\u00e8te discret et appliqu\u00e9, dont les entra\u00eenements ont r\u00e9guli\u00e8rement impressionn\u00e9 par leur rigueur et leur constance. Une qu\u00eate de performance contrari\u00e9e Luc cherchait depuis plusieurs mois le bon chrono, celui\" \/>\n\t\t<meta property=\"og:url\" content=\"https:\/\/bolbec-running-club.org\/?p=6069\" \/>\n\t\t<meta property=\"og:image\" content=\"https:\/\/bolbec-running-club.org\/wp-content\/uploads\/2025\/03\/DSC_7733-scaled.jpg\" \/>\n\t\t<meta property=\"og:image:secure_url\" content=\"https:\/\/bolbec-running-club.org\/wp-content\/uploads\/2025\/03\/DSC_7733-scaled.jpg\" \/>\n\t\t<meta property=\"og:image:width\" content=\"1707\" \/>\n\t\t<meta property=\"og:image:height\" content=\"2560\" \/>\n\t\t<meta property=\"article:published_time\" content=\"2025-06-27T09:00:09+00:00\" \/>\n\t\t<meta property=\"article:modified_time\" content=\"2025-06-25T07:22:17+00:00\" \/>\n\t\t<meta name=\"twitter:card\" content=\"summary_large_image\" \/>\n\t\t<meta name=\"twitter:title\" content=\"Clap de fin pour Luc Ouf : une saison marqu\u00e9e par la r\u00e9gularit\u00e9 et le mental - Bolbec-Running-Club\" \/>\n\t\t<meta name=\"twitter:description\" content=\"C\u2019est d\u00e9sormais officiel : Luc Ouf a boucl\u00e9 son dernier 10 km de la saison. Une saison intense, exigeante, mais surtout tr\u00e8s prometteuse pour cet athl\u00e8te discret et appliqu\u00e9, dont les entra\u00eenements ont r\u00e9guli\u00e8rement impressionn\u00e9 par leur rigueur et leur constance. Une qu\u00eate de performance contrari\u00e9e Luc cherchait depuis plusieurs mois le bon chrono, celui\" \/>\n\t\t<meta name=\"twitter:image\" content=\"https:\/\/bolbec-running-club.org\/wp-content\/uploads\/2025\/03\/DSC_7733-scaled.jpg\" \/>\n\t\t<script type=\"application\/ld+json\" class=\"aioseo-schema\">\n\t\t\t{\"@context\":\"https:\\\/\\\/schema.org\",\"@graph\":[{\"@type\":\"BlogPosting\",\"@id\":\"https:\\\/\\\/bolbec-running-club.org\\\/?p=6069#blogposting\",\"name\":\"Clap de fin pour Luc Ouf : une saison marqu\\u00e9e par la r\\u00e9gularit\\u00e9 et le mental - Bolbec-Running-Club\",\"headline\":\"Clap de fin pour Luc Ouf : une saison marqu\\u00e9e par la r\\u00e9gularit\\u00e9 et le mental\",\"author\":{\"@id\":\"https:\\\/\\\/bolbec-running-club.org\\\/?author=1#author\"},\"publisher\":{\"@id\":\"https:\\\/\\\/bolbec-running-club.org\\\/#organization\"},\"image\":{\"@type\":\"ImageObject\",\"url\":\"https:\\\/\\\/bolbec-running-club.org\\\/wp-content\\\/uploads\\\/2025\\\/03\\\/DSC_7733-scaled.jpg\",\"width\":1707,\"height\":2560},\"datePublished\":\"2025-06-27T09:00:09+00:00\",\"dateModified\":\"2025-06-25T07:22:17+00:00\",\"inLanguage\":\"fr-FR\",\"commentCount\":2,\"mainEntityOfPage\":{\"@id\":\"https:\\\/\\\/bolbec-running-club.org\\\/?p=6069#webpage\"},\"isPartOf\":{\"@id\":\"https:\\\/\\\/bolbec-running-club.org\\\/?p=6069#webpage\"},\"articleSection\":\"Article comp\\u00e9tition\"},{\"@type\":\"BreadcrumbList\",\"@id\":\"https:\\\/\\\/bolbec-running-club.org\\\/?p=6069#breadcrumblist\",\"itemListElement\":[{\"@type\":\"ListItem\",\"@id\":\"https:\\\/\\\/bolbec-running-club.org#listItem\",\"position\":1,\"name\":\"Domicile\",\"item\":\"https:\\\/\\\/bolbec-running-club.org\",\"nextItem\":{\"@type\":\"ListItem\",\"@id\":\"https:\\\/\\\/bolbec-running-club.org\\\/?cat=1#listItem\",\"name\":\"Article comp\\u00e9tition\"}},{\"@type\":\"ListItem\",\"@id\":\"https:\\\/\\\/bolbec-running-club.org\\\/?cat=1#listItem\",\"position\":2,\"name\":\"Article comp\\u00e9tition\",\"item\":\"https:\\\/\\\/bolbec-running-club.org\\\/?cat=1\",\"nextItem\":{\"@type\":\"ListItem\",\"@id\":\"https:\\\/\\\/bolbec-running-club.org\\\/?p=6069#listItem\",\"name\":\"Clap de fin pour Luc Ouf : une saison marqu\\u00e9e par la r\\u00e9gularit\\u00e9 et le mental\"},\"previousItem\":{\"@type\":\"ListItem\",\"@id\":\"https:\\\/\\\/bolbec-running-club.org#listItem\",\"name\":\"Domicile\"}},{\"@type\":\"ListItem\",\"@id\":\"https:\\\/\\\/bolbec-running-club.org\\\/?p=6069#listItem\",\"position\":3,\"name\":\"Clap de fin pour Luc Ouf : une saison marqu\\u00e9e par la r\\u00e9gularit\\u00e9 et le mental\",\"previousItem\":{\"@type\":\"ListItem\",\"@id\":\"https:\\\/\\\/bolbec-running-club.org\\\/?cat=1#listItem\",\"name\":\"Article comp\\u00e9tition\"}}]},{\"@type\":\"Organization\",\"@id\":\"https:\\\/\\\/bolbec-running-club.org\\\/#organization\",\"name\":\"Bolbec-Running-Club\",\"description\":\"Club d'athl\\u00e9tisme\",\"url\":\"https:\\\/\\\/bolbec-running-club.org\\\/\",\"telephone\":\"+33629787023\",\"logo\":{\"@type\":\"ImageObject\",\"url\":\"https:\\\/\\\/bolbec-running-club.org\\\/wp-content\\\/uploads\\\/2024\\\/03\\\/cropped-1-1-1.jpg\",\"@id\":\"https:\\\/\\\/bolbec-running-club.org\\\/?p=6069\\\/#organizationLogo\",\"width\":2000,\"height\":2000},\"image\":{\"@id\":\"https:\\\/\\\/bolbec-running-club.org\\\/?p=6069\\\/#organizationLogo\"}},{\"@type\":\"Person\",\"@id\":\"https:\\\/\\\/bolbec-running-club.org\\\/?author=1#author\",\"url\":\"https:\\\/\\\/bolbec-running-club.org\\\/?author=1\",\"name\":\"Florian\"},{\"@type\":\"WebPage\",\"@id\":\"https:\\\/\\\/bolbec-running-club.org\\\/?p=6069#webpage\",\"url\":\"https:\\\/\\\/bolbec-running-club.org\\\/?p=6069\",\"name\":\"Clap de fin pour Luc Ouf : une saison marqu\\u00e9e par la r\\u00e9gularit\\u00e9 et le mental - Bolbec-Running-Club\",\"description\":\"C\\u2019est d\\u00e9sormais officiel : Luc Ouf a boucl\\u00e9 son dernier 10 km de la saison. Une saison intense, exigeante, mais surtout tr\\u00e8s prometteuse pour cet athl\\u00e8te discret et appliqu\\u00e9, dont les entra\\u00eenements ont r\\u00e9guli\\u00e8rement impressionn\\u00e9 par leur rigueur et leur constance. Une qu\\u00eate de performance contrari\\u00e9e Luc cherchait depuis plusieurs mois le bon chrono, celui\",\"inLanguage\":\"fr-FR\",\"isPartOf\":{\"@id\":\"https:\\\/\\\/bolbec-running-club.org\\\/#website\"},\"breadcrumb\":{\"@id\":\"https:\\\/\\\/bolbec-running-club.org\\\/?p=6069#breadcrumblist\"},\"author\":{\"@id\":\"https:\\\/\\\/bolbec-running-club.org\\\/?author=1#author\"},\"creator\":{\"@id\":\"https:\\\/\\\/bolbec-running-club.org\\\/?author=1#author\"},\"image\":{\"@type\":\"ImageObject\",\"url\":\"https:\\\/\\\/bolbec-running-club.org\\\/wp-content\\\/uploads\\\/2025\\\/03\\\/DSC_7733-scaled.jpg\",\"@id\":\"https:\\\/\\\/bolbec-running-club.org\\\/?p=6069\\\/#mainImage\",\"width\":1707,\"height\":2560},\"primaryImageOfPage\":{\"@id\":\"https:\\\/\\\/bolbec-running-club.org\\\/?p=6069#mainImage\"},\"datePublished\":\"2025-06-27T09:00:09+00:00\",\"dateModified\":\"2025-06-25T07:22:17+00:00\"},{\"@type\":\"WebSite\",\"@id\":\"https:\\\/\\\/bolbec-running-club.org\\\/#website\",\"url\":\"https:\\\/\\\/bolbec-running-club.org\\\/\",\"name\":\"Bolbec-Running-Club\",\"description\":\"Club d'athl\\u00e9tisme\",\"inLanguage\":\"fr-FR\",\"publisher\":{\"@id\":\"https:\\\/\\\/bolbec-running-club.org\\\/#organization\"}}]}\n\t\t<\/script>\n\t\t<!-- All in One SEO -->\n\n","aioseo_head_json":{"title":"Clap de fin pour Luc Ouf : une saison marqu\u00e9e par la r\u00e9gularit\u00e9 et le mental - Bolbec-Running-Club","description":"C\u2019est d\u00e9sormais officiel : Luc Ouf a boucl\u00e9 son dernier 10 km de la saison. Une saison intense, exigeante, mais surtout tr\u00e8s prometteuse pour cet athl\u00e8te discret et appliqu\u00e9, dont les entra\u00eenements ont r\u00e9guli\u00e8rement impressionn\u00e9 par leur rigueur et leur constance. Une qu\u00eate de performance contrari\u00e9e Luc cherchait depuis plusieurs mois le bon chrono, celui","canonical_url":"https:\/\/bolbec-running-club.org\/?p=6069","robots":"max-image-preview:large","keywords":"","webmasterTools":{"miscellaneous":""},"schema":{"@context":"https:\/\/schema.org","@graph":[{"@type":"BlogPosting","@id":"https:\/\/bolbec-running-club.org\/?p=6069#blogposting","name":"Clap de fin pour Luc Ouf : une saison marqu\u00e9e par la r\u00e9gularit\u00e9 et le mental - Bolbec-Running-Club","headline":"Clap de fin pour Luc Ouf : une saison marqu\u00e9e par la r\u00e9gularit\u00e9 et le mental","author":{"@id":"https:\/\/bolbec-running-club.org\/?author=1#author"},"publisher":{"@id":"https:\/\/bolbec-running-club.org\/#organization"},"image":{"@type":"ImageObject","url":"https:\/\/bolbec-running-club.org\/wp-content\/uploads\/2025\/03\/DSC_7733-scaled.jpg","width":1707,"height":2560},"datePublished":"2025-06-27T09:00:09+00:00","dateModified":"2025-06-25T07:22:17+00:00","inLanguage":"fr-FR","commentCount":2,"mainEntityOfPage":{"@id":"https:\/\/bolbec-running-club.org\/?p=6069#webpage"},"isPartOf":{"@id":"https:\/\/bolbec-running-club.org\/?p=6069#webpage"},"articleSection":"Article comp\u00e9tition"},{"@type":"BreadcrumbList","@id":"https:\/\/bolbec-running-club.org\/?p=6069#breadcrumblist","itemListElement":[{"@type":"ListItem","@id":"https:\/\/bolbec-running-club.org#listItem","position":1,"name":"Domicile","item":"https:\/\/bolbec-running-club.org","nextItem":{"@type":"ListItem","@id":"https:\/\/bolbec-running-club.org\/?cat=1#listItem","name":"Article comp\u00e9tition"}},{"@type":"ListItem","@id":"https:\/\/bolbec-running-club.org\/?cat=1#listItem","position":2,"name":"Article comp\u00e9tition","item":"https:\/\/bolbec-running-club.org\/?cat=1","nextItem":{"@type":"ListItem","@id":"https:\/\/bolbec-running-club.org\/?p=6069#listItem","name":"Clap de fin pour Luc Ouf : une saison marqu\u00e9e par la r\u00e9gularit\u00e9 et le mental"},"previousItem":{"@type":"ListItem","@id":"https:\/\/bolbec-running-club.org#listItem","name":"Domicile"}},{"@type":"ListItem","@id":"https:\/\/bolbec-running-club.org\/?p=6069#listItem","position":3,"name":"Clap de fin pour Luc Ouf : une saison marqu\u00e9e par la r\u00e9gularit\u00e9 et le mental","previousItem":{"@type":"ListItem","@id":"https:\/\/bolbec-running-club.org\/?cat=1#listItem","name":"Article comp\u00e9tition"}}]},{"@type":"Organization","@id":"https:\/\/bolbec-running-club.org\/#organization","name":"Bolbec-Running-Club","description":"Club d'athl\u00e9tisme","url":"https:\/\/bolbec-running-club.org\/","telephone":"+33629787023","logo":{"@type":"ImageObject","url":"https:\/\/bolbec-running-club.org\/wp-content\/uploads\/2024\/03\/cropped-1-1-1.jpg","@id":"https:\/\/bolbec-running-club.org\/?p=6069\/#organizationLogo","width":2000,"height":2000},"image":{"@id":"https:\/\/bolbec-running-club.org\/?p=6069\/#organizationLogo"}},{"@type":"Person","@id":"https:\/\/bolbec-running-club.org\/?author=1#author","url":"https:\/\/bolbec-running-club.org\/?author=1","name":"Florian"},{"@type":"WebPage","@id":"https:\/\/bolbec-running-club.org\/?p=6069#webpage","url":"https:\/\/bolbec-running-club.org\/?p=6069","name":"Clap de fin pour Luc Ouf : une saison marqu\u00e9e par la r\u00e9gularit\u00e9 et le mental - Bolbec-Running-Club","description":"C\u2019est d\u00e9sormais officiel : Luc Ouf a boucl\u00e9 son dernier 10 km de la saison. Une saison intense, exigeante, mais surtout tr\u00e8s prometteuse pour cet athl\u00e8te discret et appliqu\u00e9, dont les entra\u00eenements ont r\u00e9guli\u00e8rement impressionn\u00e9 par leur rigueur et leur constance. Une qu\u00eate de performance contrari\u00e9e Luc cherchait depuis plusieurs mois le bon chrono, celui","inLanguage":"fr-FR","isPartOf":{"@id":"https:\/\/bolbec-running-club.org\/#website"},"breadcrumb":{"@id":"https:\/\/bolbec-running-club.org\/?p=6069#breadcrumblist"},"author":{"@id":"https:\/\/bolbec-running-club.org\/?author=1#author"},"creator":{"@id":"https:\/\/bolbec-running-club.org\/?author=1#author"},"image":{"@type":"ImageObject","url":"https:\/\/bolbec-running-club.org\/wp-content\/uploads\/2025\/03\/DSC_7733-scaled.jpg","@id":"https:\/\/bolbec-running-club.org\/?p=6069\/#mainImage","width":1707,"height":2560},"primaryImageOfPage":{"@id":"https:\/\/bolbec-running-club.org\/?p=6069#mainImage"},"datePublished":"2025-06-27T09:00:09+00:00","dateModified":"2025-06-25T07:22:17+00:00"},{"@type":"WebSite","@id":"https:\/\/bolbec-running-club.org\/#website","url":"https:\/\/bolbec-running-club.org\/","name":"Bolbec-Running-Club","description":"Club d'athl\u00e9tisme","inLanguage":"fr-FR","publisher":{"@id":"https:\/\/bolbec-running-club.org\/#organization"}}]},"og:locale":"fr_FR","og:site_name":"Bolbec-Running-Club - Club d'athl\u00e9tisme","og:type":"article","og:title":"Clap de fin pour Luc Ouf : une saison marqu\u00e9e par la r\u00e9gularit\u00e9 et le mental - Bolbec-Running-Club","og:description":"C\u2019est d\u00e9sormais officiel : Luc Ouf a boucl\u00e9 son dernier 10 km de la saison. Une saison intense, exigeante, mais surtout tr\u00e8s prometteuse pour cet athl\u00e8te discret et appliqu\u00e9, dont les entra\u00eenements ont r\u00e9guli\u00e8rement impressionn\u00e9 par leur rigueur et leur constance. Une qu\u00eate de performance contrari\u00e9e Luc cherchait depuis plusieurs mois le bon chrono, celui","og:url":"https:\/\/bolbec-running-club.org\/?p=6069","og:image":"https:\/\/bolbec-running-club.org\/wp-content\/uploads\/2025\/03\/DSC_7733-scaled.jpg","og:image:secure_url":"https:\/\/bolbec-running-club.org\/wp-content\/uploads\/2025\/03\/DSC_7733-scaled.jpg","og:image:width":"1707","og:image:height":"2560","article:published_time":"2025-06-27T09:00:09+00:00","article:modified_time":"2025-06-25T07:22:17+00:00","twitter:card":"summary_large_image","twitter:title":"Clap de fin pour Luc Ouf : une saison marqu\u00e9e par la r\u00e9gularit\u00e9 et le mental - Bolbec-Running-Club","twitter:description":"C\u2019est d\u00e9sormais officiel : Luc Ouf a boucl\u00e9 son dernier 10 km de la saison. Une saison intense, exigeante, mais surtout tr\u00e8s prometteuse pour cet athl\u00e8te discret et appliqu\u00e9, dont les entra\u00eenements ont r\u00e9guli\u00e8rement impressionn\u00e9 par leur rigueur et leur constance. Une qu\u00eate de performance contrari\u00e9e Luc cherchait depuis plusieurs mois le bon chrono, celui","twitter:image":"https:\/\/bolbec-running-club.org\/wp-content\/uploads\/2025\/03\/DSC_7733-scaled.jpg"},"aioseo_meta_data":{"post_id":"6069","title":null,"description":null,"keywords":null,"keyphrases":{"focus":{"keyphrase":"","score":0,"analysis":{"keyphraseInTitle":{"score":0,"maxScore":9,"error":1}}},"additional":[]},"primary_term":null,"canonical_url":null,"og_title":null,"og_description":null,"og_object_type":"default","og_image_type":"featured","og_image_url":"https:\/\/bolbec-running-club.org\/wp-content\/uploads\/2025\/03\/DSC_7733-scaled.jpg","og_image_width":"1707","og_image_height":"2560","og_image_custom_url":null,"og_image_custom_fields":null,"og_video":"","og_custom_url":null,"og_article_section":null,"og_article_tags":null,"twitter_use_og":false,"twitter_card":"default","twitter_image_type":"default","twitter_image_url":null,"twitter_image_custom_url":null,"twitter_image_custom_fields":null,"twitter_title":null,"twitter_description":null,"schema":{"blockGraphs":[],"customGraphs":[],"default":{"data":{"Article":[],"Course":[],"Dataset":[],"FAQPage":[],"Movie":[],"Person":[],"Product":[],"ProductReview":[],"Car":[],"Recipe":[],"Service":[],"SoftwareApplication":[],"WebPage":[]},"graphName":"BlogPosting","isEnabled":true},"graphs":[]},"schema_type":"default","schema_type_options":null,"pillar_content":false,"robots_default":true,"robots_noindex":false,"robots_noarchive":false,"robots_nosnippet":false,"robots_nofollow":false,"robots_noimageindex":false,"robots_noodp":false,"robots_notranslate":false,"robots_max_snippet":"-1","robots_max_videopreview":"-1","robots_max_imagepreview":"large","priority":null,"frequency":"default","local_seo":null,"breadcrumb_settings":null,"limit_modified_date":false,"ai":null,"created":"2025-06-25 07:22:17","updated":"2025-06-27 11:05:58","seo_analyzer_scan_date":null,"focus_keyword":null,"additional_keywords":null,"truseo_locale":null},"aioseo_breadcrumb":"<div class=\"aioseo-breadcrumbs\"><span class=\"aioseo-breadcrumb\">\n\t\t\t<a href=\"https:\/\/bolbec-running-club.org\" title=\"Domicile\">Domicile<\/a>\n\t\t<\/span><span class=\"aioseo-breadcrumb-separator\">&raquo;<\/span><span class=\"aioseo-breadcrumb\">\n\t\t\t<a href=\"https:\/\/bolbec-running-club.org\/?cat=1\" title=\"Article comp\u00e9tition\">Article comp\u00e9tition<\/a>\n\t\t<\/span><span class=\"aioseo-breadcrumb-separator\">&raquo;<\/span><span class=\"aioseo-breadcrumb\">\n\t\t\tClap de fin pour Luc Ouf : une saison marqu\u00e9e par la r\u00e9gularit\u00e9 et le mental\n\t\t<\/span><\/div>","aioseo_breadcrumb_json":[{"label":"Domicile","link":"https:\/\/bolbec-running-club.org"},{"label":"Article comp\u00e9tition","link":"https:\/\/bolbec-running-club.org\/?cat=1"},{"label":"Clap de fin pour Luc Ouf : une saison marqu\u00e9e par la r\u00e9gularit\u00e9 et le mental","link":"https:\/\/bolbec-running-club.org\/?p=6069"}],"jetpack_featured_media_url":"https:\/\/bolbec-running-club.org\/wp-content\/uploads\/2025\/03\/DSC_7733-scaled.jpg","_links":{"self":[{"href":"https:\/\/bolbec-running-club.org\/index.php?rest_route=\/wp\/v2\/posts\/6069","targetHints":{"allow":["GET"]}}],"collection":[{"href":"https:\/\/bolbec-running-club.org\/index.php?rest_route=\/wp\/v2\/posts"}],"about":[{"href":"https:\/\/bolbec-running-club.org\/index.php?rest_route=\/wp\/v2\/types\/post"}],"author":[{"embeddable":true,"href":"https:\/\/bolbec-running-club.org\/index.php?rest_route=\/wp\/v2\/users\/1"}],"replies":[{"embeddable":true,"href":"https:\/\/bolbec-running-club.org\/index.php?rest_route=%2Fwp%2Fv2%2Fcomments&post=6069"}],"version-history":[{"count":1,"href":"https:\/\/bolbec-running-club.org\/index.php?rest_route=\/wp\/v2\/posts\/6069\/revisions"}],"predecessor-version":[{"id":6070,"href":"https:\/\/bolbec-running-club.org\/index.php?rest_route=\/wp\/v2\/posts\/6069\/revisions\/6070"}],"wp:featuredmedia":[{"embeddable":true,"href":"https:\/\/bolbec-running-club.org\/index.php?rest_route=\/wp\/v2\/media\/4702"}],"wp:attachment":[{"href":"https:\/\/bolbec-running-club.org\/index.php?rest_route=%2Fwp%2Fv2%2Fmedia&parent=6069"}],"wp:term":[{"taxonomy":"category","embeddable":true,"href":"https:\/\/bolbec-running-club.org\/index.php?rest_route=%2Fwp%2Fv2%2Fcategories&post=6069"},{"taxonomy":"post_tag","embeddable":true,"href":"https:\/\/bolbec-running-club.org\/index.php?rest_route=%2Fwp%2Fv2%2Ftags&post=6069"}],"curies":[{"name":"wp","href":"https:\/\/api.w.org\/{rel}","templated":true}]}}