{"id":6066,"date":"2025-06-25T07:07:08","date_gmt":"2025-06-25T07:07:08","guid":{"rendered":"https:\/\/bolbec-running-club.org\/?p=6066"},"modified":"2025-06-25T07:07:08","modified_gmt":"2025-06-25T07:07:08","slug":"le-brc-au-duo-de-saint-eustache-une-presence-forte","status":"publish","type":"post","link":"https:\/\/bolbec-running-club.org\/?p=6066","title":{"rendered":"Le BRC au Duo de Saint-Eustache : une pr\u00e9sence forte"},"content":{"rendered":"<p data-start=\"345\" data-end=\"771\">Vendredi dernier, presque \u00e0 domicile, <strong data-start=\"383\" data-end=\"421\">22 athl\u00e8tes du Bolbec Running Club<\/strong> ont pris le d\u00e9part du traditionnel <strong data-start=\"457\" data-end=\"482\">Duo de Saint-Eustache<\/strong>, organis\u00e9 avec brio par nos amis du <strong data-start=\"519\" data-end=\"547\">COB Athl\u00e9tisme de Bolbec<\/strong>. Il ne faisait aucun doute pour nous qu\u2019il \u00e9tait essentiel d\u2019\u00eatre pr\u00e9sents \u00e0 cette course symbolique, organis\u00e9e par nos voisins de club avec qui nous partageons toute l\u2019ann\u00e9e les infrastructures\u2026 et quelques entra\u00eenements !<\/p>\n<p data-start=\"773\" data-end=\"999\">Cette <strong data-start=\"779\" data-end=\"794\">46e \u00e9dition<\/strong> repr\u00e9sentait une belle opportunit\u00e9 de clore la saison sur une note conviviale et engag\u00e9e. Pas moins de <strong data-start=\"898\" data-end=\"912\">11 \u00e9quipes<\/strong> du BRC \u00e9taient align\u00e9es, m\u00ealant esprit de comp\u00e9tition, camaraderie et plaisir partag\u00e9. Nous \u00e9tions le club le plus repr\u00e9sent\u00e9.<\/p>\n<h3 data-start=\"1001\" data-end=\"1036\">Des performances de haut niveau<\/h3>\n<p data-start=\"1038\" data-end=\"1297\">Parmi les duos les plus en vue, <strong data-start=\"1070\" data-end=\"1088\">David Lepiller<\/strong> et <strong data-start=\"1092\" data-end=\"1110\">Lucas Legendre<\/strong>, tous deux en grande forme, ont parfaitement r\u00e9pondu aux attentes en d\u00e9crochant une magnifique <strong data-start=\"1206\" data-end=\"1229\">3e place au scratch<\/strong>. Une performance solide, \u00e0 l\u2019image de leur r\u00e9gularit\u00e9 cette saison.<\/p>\n<p data-start=\"1299\" data-end=\"1741\">Encore plus impressionnants, nos <strong data-start=\"1332\" data-end=\"1348\">deux masters<\/strong>, <strong data-start=\"1350\" data-end=\"1366\">Dorian Morel<\/strong> et <strong data-start=\"1370\" data-end=\"1387\">Nicolas Poret<\/strong>, ont offert une d\u00e9monstration de ma\u00eetrise. Nicolas, apr\u00e8s une saison en demi-teinte, prouve qu\u2019il est de retour aux affaires, emmenant Dorian sur son \u00ab porte-bagage \u00bb tout au long des 10 kilom\u00e8tres. Malgr\u00e9 une pr\u00e9paration ax\u00e9e semi-marathon, Dorian s\u2019accroche au rythme soutenu impos\u00e9 par Nicolas. Ensemble, ils s\u2019imposent avec brio.<\/p>\n<h3 data-start=\"1743\" data-end=\"1777\">Des duos engag\u00e9s et solidaires<\/h3>\n<p data-start=\"1779\" data-end=\"2031\"><strong data-start=\"1779\" data-end=\"1800\">La\u00ebtitia Saussaye<\/strong> \u00e9tait accompagn\u00e9e de <strong data-start=\"1822\" data-end=\"1839\">Th\u00e9o Gu\u00e9roult<\/strong>, son coach. Encore en phase de r\u00e9cup\u00e9ration apr\u00e8s la Maxi-Race d\u00e9but juin, La\u00ebtitia a su rester \u00e0 l\u2019\u00e9coute de Th\u00e9o et boucler ce 10 km exigeant en <strong data-start=\"1987\" data-end=\"2001\">50 minutes<\/strong>, malgr\u00e9 la chaleur \u00e9crasante.<\/p>\n<p data-start=\"2033\" data-end=\"2275\">Le duo <strong data-start=\"2040\" data-end=\"2078\">Estelle Bellenger \u2013 Nolia Chantrel<\/strong> a opt\u00e9 pour une course en mode \u00ab <em data-start=\"2112\" data-end=\"2124\">blabla run<\/em> \u00bb, illustrant parfaitement l\u2019esprit du club : adapter sa course \u00e0 sa forme du jour tout en partageant un bon moment. Objectif atteint avec le sourire.<\/p>\n<p data-start=\"2277\" data-end=\"2592\">Du c\u00f4t\u00e9 de notre <strong data-start=\"2294\" data-end=\"2309\">duo magique<\/strong>, <strong data-start=\"2311\" data-end=\"2329\">Ga\u00ebtan Blondel<\/strong> et <strong data-start=\"2333\" data-end=\"2351\">Kylian Bullock<\/strong>, la coh\u00e9sion a \u00e9t\u00e9 la cl\u00e9. Kylian, en grande aisance d\u00e8s les premiers kilom\u00e8tres, a veill\u00e9 sur Ga\u00ebtan, mis \u00e0 mal par la chaleur mais une nouvelle fois remarquable par sa t\u00e9nacit\u00e9. Leur <strong data-start=\"2537\" data-end=\"2553\">sprint final<\/strong> a conclu la course sur une belle note.<\/p>\n<p data-start=\"2594\" data-end=\"2843\">Autre belle entente : <strong data-start=\"2616\" data-end=\"2637\">Pierrick Vendrand<\/strong> et <strong data-start=\"2641\" data-end=\"2658\">Quentin Pigot<\/strong>. Pour Quentin, peu actif cette saison, ce 10 km \u00e9tait l\u2019occasion de retrouver le plaisir de courir. Objectif principal : partager les kilom\u00e8tres, loin de toute pression chronom\u00e9trique.<\/p>\n<h3 data-start=\"2845\" data-end=\"2873\">D\u00e9couvertes et objectifs<\/h3>\n<p data-start=\"2875\" data-end=\"3115\"><strong data-start=\"2875\" data-end=\"2889\">Lisa Paris<\/strong> et <strong data-start=\"2893\" data-end=\"2910\">Maxime Bisson<\/strong> ont eux aussi profit\u00e9 de la course pour vivre une belle exp\u00e9rience commune. Habitu\u00e9e aux courtes distances, Lisa d\u00e9couvre ici le format 10 km et envisage d\u00e9j\u00e0 d\u2019y revenir plus souvent la saison prochaine.<\/p>\n<p data-start=\"3117\" data-end=\"3386\">Nos deux <strong data-start=\"3126\" data-end=\"3136\">cadets<\/strong>, <strong data-start=\"3138\" data-end=\"3155\">Martin Colboc<\/strong> et <strong data-start=\"3159\" data-end=\"3177\">Tommy Versavel<\/strong>, ont \u00e9galement partag\u00e9 ce moment avec intensit\u00e9. Malgr\u00e9 une journ\u00e9e \u00ab sans \u00bb pour Martin, sa pers\u00e9v\u00e9rance et la motivation constante de Tommy leur ont permis de finir <strong data-start=\"3345\" data-end=\"3385\">largement premiers de leur cat\u00e9gorie<\/strong>.<\/p>\n<p data-start=\"3388\" data-end=\"3674\">Le <strong data-start=\"3391\" data-end=\"3407\">duo familial<\/strong> form\u00e9 par <strong data-start=\"3418\" data-end=\"3436\">G\u00e9rald Avignon<\/strong> et son fils <strong data-start=\"3449\" data-end=\"3467\">Kilian Avignon<\/strong> avait un objectif simple : rester sous les 55 minutes pour Kilian, qui court moins ces derniers temps, tout en pr\u00e9servant G\u00e9rald \u00e0 l\u2019approche du Trail de Rouen. Pari r\u00e9ussi et moment de complicit\u00e9 garanti !<\/p>\n<h3 data-start=\"3676\" data-end=\"3699\">F\u00e9minines<\/h3>\n<p data-start=\"3701\" data-end=\"4083\">Chez les femmes, <strong data-start=\"3718\" data-end=\"3735\">Caroline Sery<\/strong> et <strong data-start=\"3739\" data-end=\"3758\">Jeanne Heranval<\/strong> ont v\u00e9cu une course plac\u00e9e sous le signe de la progression. Caroline continue sa mont\u00e9e en puissance, tandis que Jeanne, tout juste rentr\u00e9e de vacances, engrange de l\u2019exp\u00e9rience. Les deux terminent avec le sourire : <strong data-start=\"3975\" data-end=\"4019\">Caroline sera en Allemagne dans 10 jours<\/strong>, tandis que <strong data-start=\"4032\" data-end=\"4082\">Jeanne visera un chrono au 10 km de Rouen<\/strong>.<\/p>\n<p data-start=\"4085\" data-end=\"4408\">Enfin, <strong data-start=\"4092\" data-end=\"4111\">Morgane Avignon<\/strong> et <strong data-start=\"4115\" data-end=\"4136\">Louise Mandeville<\/strong>, ins\u00e9parables depuis bient\u00f4t 10 ans, ont une nouvelle fois partag\u00e9 la course ensemble. Autour de l\u2019heure de course, leur seul objectif \u00e9tait de se faire plaisir\u2026 mission accomplie ! On les retrouvera elles aussi en Allemagne, mais cette fois <strong data-start=\"4379\" data-end=\"4406\">pour un tout autre d\u00e9fi<\/strong> !<\/p>\n<hr data-start=\"4410\" data-end=\"4413\" \/>\n<h3 data-start=\"4415\" data-end=\"4452\">Une belle soir\u00e9e et un bel esprit<\/h3>\n<p data-start=\"4454\" data-end=\"4763\">Plus qu\u2019un simple d\u00e9placement, la participation du BRC au Duo de Saint-Eustache a illustr\u00e9 l\u2019<strong data-start=\"4547\" data-end=\"4608\">esprit de solidarit\u00e9, de d\u00e9passement de soi et de plaisir<\/strong> qui anime notre club. Merci au <strong data-start=\"4640\" data-end=\"4658\">COB Athl\u00e9tisme<\/strong> pour leur accueil et l\u2019organisation toujours aussi chaleureuse. \u00c0 tr\u00e8s vite sur les prochaines courses !<\/p>\n","protected":false},"excerpt":{"rendered":"<p>Vendredi dernier, presque \u00e0 domicile, 22 athl\u00e8tes du Bolbec Running Club ont pris le d\u00e9part du traditionnel Duo de Saint-Eustache, organis\u00e9 avec brio par nos amis du COB Athl\u00e9tisme de Bolbec. Il ne faisait aucun doute pour nous qu\u2019il \u00e9tait essentiel d\u2019\u00eatre pr\u00e9sents \u00e0 cette course symbolique, organis\u00e9e par nos voisins de club avec qui [&hellip;]<\/p>\n","protected":false},"author":1,"featured_media":6067,"comment_status":"open","ping_status":"open","sticky":false,"template":"","format":"standard","meta":{"_et_pb_use_builder":"","_et_pb_old_content":"","_et_gb_content_width":"","footnotes":"","jetpack_post_was_ever_published":false},"categories":[1],"tags":[],"class_list":["post-6066","post","type-post","status-publish","format-standard","has-post-thumbnail","hentry","category-article-competition"],"aioseo_notices":[],"aioseo_head":"\n\t\t<!-- All in One SEO 5.0.1.1 - aioseo.com -->\n\t<meta name=\"description\" content=\"Vendredi dernier, presque \u00e0 domicile, 22 athl\u00e8tes du Bolbec Running Club ont pris le d\u00e9part du traditionnel Duo de Saint-Eustache, organis\u00e9 avec brio par nos amis du COB Athl\u00e9tisme de Bolbec. Il ne faisait aucun doute pour nous qu\u2019il \u00e9tait essentiel d\u2019\u00eatre pr\u00e9sents \u00e0 cette course symbolique, organis\u00e9e par nos voisins de club avec qui\" \/>\n\t<meta name=\"robots\" content=\"max-image-preview:large\" \/>\n\t<meta name=\"author\" content=\"Florian\"\/>\n\t<link rel=\"canonical\" href=\"https:\/\/bolbec-running-club.org\/?p=6066\" \/>\n\t<meta name=\"generator\" content=\"All in One SEO (AIOSEO) 5.0.1.1\" \/>\n\t\t<meta property=\"og:locale\" content=\"fr_FR\" \/>\n\t\t<meta property=\"og:site_name\" content=\"Bolbec-Running-Club - Club d&#039;athl\u00e9tisme\" \/>\n\t\t<meta property=\"og:type\" content=\"article\" \/>\n\t\t<meta property=\"og:title\" content=\"Le BRC au Duo de Saint-Eustache : une pr\u00e9sence forte - Bolbec-Running-Club\" \/>\n\t\t<meta property=\"og:description\" content=\"Vendredi dernier, presque \u00e0 domicile, 22 athl\u00e8tes du Bolbec Running Club ont pris le d\u00e9part du traditionnel Duo de Saint-Eustache, organis\u00e9 avec brio par nos amis du COB Athl\u00e9tisme de Bolbec. Il ne faisait aucun doute pour nous qu\u2019il \u00e9tait essentiel d\u2019\u00eatre pr\u00e9sents \u00e0 cette course symbolique, organis\u00e9e par nos voisins de club avec qui\" \/>\n\t\t<meta property=\"og:url\" content=\"https:\/\/bolbec-running-club.org\/?p=6066\" \/>\n\t\t<meta property=\"og:image\" content=\"https:\/\/bolbec-running-club.org\/wp-content\/uploads\/2025\/06\/IMG_4543.jpg\" \/>\n\t\t<meta property=\"og:image:secure_url\" content=\"https:\/\/bolbec-running-club.org\/wp-content\/uploads\/2025\/06\/IMG_4543.jpg\" \/>\n\t\t<meta property=\"og:image:width\" content=\"1656\" \/>\n\t\t<meta property=\"og:image:height\" content=\"2208\" \/>\n\t\t<meta property=\"article:published_time\" content=\"2025-06-25T07:07:08+00:00\" \/>\n\t\t<meta property=\"article:modified_time\" content=\"2025-06-25T07:07:08+00:00\" \/>\n\t\t<meta name=\"twitter:card\" content=\"summary_large_image\" \/>\n\t\t<meta name=\"twitter:title\" content=\"Le BRC au Duo de Saint-Eustache : une pr\u00e9sence forte - Bolbec-Running-Club\" \/>\n\t\t<meta name=\"twitter:description\" content=\"Vendredi dernier, presque \u00e0 domicile, 22 athl\u00e8tes du Bolbec Running Club ont pris le d\u00e9part du traditionnel Duo de Saint-Eustache, organis\u00e9 avec brio par nos amis du COB Athl\u00e9tisme de Bolbec. Il ne faisait aucun doute pour nous qu\u2019il \u00e9tait essentiel d\u2019\u00eatre pr\u00e9sents \u00e0 cette course symbolique, organis\u00e9e par nos voisins de club avec qui\" \/>\n\t\t<meta name=\"twitter:image\" content=\"https:\/\/bolbec-running-club.org\/wp-content\/uploads\/2025\/06\/IMG_4543.jpg\" \/>\n\t\t<script type=\"application\/ld+json\" class=\"aioseo-schema\">\n\t\t\t{\"@context\":\"https:\\\/\\\/schema.org\",\"@graph\":[{\"@type\":\"BlogPosting\",\"@id\":\"https:\\\/\\\/bolbec-running-club.org\\\/?p=6066#blogposting\",\"name\":\"Le BRC au Duo de Saint-Eustache : une pr\\u00e9sence forte - Bolbec-Running-Club\",\"headline\":\"Le BRC au Duo de Saint-Eustache : une pr\\u00e9sence forte\",\"author\":{\"@id\":\"https:\\\/\\\/bolbec-running-club.org\\\/?author=1#author\"},\"publisher\":{\"@id\":\"https:\\\/\\\/bolbec-running-club.org\\\/#organization\"},\"image\":{\"@type\":\"ImageObject\",\"url\":\"https:\\\/\\\/bolbec-running-club.org\\\/wp-content\\\/uploads\\\/2025\\\/06\\\/IMG_4543.jpg\",\"width\":1656,\"height\":2208},\"datePublished\":\"2025-06-25T07:07:08+00:00\",\"dateModified\":\"2025-06-25T07:07:08+00:00\",\"inLanguage\":\"fr-FR\",\"mainEntityOfPage\":{\"@id\":\"https:\\\/\\\/bolbec-running-club.org\\\/?p=6066#webpage\"},\"isPartOf\":{\"@id\":\"https:\\\/\\\/bolbec-running-club.org\\\/?p=6066#webpage\"},\"articleSection\":\"Article comp\\u00e9tition\"},{\"@type\":\"BreadcrumbList\",\"@id\":\"https:\\\/\\\/bolbec-running-club.org\\\/?p=6066#breadcrumblist\",\"itemListElement\":[{\"@type\":\"ListItem\",\"@id\":\"https:\\\/\\\/bolbec-running-club.org#listItem\",\"position\":1,\"name\":\"Domicile\",\"item\":\"https:\\\/\\\/bolbec-running-club.org\",\"nextItem\":{\"@type\":\"ListItem\",\"@id\":\"https:\\\/\\\/bolbec-running-club.org\\\/?cat=1#listItem\",\"name\":\"Article comp\\u00e9tition\"}},{\"@type\":\"ListItem\",\"@id\":\"https:\\\/\\\/bolbec-running-club.org\\\/?cat=1#listItem\",\"position\":2,\"name\":\"Article comp\\u00e9tition\",\"item\":\"https:\\\/\\\/bolbec-running-club.org\\\/?cat=1\",\"nextItem\":{\"@type\":\"ListItem\",\"@id\":\"https:\\\/\\\/bolbec-running-club.org\\\/?p=6066#listItem\",\"name\":\"Le BRC au Duo de Saint-Eustache : une pr\\u00e9sence forte\"},\"previousItem\":{\"@type\":\"ListItem\",\"@id\":\"https:\\\/\\\/bolbec-running-club.org#listItem\",\"name\":\"Domicile\"}},{\"@type\":\"ListItem\",\"@id\":\"https:\\\/\\\/bolbec-running-club.org\\\/?p=6066#listItem\",\"position\":3,\"name\":\"Le BRC au Duo de Saint-Eustache : une pr\\u00e9sence forte\",\"previousItem\":{\"@type\":\"ListItem\",\"@id\":\"https:\\\/\\\/bolbec-running-club.org\\\/?cat=1#listItem\",\"name\":\"Article comp\\u00e9tition\"}}]},{\"@type\":\"Organization\",\"@id\":\"https:\\\/\\\/bolbec-running-club.org\\\/#organization\",\"name\":\"Bolbec-Running-Club\",\"description\":\"Club d'athl\\u00e9tisme\",\"url\":\"https:\\\/\\\/bolbec-running-club.org\\\/\",\"telephone\":\"+33629787023\",\"logo\":{\"@type\":\"ImageObject\",\"url\":\"https:\\\/\\\/bolbec-running-club.org\\\/wp-content\\\/uploads\\\/2024\\\/03\\\/cropped-1-1-1.jpg\",\"@id\":\"https:\\\/\\\/bolbec-running-club.org\\\/?p=6066\\\/#organizationLogo\",\"width\":2000,\"height\":2000},\"image\":{\"@id\":\"https:\\\/\\\/bolbec-running-club.org\\\/?p=6066\\\/#organizationLogo\"}},{\"@type\":\"Person\",\"@id\":\"https:\\\/\\\/bolbec-running-club.org\\\/?author=1#author\",\"url\":\"https:\\\/\\\/bolbec-running-club.org\\\/?author=1\",\"name\":\"Florian\"},{\"@type\":\"WebPage\",\"@id\":\"https:\\\/\\\/bolbec-running-club.org\\\/?p=6066#webpage\",\"url\":\"https:\\\/\\\/bolbec-running-club.org\\\/?p=6066\",\"name\":\"Le BRC au Duo de Saint-Eustache : une pr\\u00e9sence forte - Bolbec-Running-Club\",\"description\":\"Vendredi dernier, presque \\u00e0 domicile, 22 athl\\u00e8tes du Bolbec Running Club ont pris le d\\u00e9part du traditionnel Duo de Saint-Eustache, organis\\u00e9 avec brio par nos amis du COB Athl\\u00e9tisme de Bolbec. Il ne faisait aucun doute pour nous qu\\u2019il \\u00e9tait essentiel d\\u2019\\u00eatre pr\\u00e9sents \\u00e0 cette course symbolique, organis\\u00e9e par nos voisins de club avec qui\",\"inLanguage\":\"fr-FR\",\"isPartOf\":{\"@id\":\"https:\\\/\\\/bolbec-running-club.org\\\/#website\"},\"breadcrumb\":{\"@id\":\"https:\\\/\\\/bolbec-running-club.org\\\/?p=6066#breadcrumblist\"},\"author\":{\"@id\":\"https:\\\/\\\/bolbec-running-club.org\\\/?author=1#author\"},\"creator\":{\"@id\":\"https:\\\/\\\/bolbec-running-club.org\\\/?author=1#author\"},\"image\":{\"@type\":\"ImageObject\",\"url\":\"https:\\\/\\\/bolbec-running-club.org\\\/wp-content\\\/uploads\\\/2025\\\/06\\\/IMG_4543.jpg\",\"@id\":\"https:\\\/\\\/bolbec-running-club.org\\\/?p=6066\\\/#mainImage\",\"width\":1656,\"height\":2208},\"primaryImageOfPage\":{\"@id\":\"https:\\\/\\\/bolbec-running-club.org\\\/?p=6066#mainImage\"},\"datePublished\":\"2025-06-25T07:07:08+00:00\",\"dateModified\":\"2025-06-25T07:07:08+00:00\"},{\"@type\":\"WebSite\",\"@id\":\"https:\\\/\\\/bolbec-running-club.org\\\/#website\",\"url\":\"https:\\\/\\\/bolbec-running-club.org\\\/\",\"name\":\"Bolbec-Running-Club\",\"description\":\"Club d'athl\\u00e9tisme\",\"inLanguage\":\"fr-FR\",\"publisher\":{\"@id\":\"https:\\\/\\\/bolbec-running-club.org\\\/#organization\"}}]}\n\t\t<\/script>\n\t\t<!-- All in One SEO -->\n\n","aioseo_head_json":{"title":"Le BRC au Duo de Saint-Eustache : une pr\u00e9sence forte - Bolbec-Running-Club","description":"Vendredi dernier, presque \u00e0 domicile, 22 athl\u00e8tes du Bolbec Running Club ont pris le d\u00e9part du traditionnel Duo de Saint-Eustache, organis\u00e9 avec brio par nos amis du COB Athl\u00e9tisme de Bolbec. Il ne faisait aucun doute pour nous qu\u2019il \u00e9tait essentiel d\u2019\u00eatre pr\u00e9sents \u00e0 cette course symbolique, organis\u00e9e par nos voisins de club avec qui","canonical_url":"https:\/\/bolbec-running-club.org\/?p=6066","robots":"max-image-preview:large","keywords":"","webmasterTools":{"miscellaneous":""},"schema":{"@context":"https:\/\/schema.org","@graph":[{"@type":"BlogPosting","@id":"https:\/\/bolbec-running-club.org\/?p=6066#blogposting","name":"Le BRC au Duo de Saint-Eustache : une pr\u00e9sence forte - Bolbec-Running-Club","headline":"Le BRC au Duo de Saint-Eustache : une pr\u00e9sence forte","author":{"@id":"https:\/\/bolbec-running-club.org\/?author=1#author"},"publisher":{"@id":"https:\/\/bolbec-running-club.org\/#organization"},"image":{"@type":"ImageObject","url":"https:\/\/bolbec-running-club.org\/wp-content\/uploads\/2025\/06\/IMG_4543.jpg","width":1656,"height":2208},"datePublished":"2025-06-25T07:07:08+00:00","dateModified":"2025-06-25T07:07:08+00:00","inLanguage":"fr-FR","mainEntityOfPage":{"@id":"https:\/\/bolbec-running-club.org\/?p=6066#webpage"},"isPartOf":{"@id":"https:\/\/bolbec-running-club.org\/?p=6066#webpage"},"articleSection":"Article comp\u00e9tition"},{"@type":"BreadcrumbList","@id":"https:\/\/bolbec-running-club.org\/?p=6066#breadcrumblist","itemListElement":[{"@type":"ListItem","@id":"https:\/\/bolbec-running-club.org#listItem","position":1,"name":"Domicile","item":"https:\/\/bolbec-running-club.org","nextItem":{"@type":"ListItem","@id":"https:\/\/bolbec-running-club.org\/?cat=1#listItem","name":"Article comp\u00e9tition"}},{"@type":"ListItem","@id":"https:\/\/bolbec-running-club.org\/?cat=1#listItem","position":2,"name":"Article comp\u00e9tition","item":"https:\/\/bolbec-running-club.org\/?cat=1","nextItem":{"@type":"ListItem","@id":"https:\/\/bolbec-running-club.org\/?p=6066#listItem","name":"Le BRC au Duo de Saint-Eustache : une pr\u00e9sence forte"},"previousItem":{"@type":"ListItem","@id":"https:\/\/bolbec-running-club.org#listItem","name":"Domicile"}},{"@type":"ListItem","@id":"https:\/\/bolbec-running-club.org\/?p=6066#listItem","position":3,"name":"Le BRC au Duo de Saint-Eustache : une pr\u00e9sence forte","previousItem":{"@type":"ListItem","@id":"https:\/\/bolbec-running-club.org\/?cat=1#listItem","name":"Article comp\u00e9tition"}}]},{"@type":"Organization","@id":"https:\/\/bolbec-running-club.org\/#organization","name":"Bolbec-Running-Club","description":"Club d'athl\u00e9tisme","url":"https:\/\/bolbec-running-club.org\/","telephone":"+33629787023","logo":{"@type":"ImageObject","url":"https:\/\/bolbec-running-club.org\/wp-content\/uploads\/2024\/03\/cropped-1-1-1.jpg","@id":"https:\/\/bolbec-running-club.org\/?p=6066\/#organizationLogo","width":2000,"height":2000},"image":{"@id":"https:\/\/bolbec-running-club.org\/?p=6066\/#organizationLogo"}},{"@type":"Person","@id":"https:\/\/bolbec-running-club.org\/?author=1#author","url":"https:\/\/bolbec-running-club.org\/?author=1","name":"Florian"},{"@type":"WebPage","@id":"https:\/\/bolbec-running-club.org\/?p=6066#webpage","url":"https:\/\/bolbec-running-club.org\/?p=6066","name":"Le BRC au Duo de Saint-Eustache : une pr\u00e9sence forte - Bolbec-Running-Club","description":"Vendredi dernier, presque \u00e0 domicile, 22 athl\u00e8tes du Bolbec Running Club ont pris le d\u00e9part du traditionnel Duo de Saint-Eustache, organis\u00e9 avec brio par nos amis du COB Athl\u00e9tisme de Bolbec. Il ne faisait aucun doute pour nous qu\u2019il \u00e9tait essentiel d\u2019\u00eatre pr\u00e9sents \u00e0 cette course symbolique, organis\u00e9e par nos voisins de club avec qui","inLanguage":"fr-FR","isPartOf":{"@id":"https:\/\/bolbec-running-club.org\/#website"},"breadcrumb":{"@id":"https:\/\/bolbec-running-club.org\/?p=6066#breadcrumblist"},"author":{"@id":"https:\/\/bolbec-running-club.org\/?author=1#author"},"creator":{"@id":"https:\/\/bolbec-running-club.org\/?author=1#author"},"image":{"@type":"ImageObject","url":"https:\/\/bolbec-running-club.org\/wp-content\/uploads\/2025\/06\/IMG_4543.jpg","@id":"https:\/\/bolbec-running-club.org\/?p=6066\/#mainImage","width":1656,"height":2208},"primaryImageOfPage":{"@id":"https:\/\/bolbec-running-club.org\/?p=6066#mainImage"},"datePublished":"2025-06-25T07:07:08+00:00","dateModified":"2025-06-25T07:07:08+00:00"},{"@type":"WebSite","@id":"https:\/\/bolbec-running-club.org\/#website","url":"https:\/\/bolbec-running-club.org\/","name":"Bolbec-Running-Club","description":"Club d'athl\u00e9tisme","inLanguage":"fr-FR","publisher":{"@id":"https:\/\/bolbec-running-club.org\/#organization"}}]},"og:locale":"fr_FR","og:site_name":"Bolbec-Running-Club - Club d'athl\u00e9tisme","og:type":"article","og:title":"Le BRC au Duo de Saint-Eustache : une pr\u00e9sence forte - Bolbec-Running-Club","og:description":"Vendredi dernier, presque \u00e0 domicile, 22 athl\u00e8tes du Bolbec Running Club ont pris le d\u00e9part du traditionnel Duo de Saint-Eustache, organis\u00e9 avec brio par nos amis du COB Athl\u00e9tisme de Bolbec. Il ne faisait aucun doute pour nous qu\u2019il \u00e9tait essentiel d\u2019\u00eatre pr\u00e9sents \u00e0 cette course symbolique, organis\u00e9e par nos voisins de club avec qui","og:url":"https:\/\/bolbec-running-club.org\/?p=6066","og:image":"https:\/\/bolbec-running-club.org\/wp-content\/uploads\/2025\/06\/IMG_4543.jpg","og:image:secure_url":"https:\/\/bolbec-running-club.org\/wp-content\/uploads\/2025\/06\/IMG_4543.jpg","og:image:width":"1656","og:image:height":"2208","article:published_time":"2025-06-25T07:07:08+00:00","article:modified_time":"2025-06-25T07:07:08+00:00","twitter:card":"summary_large_image","twitter:title":"Le BRC au Duo de Saint-Eustache : une pr\u00e9sence forte - Bolbec-Running-Club","twitter:description":"Vendredi dernier, presque \u00e0 domicile, 22 athl\u00e8tes du Bolbec Running Club ont pris le d\u00e9part du traditionnel Duo de Saint-Eustache, organis\u00e9 avec brio par nos amis du COB Athl\u00e9tisme de Bolbec. Il ne faisait aucun doute pour nous qu\u2019il \u00e9tait essentiel d\u2019\u00eatre pr\u00e9sents \u00e0 cette course symbolique, organis\u00e9e par nos voisins de club avec qui","twitter:image":"https:\/\/bolbec-running-club.org\/wp-content\/uploads\/2025\/06\/IMG_4543.jpg"},"aioseo_meta_data":{"post_id":"6066","title":null,"description":null,"keywords":null,"keyphrases":{"focus":{"keyphrase":"","score":0,"analysis":{"keyphraseInTitle":{"score":0,"maxScore":9,"error":1}}},"additional":[]},"primary_term":null,"canonical_url":null,"og_title":null,"og_description":null,"og_object_type":"default","og_image_type":"featured","og_image_url":"https:\/\/bolbec-running-club.org\/wp-content\/uploads\/2025\/06\/IMG_4543.jpg","og_image_width":"1656","og_image_height":"2208","og_image_custom_url":null,"og_image_custom_fields":null,"og_video":"","og_custom_url":null,"og_article_section":null,"og_article_tags":null,"twitter_use_og":false,"twitter_card":"default","twitter_image_type":"default","twitter_image_url":null,"twitter_image_custom_url":null,"twitter_image_custom_fields":null,"twitter_title":null,"twitter_description":null,"schema":{"blockGraphs":[],"customGraphs":[],"default":{"data":{"Article":[],"Course":[],"Dataset":[],"FAQPage":[],"Movie":[],"Person":[],"Product":[],"ProductReview":[],"Car":[],"Recipe":[],"Service":[],"SoftwareApplication":[],"WebPage":[]},"graphName":"BlogPosting","isEnabled":true},"graphs":[]},"schema_type":"default","schema_type_options":null,"pillar_content":false,"robots_default":true,"robots_noindex":false,"robots_noarchive":false,"robots_nosnippet":false,"robots_nofollow":false,"robots_noimageindex":false,"robots_noodp":false,"robots_notranslate":false,"robots_max_snippet":"-1","robots_max_videopreview":"-1","robots_max_imagepreview":"large","priority":null,"frequency":"default","local_seo":null,"breadcrumb_settings":null,"limit_modified_date":false,"ai":null,"created":"2025-06-25 07:07:08","updated":"2025-06-25 07:12:40","seo_analyzer_scan_date":null,"focus_keyword":null,"additional_keywords":null,"truseo_locale":null},"aioseo_breadcrumb":"<div class=\"aioseo-breadcrumbs\"><span class=\"aioseo-breadcrumb\">\n\t\t\t<a href=\"https:\/\/bolbec-running-club.org\" title=\"Domicile\">Domicile<\/a>\n\t\t<\/span><span class=\"aioseo-breadcrumb-separator\">&raquo;<\/span><span class=\"aioseo-breadcrumb\">\n\t\t\t<a href=\"https:\/\/bolbec-running-club.org\/?cat=1\" title=\"Article comp\u00e9tition\">Article comp\u00e9tition<\/a>\n\t\t<\/span><span class=\"aioseo-breadcrumb-separator\">&raquo;<\/span><span class=\"aioseo-breadcrumb\">\n\t\t\tLe BRC au Duo de Saint-Eustache : une pr\u00e9sence forte\n\t\t<\/span><\/div>","aioseo_breadcrumb_json":[{"label":"Domicile","link":"https:\/\/bolbec-running-club.org"},{"label":"Article comp\u00e9tition","link":"https:\/\/bolbec-running-club.org\/?cat=1"},{"label":"Le BRC au Duo de Saint-Eustache : une pr\u00e9sence forte","link":"https:\/\/bolbec-running-club.org\/?p=6066"}],"jetpack_featured_media_url":"https:\/\/bolbec-running-club.org\/wp-content\/uploads\/2025\/06\/IMG_4543.jpg","_links":{"self":[{"href":"https:\/\/bolbec-running-club.org\/index.php?rest_route=\/wp\/v2\/posts\/6066","targetHints":{"allow":["GET"]}}],"collection":[{"href":"https:\/\/bolbec-running-club.org\/index.php?rest_route=\/wp\/v2\/posts"}],"about":[{"href":"https:\/\/bolbec-running-club.org\/index.php?rest_route=\/wp\/v2\/types\/post"}],"author":[{"embeddable":true,"href":"https:\/\/bolbec-running-club.org\/index.php?rest_route=\/wp\/v2\/users\/1"}],"replies":[{"embeddable":true,"href":"https:\/\/bolbec-running-club.org\/index.php?rest_route=%2Fwp%2Fv2%2Fcomments&post=6066"}],"version-history":[{"count":1,"href":"https:\/\/bolbec-running-club.org\/index.php?rest_route=\/wp\/v2\/posts\/6066\/revisions"}],"predecessor-version":[{"id":6068,"href":"https:\/\/bolbec-running-club.org\/index.php?rest_route=\/wp\/v2\/posts\/6066\/revisions\/6068"}],"wp:featuredmedia":[{"embeddable":true,"href":"https:\/\/bolbec-running-club.org\/index.php?rest_route=\/wp\/v2\/media\/6067"}],"wp:attachment":[{"href":"https:\/\/bolbec-running-club.org\/index.php?rest_route=%2Fwp%2Fv2%2Fmedia&parent=6066"}],"wp:term":[{"taxonomy":"category","embeddable":true,"href":"https:\/\/bolbec-running-club.org\/index.php?rest_route=%2Fwp%2Fv2%2Fcategories&post=6066"},{"taxonomy":"post_tag","embeddable":true,"href":"https:\/\/bolbec-running-club.org\/index.php?rest_route=%2Fwp%2Fv2%2Ftags&post=6066"}],"curies":[{"name":"wp","href":"https:\/\/api.w.org\/{rel}","templated":true}]}}