{"id":6062,"date":"2025-06-08T13:18:18","date_gmt":"2025-06-08T13:18:18","guid":{"rendered":"https:\/\/bolbec-running-club.org\/?p=6062"},"modified":"2025-06-08T13:19:41","modified_gmt":"2025-06-08T13:19:41","slug":"evreux-terrain-de-jeu-du-brc-ce-samedi-7-juin","status":"publish","type":"post","link":"https:\/\/bolbec-running-club.org\/?p=6062","title":{"rendered":"\u00c9vreux, terrain de jeu du BRC ce samedi 7 juin"},"content":{"rendered":"<p data-start=\"206\" data-end=\"499\">Une petite d\u00e9l\u00e9gation du Bolbec Running Club s\u2019est rendue \u00e0 \u00c9vreux ce samedi 7 juin pour prendre part \u00e0 un meeting r\u00e9gional o\u00f9 le vent et la pluie ont impos\u00e9 leur rythme. Malgr\u00e9 des conditions m\u00e9t\u00e9orologiques capricieuses, les athl\u00e8tes ont fait preuve d\u2019envie, de combativit\u00e9 et de r\u00e9gularit\u00e9.<\/p>\n<p data-start=\"501\" data-end=\"1028\">Les premiers \u00e0 s\u2019\u00e9lancer sur la piste \u00e9taient Lucas Legendre et Natha\u00ebl Blondel, tous deux engag\u00e9s sur 800 m\u00e8tres. Lucas, qui esp\u00e9rait un d\u00e9part rapide, n\u2019a pas r\u00e9ussi \u00e0 se placer comme il l\u2019aurait souhait\u00e9 d\u00e8s les premiers m\u00e8tres. Mais gr\u00e2ce \u00e0 un second tour solide, il boucle le double tour de piste en 2\u201908\u2019\u201976, un chrono encourageant. De son c\u00f4t\u00e9, Natha\u00ebl a d\u00fb composer avec un vent tenace et une course vite isol\u00e9e. Il termine dans ses temps habituels, avec une vraie solidit\u00e9 mentale et un peu plus d\u2019exp\u00e9rience en poche.<\/p>\n<p data-start=\"1030\" data-end=\"1466\">Place ensuite au 1500 m\u00e8tres, avec quatre athl\u00e8tes du BRC engag\u00e9s. Les premi\u00e8res \u00e0 s\u2019\u00e9lancer furent Nolia Chantrel et Mil\u00e8ne Folliot. Mil\u00e8ne abordait cette course avec la confiance acquise lors du meeting de Maromme, o\u00f9 elle avait sign\u00e9 un prometteur 5\u201923. Ce samedi, sous la pluie et dans le vent, l\u2019objectif \u00e9tait de rester dans cette dynamique. Mission accomplie avec un tr\u00e8s bon 5\u201926, preuve de sa r\u00e9gularit\u00e9 et de sa d\u00e9termination.<\/p>\n<p data-start=\"1468\" data-end=\"1856\">Nolia, quant \u00e0 elle, d\u00e9couvrait la distance. Apr\u00e8s un excellent premier 1000 m\u00e8tres, la fin de course fut plus difficile. Mais sa capacit\u00e9 \u00e0 tenir des allures rapides et son engagement laissent entrevoir de belles perspectives. Place maintenant \u00e0 un mois de juin ax\u00e9 sur l\u2019entra\u00eenement, avant un 10 km en Allemagne le 4 juillet prochain, une distance plus en ad\u00e9quation avec ses qualit\u00e9s.<\/p>\n<p data-start=\"1858\" data-end=\"2273\">Chez les gar\u00e7ons, Kylian Bullock et Tommy Versavel compl\u00e9taient la d\u00e9l\u00e9gation sur 1500 m. Kylian a r\u00e9alis\u00e9 un d\u00e9part tr\u00e8s propre, avec un 800 m bien ma\u00eetris\u00e9, peut-\u00eatre un peu rapide. Le manque de fra\u00eecheur s\u2019est fait sentir dans les derniers m\u00e8tres, et l\u2019objectif d\u2019approcher les 4\u201930 s\u2019est envol\u00e9. Mais pour sa troisi\u00e8me comp\u00e9tition sur piste seulement, Kylian engrange de l\u2019exp\u00e9rience et continue sa progression.<\/p>\n<p data-start=\"2275\" data-end=\"2876\">Tommy Versavel, de son c\u00f4t\u00e9, a une nouvelle fois r\u00e9pondu pr\u00e9sent et montr\u00e9 son caract\u00e8re. Auteur d\u2019un prometteur 4\u201926 \u00e0 Maromme pour sa premi\u00e8re sortie de la saison, il avait \u00e0 c\u0153ur de r\u00e9it\u00e9rer la performance. D\u00e8s les premiers tours de piste, il affiche la couleur avec une allure tr\u00e8s ambitieuse, cal\u00e9e sur les bases d\u2019un 4\u201910. Le pari \u00e9tait os\u00e9, et le prix \u00e0 payer logique : une fin de course plus difficile. Mais Tommy a tenu, s\u2019est accroch\u00e9 et franchit une nouvelle fois la ligne en 4\u201926. Une performance qui confirme son potentiel\u2026 et laisse pr\u00e9sager qu\u2019il ira chercher encore mieux tr\u00e8s bient\u00f4t.<\/p>\n<p data-start=\"2878\" data-end=\"3024\">Une sortie enrichissante pour le BRC, avec de l&rsquo;exp\u00e9rience, des chronos solides et un bel \u00e9tat d\u2019esprit collectif. La suite s\u2019annonce prometteuse.<\/p>\n<p data-start=\"2878\" data-end=\"3024\">Retrouvez toutes les photos <a href='https:\/\/bolbec-running-club.org\/?page_id=907' class='small-button smallorange'>ici<\/a><\/p>\n","protected":false},"excerpt":{"rendered":"<p>Une petite d\u00e9l\u00e9gation du Bolbec Running Club s\u2019est rendue \u00e0 \u00c9vreux ce samedi 7 juin pour prendre part \u00e0 un meeting r\u00e9gional o\u00f9 le vent et la pluie ont impos\u00e9 leur rythme. Malgr\u00e9 des conditions m\u00e9t\u00e9orologiques capricieuses, les athl\u00e8tes ont fait preuve d\u2019envie, de combativit\u00e9 et de r\u00e9gularit\u00e9. Les premiers \u00e0 s\u2019\u00e9lancer sur la piste [&hellip;]<\/p>\n","protected":false},"author":1,"featured_media":6002,"comment_status":"open","ping_status":"open","sticky":false,"template":"","format":"standard","meta":{"_et_pb_use_builder":"","_et_pb_old_content":"","_et_gb_content_width":"","footnotes":""},"categories":[1],"tags":[],"class_list":["post-6062","post","type-post","status-publish","format-standard","has-post-thumbnail","hentry","category-article-competition"],"aioseo_notices":[],"jetpack_featured_media_url":"https:\/\/bolbec-running-club.org\/wp-content\/uploads\/2025\/06\/DSC_3147-scaled.jpg","_links":{"self":[{"href":"https:\/\/bolbec-running-club.org\/index.php?rest_route=\/wp\/v2\/posts\/6062","targetHints":{"allow":["GET"]}}],"collection":[{"href":"https:\/\/bolbec-running-club.org\/index.php?rest_route=\/wp\/v2\/posts"}],"about":[{"href":"https:\/\/bolbec-running-club.org\/index.php?rest_route=\/wp\/v2\/types\/post"}],"author":[{"embeddable":true,"href":"https:\/\/bolbec-running-club.org\/index.php?rest_route=\/wp\/v2\/users\/1"}],"replies":[{"embeddable":true,"href":"https:\/\/bolbec-running-club.org\/index.php?rest_route=%2Fwp%2Fv2%2Fcomments&post=6062"}],"version-history":[{"count":2,"href":"https:\/\/bolbec-running-club.org\/index.php?rest_route=\/wp\/v2\/posts\/6062\/revisions"}],"predecessor-version":[{"id":6064,"href":"https:\/\/bolbec-running-club.org\/index.php?rest_route=\/wp\/v2\/posts\/6062\/revisions\/6064"}],"wp:featuredmedia":[{"embeddable":true,"href":"https:\/\/bolbec-running-club.org\/index.php?rest_route=\/wp\/v2\/media\/6002"}],"wp:attachment":[{"href":"https:\/\/bolbec-running-club.org\/index.php?rest_route=%2Fwp%2Fv2%2Fmedia&parent=6062"}],"wp:term":[{"taxonomy":"category","embeddable":true,"href":"https:\/\/bolbec-running-club.org\/index.php?rest_route=%2Fwp%2Fv2%2Fcategories&post=6062"},{"taxonomy":"post_tag","embeddable":true,"href":"https:\/\/bolbec-running-club.org\/index.php?rest_route=%2Fwp%2Fv2%2Ftags&post=6062"}],"curies":[{"name":"wp","href":"https:\/\/api.w.org\/{rel}","templated":true}]}}