{"id":5801,"date":"2025-06-03T10:02:58","date_gmt":"2025-06-03T10:02:58","guid":{"rendered":"https:\/\/bolbec-running-club.org\/?p=5801"},"modified":"2025-06-03T10:02:58","modified_gmt":"2025-06-03T10:02:58","slug":"le-brc-a-annecy-6-coureurs-6-histoires-un-seul-esprit","status":"publish","type":"post","link":"https:\/\/bolbec-running-club.org\/?p=5801","title":{"rendered":"Le BRC \u00e0 Annecy : 6 coureurs, 6 histoires, un seul esprit"},"content":{"rendered":"<p>Ce week-end, <strong>6 athl\u00e8tes du Bolbec Running Club<\/strong> ont pris le d\u00e9part \u00e0 Annecy sur des formats exigeants, techniques, montagneux, sous une <strong>chaleur \u00e9touffante<\/strong>. Une pr\u00e9paration de <strong>12 semaines<\/strong> derri\u00e8re eux, une montagne devant. Et au bout : <strong>de grandes performances<\/strong>, mais surtout <strong>de tr\u00e8s belles histoires humaines<\/strong>.<\/p>\n<p><strong> Julien Martino \u2013 Le 100 km de la ma\u00eetrise<\/strong><\/p>\n<p>C\u2019est samedi \u00e0 2h34 que <strong>Julien Martino<\/strong> s\u2019\u00e9lance pour le <strong>tour complet du lac d\u2019Annecy<\/strong> : 100 km et 4500 m de D+. L\u2019exp\u00e9rience s\u2019annonce incroyable, et elle l\u2019est.<\/p>\n<p>La m\u00e9t\u00e9o est au rendez-vous, mais la chaleur grimpe vite sur les sentiers, d\u00e9passant les <strong>30\u00b0C<\/strong>. Julien reste <strong>imperturbable<\/strong>. Il s\u2019hydrate, s\u2019alimente, g\u00e8re son allure \u00e0 la perfection. Les copains sont l\u00e0, pr\u00e9sents aux bases de vie, assurent le soutien logistique et mental.<\/p>\n<p>Mais le plus impressionnant, c\u2019est la <strong>seconde moiti\u00e9 de course<\/strong>, plus difficile sur le papier, que Julien effectue <strong>plus rapidement que la premi\u00e8re<\/strong>. Il reste lucide, solide, jusqu\u2019au bout. Il boucle ce 100 km <strong>en 15h54<\/strong>, se classant <strong>276e sur plus de 2000 finishers<\/strong>. Un exploit, tout simplement. Une gestion de pro, une course exemplaire.<\/p>\n<p><strong>\u200d\u2642\ufe0f Morgan Le Gal \u2013 Mental d\u2019acier sur le 16 km<\/strong><\/p>\n<p>\u00c0 9h30, <strong>Morgan Le Gal<\/strong> s\u2019\u00e9lance sur le 16 km, frustr\u00e9 de ne pas avoir trouv\u00e9 de dossard pour une distance plus longue. Mais il a transform\u00e9 cette frustration en <strong>d\u00e9termination pure<\/strong>.<\/p>\n<p>Son objectif est simple : <strong>tenir mentalement<\/strong>, <strong>se faire mal<\/strong>, sortir de sa zone de confort. Il part sur un <strong>rythme tr\u00e8s \u00e9lev\u00e9<\/strong>, grimpe avec tout ce qu\u2019il a. Il atteint le sommet \u00e9puis\u00e9, mais satisfait d\u2019avoir tout donn\u00e9.<\/p>\n<p>La descente est technique, pi\u00e9geuse. Il manque un peu d\u2019exp\u00e9rience, mais il s\u2019accroche, <strong>assure comme il peut<\/strong>, pour ne pas perdre trop de temps. Il termine <strong>\u00e9puis\u00e9, vid\u00e9<\/strong>, mais <strong>plus fort mentalement que jamais<\/strong>. Un vrai d\u00e9clic. Morgan sait maintenant qu\u2019il peut viser plus haut.<\/p>\n<p><strong> Soizic Martin \u2013 Un Top 50 pour une premi\u00e8re en montagne<\/strong><\/p>\n<p>Dimanche \u00e0 4h30, <strong>Soizic Martin<\/strong> s\u2019\u00e9lance pour son tout premier trail en montagne : <strong>58 km avec 3500 m de D+<\/strong>. Le stress est l\u00e0, l\u2019envie de bien faire aussi. Elle se fixe un objectif ambitieux : <strong>courir autour des 9h et viser un bon classement<\/strong>.<\/p>\n<p>Le d\u00e9but de course se d\u00e9roule parfaitement. Soizic est concentr\u00e9e, fluide, efficace. Sur la fin, les choses se compliquent : <strong>elle n\u2019arrive plus \u00e0 s\u2019alimenter correctement<\/strong>, mais elle ne l\u00e2che rien. Elle sait que le <strong>Top 50 f\u00e9minin<\/strong> est \u00e0 port\u00e9e.<\/p>\n<p>Elle serre les dents, continue d\u2019avancer avec d\u00e9termination, et elle r\u00e9ussit : <strong>9h10 de course, 42e femme au scratch, 29e chez les s\u00e9niors.<\/strong> Une performance exceptionnelle pour une Normande peu habitu\u00e9e \u00e0 ce type de terrain. Une vraie r\u00e9v\u00e9lation.<\/p>\n<p><strong> La\u00ebtitia Saussaye \u2013 Premi\u00e8re longue, premi\u00e8re le\u00e7on<\/strong><\/p>\n<p>\u00c0 10h, <strong>La\u00ebtitia<\/strong> prend le d\u00e9part du 42 km. C\u2019est sa toute premi\u00e8re exp\u00e9rience sur ce type de distance et de terrain. Jusqu\u2019ici, sa plus grande course \u00e9tait le semi de Cabourg, en mars. L\u2019appr\u00e9hension est donc bien pr\u00e9sente.<\/p>\n<p>Elle part un peu trop vite, gris\u00e9e par l\u2019euphorie du d\u00e9part. Rapidement, elle prend un <strong>gros coup de chaud \u00e0 mi-course<\/strong>, et les doutes l\u2019envahissent. Mais La\u00ebtitia sait d\u00e9sormais <strong>s\u2019\u00e9couter, temporiser, rel\u00e2cher.<\/strong> Elle prend le temps de souffler au ravitaillement, repart avec un <strong>mental tr\u00e8s positif<\/strong>, et reprend le contr\u00f4le.<\/p>\n<p>Son seul objectif ? <strong>Finir.<\/strong> Et elle le fait, <strong>en moins de 8h.<\/strong> Une premi\u00e8re longue distance en trail r\u00e9ussie. Elle rentre avec <strong>l\u2019exp\u00e9rience<\/strong>, <strong>la fiert\u00e9<\/strong>, et l\u2019envie de continuer \u00e0 progresser.<\/p>\n<p><strong> Pierrick Vendrand \u2013 Un chrono sous les 6h magistral<\/strong><\/p>\n<p>Engag\u00e9 lui aussi sur le 42 km, <strong>Pierrick<\/strong> aborde la course avec ambition. Il a l\u2019habitude de ces formats, la pr\u00e9paration a \u00e9t\u00e9 bonne, les sensations sont l\u00e0. Et d\u00e8s le d\u00e9part, il impose un <strong>rythme solide<\/strong>.<\/p>\n<p>\u00c0 chaque ravito, les copains sont l\u00e0, et lui donnent des nouvelles d\u2019Estelle. La complicit\u00e9 entre eux est forte, palpable. Pierrick d\u00e9roule sa course, reste <strong>constant, fort, concentr\u00e9<\/strong>.<\/p>\n<p>\u00c0 l\u2019approche de la derni\u00e8re descente, les amis viennent \u00e0 sa rencontre pour le booster une derni\u00e8re fois. Mais Pierrick <strong>n\u2019a pas besoin d\u2019aide<\/strong> : il est <strong>survolt\u00e9<\/strong>, <strong>acc\u00e9l\u00e8re<\/strong>, <strong>vole jusqu\u2019\u00e0 l\u2019arriv\u00e9e<\/strong>. Il franchit la ligne en <strong>5h58<\/strong>, sous la barri\u00e8re des 6h, avec la mani\u00e8re. Une course parfaitement men\u00e9e de bout en bout.<\/p>\n<p><strong> Estelle Bellanger \u2013 Une autre dimension<\/strong><\/p>\n<p>Et puis il y a <strong>Estelle<\/strong>.<\/p>\n<p>Depuis son marathon de Rome, Estelle n\u2019est plus tout \u00e0 fait la m\u00eame. Plus confiante, plus sereine, plus forte. Mais \u00e0 Annecy, elle <strong>change de dimension.<\/strong><\/p>\n<p>Sur ce 42 km de montagne avec <strong>2500 m de D+<\/strong>, elle r\u00e9alise une course <strong>remarquable \u00e0 tous les niveaux.<\/strong> Les mont\u00e9es ? Aval\u00e9es sans rel\u00e2che. Les descentes ? Techniques et usantes, mais elle reste lucide. L\u2019alimentation ? G\u00e9r\u00e9e \u00e0 la perfection. <strong>Pas une erreur. Pas un fl\u00e9chissement.<\/strong><\/p>\n<p>\u00c0 quelques kilom\u00e8tres de l\u2019arriv\u00e9e, elle regarde sa montre : elle peut <strong>passer sous les 7h<\/strong>. Mais elle va <strong>encore plus loin.<\/strong> Elle termine en <strong>6h36<\/strong>.<\/p>\n<p>Et ce n\u2019est pas tout :<\/p>\n<ul>\n<li><strong>26e femme sur pr\u00e8s de 500<\/strong><\/li>\n<li><strong>286e au g\u00e9n\u00e9ral sur 1500<\/strong><\/li>\n<\/ul>\n<p>Estelle est <strong>infirmi\u00e8re lib\u00e9rale<\/strong>, elle court <strong>4 \u00e0 5 fois par semaine<\/strong>, tout en g\u00e9rant <strong>un emploi du temps charg\u00e9 et exigeant.<\/strong> Et malgr\u00e9 tout, elle est l\u00e0, <strong>au sommet<\/strong>, parmi les meilleures.<\/p>\n<p> Ce qu\u2019elle accomplit ici est <strong>tout simplement exceptionnel.<\/strong> Pas juste pour une athl\u00e8te amateur, mais pour <strong>n\u2019importe quel traileur.<\/strong> 2025 marque un <strong>tournant<\/strong> dans sa progression. Elle inspire, elle impressionne, elle montre que tout est possible avec du travail, de la r\u00e9gularit\u00e9 et du mental.<\/p>\n<p><strong> Un week-end inoubliable pour le BRC<\/strong><\/p>\n<p>6 coureurs.<br \/>\n6 courses.<br \/>\n6 histoires diff\u00e9rentes, mais un m\u00eame fil conducteur : <strong>la passion du trail, l\u2019envie de se d\u00e9passer, l\u2019\u00e9nergie collective.<\/strong><\/p>\n<p>Ils ont tous brill\u00e9 \u00e0 leur mani\u00e8re.<br \/>\nEt surtout : <strong>ils ont fait honneur au club.<\/strong><\/p>\n<p>Bravo \u00e0 Julien, Morgan, Soizic, La\u00ebtitia, Pierrick et Estelle. Vous avez \u00e9t\u00e9 \u00e9normes. <\/p>\n<p>&nbsp;<\/p>\n","protected":false},"excerpt":{"rendered":"<p>Ce week-end, 6 athl\u00e8tes du Bolbec Running Club ont pris le d\u00e9part \u00e0 Annecy sur des formats exigeants, techniques, montagneux, sous une chaleur \u00e9touffante. Une pr\u00e9paration de 12 semaines derri\u00e8re eux, une montagne devant. Et au bout : de grandes performances, mais surtout de tr\u00e8s belles histoires humaines. Julien Martino \u2013 Le 100 km de [&hellip;]<\/p>\n","protected":false},"author":1,"featured_media":5802,"comment_status":"open","ping_status":"open","sticky":false,"template":"","format":"standard","meta":{"_et_pb_use_builder":"","_et_pb_old_content":"","_et_gb_content_width":"","footnotes":""},"categories":[1],"tags":[],"class_list":["post-5801","post","type-post","status-publish","format-standard","has-post-thumbnail","hentry","category-article-competition"],"aioseo_notices":[],"jetpack_featured_media_url":"https:\/\/bolbec-running-club.org\/wp-content\/uploads\/2025\/06\/DSC_2624-scaled.jpg","_links":{"self":[{"href":"https:\/\/bolbec-running-club.org\/index.php?rest_route=\/wp\/v2\/posts\/5801","targetHints":{"allow":["GET"]}}],"collection":[{"href":"https:\/\/bolbec-running-club.org\/index.php?rest_route=\/wp\/v2\/posts"}],"about":[{"href":"https:\/\/bolbec-running-club.org\/index.php?rest_route=\/wp\/v2\/types\/post"}],"author":[{"embeddable":true,"href":"https:\/\/bolbec-running-club.org\/index.php?rest_route=\/wp\/v2\/users\/1"}],"replies":[{"embeddable":true,"href":"https:\/\/bolbec-running-club.org\/index.php?rest_route=%2Fwp%2Fv2%2Fcomments&post=5801"}],"version-history":[{"count":1,"href":"https:\/\/bolbec-running-club.org\/index.php?rest_route=\/wp\/v2\/posts\/5801\/revisions"}],"predecessor-version":[{"id":5803,"href":"https:\/\/bolbec-running-club.org\/index.php?rest_route=\/wp\/v2\/posts\/5801\/revisions\/5803"}],"wp:featuredmedia":[{"embeddable":true,"href":"https:\/\/bolbec-running-club.org\/index.php?rest_route=\/wp\/v2\/media\/5802"}],"wp:attachment":[{"href":"https:\/\/bolbec-running-club.org\/index.php?rest_route=%2Fwp%2Fv2%2Fmedia&parent=5801"}],"wp:term":[{"taxonomy":"category","embeddable":true,"href":"https:\/\/bolbec-running-club.org\/index.php?rest_route=%2Fwp%2Fv2%2Fcategories&post=5801"},{"taxonomy":"post_tag","embeddable":true,"href":"https:\/\/bolbec-running-club.org\/index.php?rest_route=%2Fwp%2Fv2%2Ftags&post=5801"}],"curies":[{"name":"wp","href":"https:\/\/api.w.org\/{rel}","templated":true}]}}