{"id":5551,"date":"2025-05-19T15:43:16","date_gmt":"2025-05-19T15:43:16","guid":{"rendered":"https:\/\/bolbec-running-club.org\/?p=5551"},"modified":"2025-05-19T15:49:03","modified_gmt":"2025-05-19T15:49:03","slug":"double-carton-pour-le-brc-a-montivilliers-et-oissel","status":"publish","type":"post","link":"https:\/\/bolbec-running-club.org\/?p=5551","title":{"rendered":"Double carton pour le BRC \u00e0 Montivilliers et Oissel !"},"content":{"rendered":"<p class=\"\" data-start=\"128\" data-end=\"484\">Ce week-end, les couleurs du Bolbec Running Club ont une nouvelle fois brill\u00e9 sur les sentiers, \u00e0 l\u2019occasion du Trail Urbain de Montivilliers, organis\u00e9 au profit du lyc\u00e9e Jean Pr\u00e9vost. Trois formats \u00e9taient propos\u00e9s aux participants : un relais, un 6 km, et un 12 km. Sur le grand format, David Lepiller et Lucas Legendre avaient d\u00e9cid\u00e9 de relever le d\u00e9fi.<\/p>\n<p class=\"\" data-start=\"486\" data-end=\"966\">Le parcours n\u2019a pas laiss\u00e9 beaucoup de r\u00e9pit aux coureurs, avec notamment une terrible mont\u00e9e jusqu\u2019\u00e0 la c\u00e9l\u00e8bre croix qui a mis les jambes \u00e0 rude \u00e9preuve. Mais nos deux athl\u00e8tes du BRC ont su tirer leur \u00e9pingle du jeu avec brio : <strong data-start=\"717\" data-end=\"762\">David Lepiller s\u2019impose en t\u00eate de course<\/strong>, tandis que <strong data-start=\"775\" data-end=\"838\">Lucas Legendre compl\u00e8te le podium avec une superbe 3e place<\/strong>. Une tr\u00e8s belle performance collective pour le club bolb\u00e9cais, qui continue de s\u2019illustrer sur toutes les courses de la r\u00e9gion.<\/p>\n<p class=\"\" data-start=\"968\" data-end=\"1338\">Mais David Lepiller ne s\u2019est pas arr\u00eat\u00e9 l\u00e0. D\u00e8s le dimanche, il remettait un dossard sur le <strong data-start=\"1060\" data-end=\"1081\">Trail Pass\u2019Oissel<\/strong>. Au programme : 24 km exigeants. L\u00e0 encore, il n\u2019a laiss\u00e9 aucune chance \u00e0 la concurrence. <strong data-start=\"1172\" data-end=\"1242\">David s\u2019impose avec plus de 2 minutes d\u2019avance sur son poursuivant<\/strong>, d\u00e9montrant une nouvelle fois son excellent \u00e9tat de forme et sa r\u00e9gularit\u00e9 au plus haut niveau.<\/p>\n<p class=\"\" data-start=\"1340\" data-end=\"1400\">Le BRC s\u2019\u00e9tale, le BRC s\u2019impose, et surtout, le BRC avance !<\/p>\n","protected":false},"excerpt":{"rendered":"<p>Ce week-end, les couleurs du Bolbec Running Club ont une nouvelle fois brill\u00e9 sur les sentiers, \u00e0 l\u2019occasion du Trail Urbain de Montivilliers, organis\u00e9 au profit du lyc\u00e9e Jean Pr\u00e9vost. Trois formats \u00e9taient propos\u00e9s aux participants : un relais, un 6 km, et un 12 km. Sur le grand format, David Lepiller et Lucas Legendre [&hellip;]<\/p>\n","protected":false},"author":1,"featured_media":5553,"comment_status":"open","ping_status":"open","sticky":false,"template":"","format":"standard","meta":{"_et_pb_use_builder":"","_et_pb_old_content":"","_et_gb_content_width":"","footnotes":"","jetpack_post_was_ever_published":false},"categories":[1],"tags":[],"class_list":["post-5551","post","type-post","status-publish","format-standard","has-post-thumbnail","hentry","category-article-competition"],"aioseo_notices":[],"aioseo_head":"\n\t\t<!-- All in One SEO 5.0.1.1 - aioseo.com -->\n\t<meta name=\"description\" content=\"Ce week-end, les couleurs du Bolbec Running Club ont une nouvelle fois brill\u00e9 sur les sentiers, \u00e0 l\u2019occasion du Trail Urbain de Montivilliers, organis\u00e9 au profit du lyc\u00e9e Jean Pr\u00e9vost. Trois formats \u00e9taient propos\u00e9s aux participants : un relais, un 6 km, et un 12 km. Sur le grand format, David Lepiller et Lucas Legendre\" \/>\n\t<meta name=\"robots\" content=\"max-image-preview:large\" \/>\n\t<meta name=\"author\" content=\"Florian\"\/>\n\t<link rel=\"canonical\" href=\"https:\/\/bolbec-running-club.org\/?p=5551\" \/>\n\t<meta name=\"generator\" content=\"All in One SEO (AIOSEO) 5.0.1.1\" \/>\n\t\t<meta property=\"og:locale\" content=\"fr_FR\" \/>\n\t\t<meta property=\"og:site_name\" content=\"Bolbec-Running-Club - Club d&#039;athl\u00e9tisme\" \/>\n\t\t<meta property=\"og:type\" content=\"article\" \/>\n\t\t<meta property=\"og:title\" content=\"Double carton pour le BRC \u00e0 Montivilliers et Oissel ! - Bolbec-Running-Club\" \/>\n\t\t<meta property=\"og:description\" content=\"Ce week-end, les couleurs du Bolbec Running Club ont une nouvelle fois brill\u00e9 sur les sentiers, \u00e0 l\u2019occasion du Trail Urbain de Montivilliers, organis\u00e9 au profit du lyc\u00e9e Jean Pr\u00e9vost. Trois formats \u00e9taient propos\u00e9s aux participants : un relais, un 6 km, et un 12 km. Sur le grand format, David Lepiller et Lucas Legendre\" \/>\n\t\t<meta property=\"og:url\" content=\"https:\/\/bolbec-running-club.org\/?p=5551\" \/>\n\t\t<meta property=\"og:image\" content=\"https:\/\/bolbec-running-club.org\/wp-content\/uploads\/2025\/05\/IMG_3863.jpeg\" \/>\n\t\t<meta property=\"og:image:secure_url\" content=\"https:\/\/bolbec-running-club.org\/wp-content\/uploads\/2025\/05\/IMG_3863.jpeg\" \/>\n\t\t<meta property=\"og:image:width\" content=\"900\" \/>\n\t\t<meta property=\"og:image:height\" content=\"1200\" \/>\n\t\t<meta property=\"article:published_time\" content=\"2025-05-19T15:43:16+00:00\" \/>\n\t\t<meta property=\"article:modified_time\" content=\"2025-05-19T15:49:03+00:00\" \/>\n\t\t<meta name=\"twitter:card\" content=\"summary_large_image\" \/>\n\t\t<meta name=\"twitter:title\" content=\"Double carton pour le BRC \u00e0 Montivilliers et Oissel ! - Bolbec-Running-Club\" \/>\n\t\t<meta name=\"twitter:description\" content=\"Ce week-end, les couleurs du Bolbec Running Club ont une nouvelle fois brill\u00e9 sur les sentiers, \u00e0 l\u2019occasion du Trail Urbain de Montivilliers, organis\u00e9 au profit du lyc\u00e9e Jean Pr\u00e9vost. Trois formats \u00e9taient propos\u00e9s aux participants : un relais, un 6 km, et un 12 km. Sur le grand format, David Lepiller et Lucas Legendre\" \/>\n\t\t<meta name=\"twitter:image\" content=\"https:\/\/bolbec-running-club.org\/wp-content\/uploads\/2025\/05\/IMG_3863.jpeg\" \/>\n\t\t<script type=\"application\/ld+json\" class=\"aioseo-schema\">\n\t\t\t{\"@context\":\"https:\\\/\\\/schema.org\",\"@graph\":[{\"@type\":\"BlogPosting\",\"@id\":\"https:\\\/\\\/bolbec-running-club.org\\\/?p=5551#blogposting\",\"name\":\"Double carton pour le BRC \\u00e0 Montivilliers et Oissel ! - Bolbec-Running-Club\",\"headline\":\"Double carton pour le BRC \\u00e0 Montivilliers et Oissel !\",\"author\":{\"@id\":\"https:\\\/\\\/bolbec-running-club.org\\\/?author=1#author\"},\"publisher\":{\"@id\":\"https:\\\/\\\/bolbec-running-club.org\\\/#organization\"},\"image\":{\"@type\":\"ImageObject\",\"url\":\"https:\\\/\\\/bolbec-running-club.org\\\/wp-content\\\/uploads\\\/2025\\\/05\\\/IMG_3863.jpeg\",\"width\":900,\"height\":1200},\"datePublished\":\"2025-05-19T15:43:16+00:00\",\"dateModified\":\"2025-05-19T15:49:03+00:00\",\"inLanguage\":\"fr-FR\",\"mainEntityOfPage\":{\"@id\":\"https:\\\/\\\/bolbec-running-club.org\\\/?p=5551#webpage\"},\"isPartOf\":{\"@id\":\"https:\\\/\\\/bolbec-running-club.org\\\/?p=5551#webpage\"},\"articleSection\":\"Article comp\\u00e9tition\"},{\"@type\":\"BreadcrumbList\",\"@id\":\"https:\\\/\\\/bolbec-running-club.org\\\/?p=5551#breadcrumblist\",\"itemListElement\":[{\"@type\":\"ListItem\",\"@id\":\"https:\\\/\\\/bolbec-running-club.org#listItem\",\"position\":1,\"name\":\"Domicile\",\"item\":\"https:\\\/\\\/bolbec-running-club.org\",\"nextItem\":{\"@type\":\"ListItem\",\"@id\":\"https:\\\/\\\/bolbec-running-club.org\\\/?cat=1#listItem\",\"name\":\"Article comp\\u00e9tition\"}},{\"@type\":\"ListItem\",\"@id\":\"https:\\\/\\\/bolbec-running-club.org\\\/?cat=1#listItem\",\"position\":2,\"name\":\"Article comp\\u00e9tition\",\"item\":\"https:\\\/\\\/bolbec-running-club.org\\\/?cat=1\",\"nextItem\":{\"@type\":\"ListItem\",\"@id\":\"https:\\\/\\\/bolbec-running-club.org\\\/?p=5551#listItem\",\"name\":\"Double carton pour le BRC \\u00e0 Montivilliers et Oissel !\"},\"previousItem\":{\"@type\":\"ListItem\",\"@id\":\"https:\\\/\\\/bolbec-running-club.org#listItem\",\"name\":\"Domicile\"}},{\"@type\":\"ListItem\",\"@id\":\"https:\\\/\\\/bolbec-running-club.org\\\/?p=5551#listItem\",\"position\":3,\"name\":\"Double carton pour le BRC \\u00e0 Montivilliers et Oissel !\",\"previousItem\":{\"@type\":\"ListItem\",\"@id\":\"https:\\\/\\\/bolbec-running-club.org\\\/?cat=1#listItem\",\"name\":\"Article comp\\u00e9tition\"}}]},{\"@type\":\"Organization\",\"@id\":\"https:\\\/\\\/bolbec-running-club.org\\\/#organization\",\"name\":\"Bolbec-Running-Club\",\"description\":\"Club d'athl\\u00e9tisme\",\"url\":\"https:\\\/\\\/bolbec-running-club.org\\\/\",\"telephone\":\"+33629787023\",\"logo\":{\"@type\":\"ImageObject\",\"url\":\"https:\\\/\\\/bolbec-running-club.org\\\/wp-content\\\/uploads\\\/2024\\\/03\\\/cropped-1-1-1.jpg\",\"@id\":\"https:\\\/\\\/bolbec-running-club.org\\\/?p=5551\\\/#organizationLogo\",\"width\":2000,\"height\":2000},\"image\":{\"@id\":\"https:\\\/\\\/bolbec-running-club.org\\\/?p=5551\\\/#organizationLogo\"}},{\"@type\":\"Person\",\"@id\":\"https:\\\/\\\/bolbec-running-club.org\\\/?author=1#author\",\"url\":\"https:\\\/\\\/bolbec-running-club.org\\\/?author=1\",\"name\":\"Florian\"},{\"@type\":\"WebPage\",\"@id\":\"https:\\\/\\\/bolbec-running-club.org\\\/?p=5551#webpage\",\"url\":\"https:\\\/\\\/bolbec-running-club.org\\\/?p=5551\",\"name\":\"Double carton pour le BRC \\u00e0 Montivilliers et Oissel ! - Bolbec-Running-Club\",\"description\":\"Ce week-end, les couleurs du Bolbec Running Club ont une nouvelle fois brill\\u00e9 sur les sentiers, \\u00e0 l\\u2019occasion du Trail Urbain de Montivilliers, organis\\u00e9 au profit du lyc\\u00e9e Jean Pr\\u00e9vost. Trois formats \\u00e9taient propos\\u00e9s aux participants : un relais, un 6 km, et un 12 km. Sur le grand format, David Lepiller et Lucas Legendre\",\"inLanguage\":\"fr-FR\",\"isPartOf\":{\"@id\":\"https:\\\/\\\/bolbec-running-club.org\\\/#website\"},\"breadcrumb\":{\"@id\":\"https:\\\/\\\/bolbec-running-club.org\\\/?p=5551#breadcrumblist\"},\"author\":{\"@id\":\"https:\\\/\\\/bolbec-running-club.org\\\/?author=1#author\"},\"creator\":{\"@id\":\"https:\\\/\\\/bolbec-running-club.org\\\/?author=1#author\"},\"image\":{\"@type\":\"ImageObject\",\"url\":\"https:\\\/\\\/bolbec-running-club.org\\\/wp-content\\\/uploads\\\/2025\\\/05\\\/IMG_3863.jpeg\",\"@id\":\"https:\\\/\\\/bolbec-running-club.org\\\/?p=5551\\\/#mainImage\",\"width\":900,\"height\":1200},\"primaryImageOfPage\":{\"@id\":\"https:\\\/\\\/bolbec-running-club.org\\\/?p=5551#mainImage\"},\"datePublished\":\"2025-05-19T15:43:16+00:00\",\"dateModified\":\"2025-05-19T15:49:03+00:00\"},{\"@type\":\"WebSite\",\"@id\":\"https:\\\/\\\/bolbec-running-club.org\\\/#website\",\"url\":\"https:\\\/\\\/bolbec-running-club.org\\\/\",\"name\":\"Bolbec-Running-Club\",\"description\":\"Club d'athl\\u00e9tisme\",\"inLanguage\":\"fr-FR\",\"publisher\":{\"@id\":\"https:\\\/\\\/bolbec-running-club.org\\\/#organization\"}}]}\n\t\t<\/script>\n\t\t<!-- All in One SEO -->\n\n","aioseo_head_json":{"title":"Double carton pour le BRC \u00e0 Montivilliers et Oissel ! - Bolbec-Running-Club","description":"Ce week-end, les couleurs du Bolbec Running Club ont une nouvelle fois brill\u00e9 sur les sentiers, \u00e0 l\u2019occasion du Trail Urbain de Montivilliers, organis\u00e9 au profit du lyc\u00e9e Jean Pr\u00e9vost. Trois formats \u00e9taient propos\u00e9s aux participants : un relais, un 6 km, et un 12 km. Sur le grand format, David Lepiller et Lucas Legendre","canonical_url":"https:\/\/bolbec-running-club.org\/?p=5551","robots":"max-image-preview:large","keywords":"","webmasterTools":{"miscellaneous":""},"schema":{"@context":"https:\/\/schema.org","@graph":[{"@type":"BlogPosting","@id":"https:\/\/bolbec-running-club.org\/?p=5551#blogposting","name":"Double carton pour le BRC \u00e0 Montivilliers et Oissel ! - Bolbec-Running-Club","headline":"Double carton pour le BRC \u00e0 Montivilliers et Oissel !","author":{"@id":"https:\/\/bolbec-running-club.org\/?author=1#author"},"publisher":{"@id":"https:\/\/bolbec-running-club.org\/#organization"},"image":{"@type":"ImageObject","url":"https:\/\/bolbec-running-club.org\/wp-content\/uploads\/2025\/05\/IMG_3863.jpeg","width":900,"height":1200},"datePublished":"2025-05-19T15:43:16+00:00","dateModified":"2025-05-19T15:49:03+00:00","inLanguage":"fr-FR","mainEntityOfPage":{"@id":"https:\/\/bolbec-running-club.org\/?p=5551#webpage"},"isPartOf":{"@id":"https:\/\/bolbec-running-club.org\/?p=5551#webpage"},"articleSection":"Article comp\u00e9tition"},{"@type":"BreadcrumbList","@id":"https:\/\/bolbec-running-club.org\/?p=5551#breadcrumblist","itemListElement":[{"@type":"ListItem","@id":"https:\/\/bolbec-running-club.org#listItem","position":1,"name":"Domicile","item":"https:\/\/bolbec-running-club.org","nextItem":{"@type":"ListItem","@id":"https:\/\/bolbec-running-club.org\/?cat=1#listItem","name":"Article comp\u00e9tition"}},{"@type":"ListItem","@id":"https:\/\/bolbec-running-club.org\/?cat=1#listItem","position":2,"name":"Article comp\u00e9tition","item":"https:\/\/bolbec-running-club.org\/?cat=1","nextItem":{"@type":"ListItem","@id":"https:\/\/bolbec-running-club.org\/?p=5551#listItem","name":"Double carton pour le BRC \u00e0 Montivilliers et Oissel !"},"previousItem":{"@type":"ListItem","@id":"https:\/\/bolbec-running-club.org#listItem","name":"Domicile"}},{"@type":"ListItem","@id":"https:\/\/bolbec-running-club.org\/?p=5551#listItem","position":3,"name":"Double carton pour le BRC \u00e0 Montivilliers et Oissel !","previousItem":{"@type":"ListItem","@id":"https:\/\/bolbec-running-club.org\/?cat=1#listItem","name":"Article comp\u00e9tition"}}]},{"@type":"Organization","@id":"https:\/\/bolbec-running-club.org\/#organization","name":"Bolbec-Running-Club","description":"Club d'athl\u00e9tisme","url":"https:\/\/bolbec-running-club.org\/","telephone":"+33629787023","logo":{"@type":"ImageObject","url":"https:\/\/bolbec-running-club.org\/wp-content\/uploads\/2024\/03\/cropped-1-1-1.jpg","@id":"https:\/\/bolbec-running-club.org\/?p=5551\/#organizationLogo","width":2000,"height":2000},"image":{"@id":"https:\/\/bolbec-running-club.org\/?p=5551\/#organizationLogo"}},{"@type":"Person","@id":"https:\/\/bolbec-running-club.org\/?author=1#author","url":"https:\/\/bolbec-running-club.org\/?author=1","name":"Florian"},{"@type":"WebPage","@id":"https:\/\/bolbec-running-club.org\/?p=5551#webpage","url":"https:\/\/bolbec-running-club.org\/?p=5551","name":"Double carton pour le BRC \u00e0 Montivilliers et Oissel ! - Bolbec-Running-Club","description":"Ce week-end, les couleurs du Bolbec Running Club ont une nouvelle fois brill\u00e9 sur les sentiers, \u00e0 l\u2019occasion du Trail Urbain de Montivilliers, organis\u00e9 au profit du lyc\u00e9e Jean Pr\u00e9vost. Trois formats \u00e9taient propos\u00e9s aux participants : un relais, un 6 km, et un 12 km. Sur le grand format, David Lepiller et Lucas Legendre","inLanguage":"fr-FR","isPartOf":{"@id":"https:\/\/bolbec-running-club.org\/#website"},"breadcrumb":{"@id":"https:\/\/bolbec-running-club.org\/?p=5551#breadcrumblist"},"author":{"@id":"https:\/\/bolbec-running-club.org\/?author=1#author"},"creator":{"@id":"https:\/\/bolbec-running-club.org\/?author=1#author"},"image":{"@type":"ImageObject","url":"https:\/\/bolbec-running-club.org\/wp-content\/uploads\/2025\/05\/IMG_3863.jpeg","@id":"https:\/\/bolbec-running-club.org\/?p=5551\/#mainImage","width":900,"height":1200},"primaryImageOfPage":{"@id":"https:\/\/bolbec-running-club.org\/?p=5551#mainImage"},"datePublished":"2025-05-19T15:43:16+00:00","dateModified":"2025-05-19T15:49:03+00:00"},{"@type":"WebSite","@id":"https:\/\/bolbec-running-club.org\/#website","url":"https:\/\/bolbec-running-club.org\/","name":"Bolbec-Running-Club","description":"Club d'athl\u00e9tisme","inLanguage":"fr-FR","publisher":{"@id":"https:\/\/bolbec-running-club.org\/#organization"}}]},"og:locale":"fr_FR","og:site_name":"Bolbec-Running-Club - Club d'athl\u00e9tisme","og:type":"article","og:title":"Double carton pour le BRC \u00e0 Montivilliers et Oissel ! - Bolbec-Running-Club","og:description":"Ce week-end, les couleurs du Bolbec Running Club ont une nouvelle fois brill\u00e9 sur les sentiers, \u00e0 l\u2019occasion du Trail Urbain de Montivilliers, organis\u00e9 au profit du lyc\u00e9e Jean Pr\u00e9vost. Trois formats \u00e9taient propos\u00e9s aux participants : un relais, un 6 km, et un 12 km. Sur le grand format, David Lepiller et Lucas Legendre","og:url":"https:\/\/bolbec-running-club.org\/?p=5551","og:image":"https:\/\/bolbec-running-club.org\/wp-content\/uploads\/2025\/05\/IMG_3863.jpeg","og:image:secure_url":"https:\/\/bolbec-running-club.org\/wp-content\/uploads\/2025\/05\/IMG_3863.jpeg","og:image:width":"900","og:image:height":"1200","article:published_time":"2025-05-19T15:43:16+00:00","article:modified_time":"2025-05-19T15:49:03+00:00","twitter:card":"summary_large_image","twitter:title":"Double carton pour le BRC \u00e0 Montivilliers et Oissel ! - Bolbec-Running-Club","twitter:description":"Ce week-end, les couleurs du Bolbec Running Club ont une nouvelle fois brill\u00e9 sur les sentiers, \u00e0 l\u2019occasion du Trail Urbain de Montivilliers, organis\u00e9 au profit du lyc\u00e9e Jean Pr\u00e9vost. Trois formats \u00e9taient propos\u00e9s aux participants : un relais, un 6 km, et un 12 km. Sur le grand format, David Lepiller et Lucas Legendre","twitter:image":"https:\/\/bolbec-running-club.org\/wp-content\/uploads\/2025\/05\/IMG_3863.jpeg"},"aioseo_meta_data":{"post_id":"5551","title":null,"description":null,"keywords":null,"keyphrases":{"focus":{"keyphrase":"","score":0,"analysis":{"keyphraseInTitle":{"score":0,"maxScore":9,"error":1}}},"additional":[]},"primary_term":null,"canonical_url":null,"og_title":null,"og_description":null,"og_object_type":"default","og_image_type":"featured","og_image_url":"https:\/\/bolbec-running-club.org\/wp-content\/uploads\/2025\/05\/IMG_3863.jpeg","og_image_width":"900","og_image_height":"1200","og_image_custom_url":null,"og_image_custom_fields":null,"og_video":"","og_custom_url":null,"og_article_section":null,"og_article_tags":null,"twitter_use_og":false,"twitter_card":"default","twitter_image_type":"default","twitter_image_url":null,"twitter_image_custom_url":null,"twitter_image_custom_fields":null,"twitter_title":null,"twitter_description":null,"schema":{"blockGraphs":[],"customGraphs":[],"default":{"data":{"Article":[],"Course":[],"Dataset":[],"FAQPage":[],"Movie":[],"Person":[],"Product":[],"ProductReview":[],"Car":[],"Recipe":[],"Service":[],"SoftwareApplication":[],"WebPage":[]},"graphName":"BlogPosting","isEnabled":true},"graphs":[]},"schema_type":"default","schema_type_options":null,"pillar_content":false,"robots_default":true,"robots_noindex":false,"robots_noarchive":false,"robots_nosnippet":false,"robots_nofollow":false,"robots_noimageindex":false,"robots_noodp":false,"robots_notranslate":false,"robots_max_snippet":"-1","robots_max_videopreview":"-1","robots_max_imagepreview":"large","priority":null,"frequency":"default","local_seo":null,"breadcrumb_settings":null,"limit_modified_date":false,"ai":null,"created":"2025-05-19 15:43:16","updated":"2025-06-06 11:49:26","seo_analyzer_scan_date":null,"focus_keyword":null,"additional_keywords":null,"truseo_locale":null},"aioseo_breadcrumb":"<div class=\"aioseo-breadcrumbs\"><span class=\"aioseo-breadcrumb\">\n\t\t\t<a href=\"https:\/\/bolbec-running-club.org\" title=\"Domicile\">Domicile<\/a>\n\t\t<\/span><span class=\"aioseo-breadcrumb-separator\">&raquo;<\/span><span class=\"aioseo-breadcrumb\">\n\t\t\t<a href=\"https:\/\/bolbec-running-club.org\/?cat=1\" title=\"Article comp\u00e9tition\">Article comp\u00e9tition<\/a>\n\t\t<\/span><span class=\"aioseo-breadcrumb-separator\">&raquo;<\/span><span class=\"aioseo-breadcrumb\">\n\t\t\tDouble carton pour le BRC \u00e0 Montivilliers et Oissel !\n\t\t<\/span><\/div>","aioseo_breadcrumb_json":[{"label":"Domicile","link":"https:\/\/bolbec-running-club.org"},{"label":"Article comp\u00e9tition","link":"https:\/\/bolbec-running-club.org\/?cat=1"},{"label":"Double carton pour le BRC \u00e0 Montivilliers et Oissel !","link":"https:\/\/bolbec-running-club.org\/?p=5551"}],"jetpack_featured_media_url":"https:\/\/bolbec-running-club.org\/wp-content\/uploads\/2025\/05\/IMG_3863.jpeg","_links":{"self":[{"href":"https:\/\/bolbec-running-club.org\/index.php?rest_route=\/wp\/v2\/posts\/5551","targetHints":{"allow":["GET"]}}],"collection":[{"href":"https:\/\/bolbec-running-club.org\/index.php?rest_route=\/wp\/v2\/posts"}],"about":[{"href":"https:\/\/bolbec-running-club.org\/index.php?rest_route=\/wp\/v2\/types\/post"}],"author":[{"embeddable":true,"href":"https:\/\/bolbec-running-club.org\/index.php?rest_route=\/wp\/v2\/users\/1"}],"replies":[{"embeddable":true,"href":"https:\/\/bolbec-running-club.org\/index.php?rest_route=%2Fwp%2Fv2%2Fcomments&post=5551"}],"version-history":[{"count":1,"href":"https:\/\/bolbec-running-club.org\/index.php?rest_route=\/wp\/v2\/posts\/5551\/revisions"}],"predecessor-version":[{"id":5552,"href":"https:\/\/bolbec-running-club.org\/index.php?rest_route=\/wp\/v2\/posts\/5551\/revisions\/5552"}],"wp:featuredmedia":[{"embeddable":true,"href":"https:\/\/bolbec-running-club.org\/index.php?rest_route=\/wp\/v2\/media\/5553"}],"wp:attachment":[{"href":"https:\/\/bolbec-running-club.org\/index.php?rest_route=%2Fwp%2Fv2%2Fmedia&parent=5551"}],"wp:term":[{"taxonomy":"category","embeddable":true,"href":"https:\/\/bolbec-running-club.org\/index.php?rest_route=%2Fwp%2Fv2%2Fcategories&post=5551"},{"taxonomy":"post_tag","embeddable":true,"href":"https:\/\/bolbec-running-club.org\/index.php?rest_route=%2Fwp%2Fv2%2Ftags&post=5551"}],"curies":[{"name":"wp","href":"https:\/\/api.w.org\/{rel}","templated":true}]}}