{"id":5033,"date":"2025-05-04T17:06:10","date_gmt":"2025-05-04T17:06:10","guid":{"rendered":"https:\/\/bolbec-running-club.org\/?p=5033"},"modified":"2025-05-05T07:46:24","modified_gmt":"2025-05-05T07:46:24","slug":"interclubs-2025-le-bolbec-running-club-decouvre-sengage-samuse","status":"publish","type":"post","link":"https:\/\/bolbec-running-club.org\/?p=5033","title":{"rendered":"Interclubs 2025 \u2013 Le Bolbec Running Club d\u00e9couvre, s\u2019engage, s\u2019amuse !"},"content":{"rendered":"<p>Ce samedi 3 mai 2025 restera une date importante pour le Bolbec Running Club. Pour la premi\u00e8re fois de son histoire, notre jeune club participait aux Interclubs, cette comp\u00e9tition mythique o\u00f9 l\u2019esprit d\u2019\u00e9quipe prend le pas sur les performances individuelles.<\/p>\n<p>Direction Barentin pour cette grande premi\u00e8re, sous une pluie fine mais dans une ambiance festive. D\u00e8s l\u2019installation, les sourires sont l\u00e0, les traits de maquillage aussi, et surtout cette excitation collective de faire partie de l\u2019\u00e9v\u00e9nement.<\/p>\n<p>Pas de pression de points, pas de recherche de classement. Le BRC est venu avec <strong>une ambition simple mais pr\u00e9cieuse : se faire plaisir, d\u00e9couvrir, apprendre, soutenir les copains et d\u00e9fendre les couleurs du club avec c\u0153ur<\/strong>.<\/p>\n<p><strong>Un tour de piste collectif avec des perfs \u00e0 la cl\u00e9<\/strong><\/p>\n<p>Tout au long de la journ\u00e9e, nos athl\u00e8tes se sont relay\u00e9s sur la piste, dans les concours ou au bord du terrain. Avec s\u00e9rieux parfois, en improvisation souvent, mais toujours avec l\u2019envie de bien faire.<\/p>\n<p><strong>Lisa Paris<\/strong> d\u00e9marre fort en <strong>remportant le concours du triple saut<\/strong> avec plusieurs essais solides au-del\u00e0 des 8m50. Une victoire avec le sourire, et un tr\u00e8s bon point pour l\u2019\u00e9quipe.<\/p>\n<p>Sur le <strong>100m<\/strong>, <strong>Martin Colboc<\/strong> impressionne en courant <strong>sous les 13 secondes<\/strong>, avec une belle ma\u00eetrise. <strong>Kylian Bullock<\/strong> n\u2019est pas en reste, avec un chrono <strong>sous les 14 secondes<\/strong>, bien concentr\u00e9 pour sa premi\u00e8re dans un tel cadre.<\/p>\n<p>Sur <strong>200m<\/strong>, place aux fr\u00e8res <strong>Blondel<\/strong>. <strong>Natha\u00ebl<\/strong> r\u00e9alise <strong>28\u2019\u201926<\/strong>, appliqu\u00e9 et rel\u00e2ch\u00e9, pendant que <strong>Ga\u00ebtan<\/strong> boucle son demi-tour de piste en <strong>moins de 27 secondes<\/strong>, avec beaucoup d\u2019envie et un finish appuy\u00e9. Une belle dynamique familiale !<\/p>\n<p><strong>Nolia Chantrel<\/strong>, elle, aura tout donn\u00e9 ! Engag\u00e9e sur <strong>800m<\/strong> (qu\u2019elle court en <strong>2\u201947<\/strong>) puis sur <strong>3000m<\/strong> (termin\u00e9 en <strong>12\u201951<\/strong>), elle encha\u00eene ensuite avec le <strong>relais 4x400m<\/strong>. Une vraie d\u00e9monstration de t\u00e9nacit\u00e9 et d\u2019esprit d\u2019\u00e9quipe.<\/p>\n<p><strong>Tommy Versavel<\/strong> signe un premier <strong>800m<\/strong> officiel extr\u00eamement prometteur, en <strong>2\u201908\u2019\u201983<\/strong>. Il encha\u00eene avec le <strong>disque<\/strong>, o\u00f9 il s\u2019approche des <strong>20 m\u00e8tres<\/strong>. L\u2019un des profils les plus complets du jour, sans aucun doute.<\/p>\n<p><strong>David Lepiller<\/strong>, fid\u00e8le \u00e0 lui-m\u00eame, encha\u00eene les \u00e9preuves avec une aisance d\u00e9concertante : <strong>53\u2019\u20199 au 400m<\/strong>, <strong>plus de 40m au javelot<\/strong>, puis un relais 4&#215;400 <strong>en moins de 55 secondes<\/strong>. Il assure, comme toujours, sur tous les fronts.<\/p>\n<p><strong>Pierrick Vendrand<\/strong> s\u2019essaie au <strong>javelot<\/strong> et lance \u00e0 <strong>23 m\u00e8tres<\/strong>. Une premi\u00e8re encourageante pour quelqu\u2019un qui d\u00e9couvre l\u2019\u00e9preuve. On sent d\u00e9j\u00e0 qu\u2019il pourrait aller bien plus loin avec quelques rep\u00e8res techniques.<\/p>\n<p>Sur le <strong>1500m<\/strong>, <strong>Dorian Morel<\/strong> signe un tr\u00e8s beau <strong>4\u201939<\/strong>, bien emmen\u00e9, tandis que <strong>Jessy Geroult<\/strong> suit de pr\u00e8s avec un <strong>4\u201943<\/strong> appliqu\u00e9 et solide. Une belle course \u00e0 deux, avec un vrai soutien mutuel.<\/p>\n<p><strong>Hugo Jacques<\/strong>, pour sa premi\u00e8re comp\u00e9tition FFA, ose un beau pari : la <strong>hauteur<\/strong>, qu\u2019il d\u00e9couvre totalement, et le <strong>400m<\/strong>. Il passe <strong>1m30 sans marque ni rep\u00e8re<\/strong>, puis court le 400 en <strong>67\u2019\u201917<\/strong>. Il a tout donn\u00e9, avec l\u2019\u00e9nergie et la spontan\u00e9it\u00e9 qu\u2019on aime.<\/p>\n<p><strong>Luc Ouf<\/strong> et <strong>Nicolas Poret<\/strong> se retrouvent sur le <strong>3000m<\/strong>. Tous deux g\u00e8rent intelligemment leur course, en alternant les relais mentaux et les encouragements. Luc termine fort, grappillant de pr\u00e9cieuses secondes sur les derniers 400m.<\/p>\n<p>Enfin, <strong>Martin Lesueur<\/strong>, malgr\u00e9 un \u00e9tat de forme diminu\u00e9, ne renonce pas. Il s\u2019aligne sur le <strong>3000m steeple<\/strong>, une \u00e9preuve exigeante, et conserve toute sa fluidit\u00e9 sur les barri\u00e8res. Il va au bout, fid\u00e8le \u00e0 l\u2019esprit de l\u2019\u00e9quipe.<\/p>\n<p><strong>\u200d\u2642\ufe0f<\/strong><strong> La palme du courage (et du costume !) : Morgan Legal<\/strong><\/p>\n<p>La <strong>performance la plus insolite et joyeuse<\/strong> de la journ\u00e9e revient sans doute \u00e0 <strong>Morgan Legal<\/strong>, align\u00e9 sur le <strong>3000m steeple<\/strong> aux c\u00f4t\u00e9s de Martin Lesueur. Il savait pertinemment dans quoi il s\u2019engageait : <strong>une gal\u00e8re assur\u00e9e<\/strong>, tant cette \u00e9preuve est redout\u00e9e\u2026 mais il a tenu \u00e0 jouer le jeu jusqu\u2019au bout.<\/p>\n<p>Et pas n\u2019importe comment : d\u00e9guis\u00e9 en <strong>ours ail\u00e9<\/strong>, baguette magique \u00e0 la main, avec ses <strong>ailes de f\u00e9e solidement accroch\u00e9es<\/strong> au dos. Une image inoubliable pour le public, les officiels, et m\u00eame les autres clubs.<\/p>\n<p>Et pourtant, entre deux sourires, Morgan passe les barri\u00e8res avec s\u00e9rieux, saute la rivi\u00e8re avec style\u2026 jusqu\u2019\u00e0 <strong>un dernier passage totalement th\u00e9\u00e2tral<\/strong>, o\u00f9 il transforme la piste en sc\u00e8ne de spectacle pour cl\u00f4turer cette course folle comme seul lui pouvait le faire.<\/p>\n<p>Un vrai moment de rire, de l\u00e9g\u00e8ret\u00e9, et surtout une d\u00e9monstration d\u2019un <strong>mental en or<\/strong> et d\u2019un <strong>\u00e9tat d\u2019esprit exemplaire<\/strong> : \u00eatre l\u00e0, pour l\u2019\u00e9quipe, pour la f\u00eate, pour le club. Bravo Morgan, on ne pouvait r\u00eaver meilleure mascotte humaine.<\/p>\n<p><strong>Un total symbolique\u2026 et plein de promesses<\/strong><\/p>\n<p>Avec une \u00e9quipe loin d\u2019\u00eatre compl\u00e8te, des doublures de derni\u00e8re minute, des athl\u00e8tes sur des disciplines totalement nouvelles et <strong>aucune pression de performance<\/strong>, le Bolbec Running Club a tout de m\u00eame atteint un <strong>total de 13 288 points<\/strong>.<\/p>\n<p>Un total obtenu <strong>sans forcer<\/strong>, juste en compl\u00e9tant les \u00e9preuves, en se serrant les coudes et en se donnant les moyens de faire honneur \u00e0 l\u2019\u00e9quipe. Et franchement, <strong>ce chiffre a de quoi donner le sourire<\/strong> : il pose des bases, montre le potentiel du groupe\u2026 et <strong>ouvre d\u00e9j\u00e0 de belles perspectives pour l\u2019ann\u00e9e prochaine<\/strong>.<\/p>\n<p><strong>Bien plus qu\u2019une comp\u00e9tition<\/strong><\/p>\n<p>Au-del\u00e0 des chronos et des distances, cette journ\u00e9e restera comme un <strong>moment fort dans la jeune histoire du BRC<\/strong>.<\/p>\n<ul>\n<li>Parce qu\u2019elle a permis \u00e0 nos jeunes d\u2019oser des disciplines nouvelles.<\/li>\n<li>Parce qu\u2019elle a rappel\u00e9 \u00e0 nos plus exp\u00e9riment\u00e9s le plaisir de la comp\u00e9tition d\u2019\u00e9quipe.<\/li>\n<li>Parce que chacun a eu un r\u00f4le \u00e0 jouer, que ce soit sur la piste, dans les tribunes ou sur le bord de la main courante.<\/li>\n<\/ul>\n<p>On retiendra les rires, les encouragements, les \u00ab\u00a0Allez Bolbec\u00a0\u00bb, les relais improvis\u00e9s, les retours de haies apr\u00e8s des ann\u00e9es d\u2019arr\u00eat, les courses en claquettes pour remplacer un juge, et les applaudissements nourris de nos supporters venus en nombre.<\/p>\n<p><strong>Merci \u00e0 toutes et tous<\/strong><\/p>\n<p>Aux athl\u00e8tes pour leur engagement, aux coachs pour leur pr\u00e9sence, aux officiels et b\u00e9n\u00e9voles du jour pour leur d\u00e9vouement, et \u00e0 tous ceux qui ont permis cette belle premi\u00e8re.<br \/>\nLe Bolbec Running Club a montr\u00e9 que l\u2019important, ce n\u2019est pas la place\u2026 c\u2019est <strong>la trace<\/strong> qu\u2019on laisse dans les souvenirs des uns et des autres.<\/p>\n<p>Et puis, comment ne pas faire un petit clin d\u2019\u0153il \u00e0 <strong data-start=\"233\" data-end=\"251\">Matilo-Massage<\/strong>, fid\u00e8le soutien du club, qui est venu nous encourager tout au long de la journ\u00e9e. Mention sp\u00e9ciale pour les <strong data-start=\"360\" data-end=\"378\">mains magiques<\/strong> qui ont pris le temps de masser quelques-uns de nos athl\u00e8tes avant les ultimes \u00e9preuves de la journ\u00e9e : les relais. De quoi relancer les jambes, apaiser les mollets et repartir sur la piste avec le sourire. Merci pour ta pr\u00e9sence et ton \u00e9nergie toujours bienveillante !<\/p>\n<p>On reviendra. Et on reviendra plus fort.<\/p>\n<p>Les photos <a href='https:\/\/bolbec-running-club.org\/?page_id=5541' class='small-button smallorange'>ici<\/a><\/p>\n","protected":false},"excerpt":{"rendered":"<p>Ce samedi 3 mai 2025 restera une date importante pour le Bolbec Running Club. Pour la premi\u00e8re fois de son histoire, notre jeune club participait aux Interclubs, cette comp\u00e9tition mythique o\u00f9 l\u2019esprit d\u2019\u00e9quipe prend le pas sur les performances individuelles. Direction Barentin pour cette grande premi\u00e8re, sous une pluie fine mais dans une ambiance festive. [&hellip;]<\/p>\n","protected":false},"author":1,"featured_media":5545,"comment_status":"open","ping_status":"open","sticky":false,"template":"","format":"standard","meta":{"_et_pb_use_builder":"","_et_pb_old_content":"","_et_gb_content_width":"","footnotes":""},"categories":[1],"tags":[],"class_list":["post-5033","post","type-post","status-publish","format-standard","has-post-thumbnail","hentry","category-article-competition"],"aioseo_notices":[],"jetpack_featured_media_url":"https:\/\/bolbec-running-club.org\/wp-content\/uploads\/2025\/05\/Design-sans-titre-3.jpg","_links":{"self":[{"href":"https:\/\/bolbec-running-club.org\/index.php?rest_route=\/wp\/v2\/posts\/5033","targetHints":{"allow":["GET"]}}],"collection":[{"href":"https:\/\/bolbec-running-club.org\/index.php?rest_route=\/wp\/v2\/posts"}],"about":[{"href":"https:\/\/bolbec-running-club.org\/index.php?rest_route=\/wp\/v2\/types\/post"}],"author":[{"embeddable":true,"href":"https:\/\/bolbec-running-club.org\/index.php?rest_route=\/wp\/v2\/users\/1"}],"replies":[{"embeddable":true,"href":"https:\/\/bolbec-running-club.org\/index.php?rest_route=%2Fwp%2Fv2%2Fcomments&post=5033"}],"version-history":[{"count":5,"href":"https:\/\/bolbec-running-club.org\/index.php?rest_route=\/wp\/v2\/posts\/5033\/revisions"}],"predecessor-version":[{"id":5546,"href":"https:\/\/bolbec-running-club.org\/index.php?rest_route=\/wp\/v2\/posts\/5033\/revisions\/5546"}],"wp:featuredmedia":[{"embeddable":true,"href":"https:\/\/bolbec-running-club.org\/index.php?rest_route=\/wp\/v2\/media\/5545"}],"wp:attachment":[{"href":"https:\/\/bolbec-running-club.org\/index.php?rest_route=%2Fwp%2Fv2%2Fmedia&parent=5033"}],"wp:term":[{"taxonomy":"category","embeddable":true,"href":"https:\/\/bolbec-running-club.org\/index.php?rest_route=%2Fwp%2Fv2%2Fcategories&post=5033"},{"taxonomy":"post_tag","embeddable":true,"href":"https:\/\/bolbec-running-club.org\/index.php?rest_route=%2Fwp%2Fv2%2Ftags&post=5033"}],"curies":[{"name":"wp","href":"https:\/\/api.w.org\/{rel}","templated":true}]}}