{"id":4587,"date":"2025-03-16T20:00:30","date_gmt":"2025-03-16T20:00:30","guid":{"rendered":"https:\/\/bolbec-running-club.org\/?p=4587"},"modified":"2025-03-16T20:00:30","modified_gmt":"2025-03-16T20:00:30","slug":"mars-2025-le-brc-ecrit-une-page-de-son-histoire-sur-les-quais-de-rouen","status":"publish","type":"post","link":"https:\/\/bolbec-running-club.org\/?p=4587","title":{"rendered":"Mars 2025 : le BRC \u00e9crit une page de son histoire sur les quais de Rouen"},"content":{"rendered":"<p data-start=\"184\" data-end=\"404\"><strong data-start=\"184\" data-end=\"404\">Il y a des jours o\u00f9 tout semble s\u2019aligner \u00e0 la perfection. Ce dimanche sur les quais de Rouen, sous un ciel charg\u00e9 d\u2019ambition, le Bolbec Running Club a v\u00e9cu l\u2019un de ces moments rares qui forgent la l\u00e9gende d\u2019un club.<\/strong><\/p>\n<p data-start=\"406\" data-end=\"751\">Apr\u00e8s avoir d\u00e9j\u00e0 brill\u00e9 \u00e0 Fleubaix avec une pluie de qualifications pour les Championnats de France de 10 km, le BRC ne comptait pas s\u2019arr\u00eater l\u00e0. Cette fois, le d\u00e9fi se jouait sur l\u2019asphalte rouennais lors du <strong data-start=\"616\" data-end=\"653\">Championnat de Normandie d\u2019Ekiden<\/strong>, cette \u00e9preuve exigeante o\u00f9 6 coureurs se relaient pour couvrir la distance mythique du marathon.<\/p>\n<h3 data-start=\"753\" data-end=\"797\">Le petit poucet face aux g\u00e9ants normands<\/h3>\n<p data-start=\"799\" data-end=\"1173\">En toute humilit\u00e9 mais avec une d\u00e9termination sans faille, le \u00ab\u00a0petit poucet\u00a0\u00bb normand a vu les choses en grand : <strong data-start=\"911\" data-end=\"938\">quatre \u00e9quipes engag\u00e9es<\/strong>, deux masculines, une mixte et une f\u00e9minine. Les pr\u00e9sidents avaient fix\u00e9 l\u2019objectif : qualifier au minimum <strong data-start=\"1046\" data-end=\"1090\">une \u00e9quipe masculine et une \u00e9quipe mixte<\/strong> pour les Championnats de France. Mais au BRC, on ne se contente jamais du minimum\u2026<\/p>\n<h3 data-start=\"1175\" data-end=\"1222\">L\u2019exploit des hommes : un podium historique<\/h3>\n<p data-start=\"1224\" data-end=\"1555\">D\u00e8s le coup d\u2019envoi, <strong data-start=\"1245\" data-end=\"1269\">l\u2019\u00e9quipe masculine 1<\/strong> se montre intraitable. Men\u00e9e par <strong data-start=\"1303\" data-end=\"1321\">Lucas Legendre<\/strong>, \u00e9paul\u00e9 par <strong data-start=\"1334\" data-end=\"1392\">Luc Ouf, Nicolas Poret, Gaylor Lemonnier, Dorian Morel<\/strong> et <strong data-start=\"1396\" data-end=\"1414\">David Lepiller<\/strong>, elle rivalise coup pour coup avec les plus grandes formations normandes. Un combat de tous les instants, o\u00f9 chaque relais est une bataille.<\/p>\n<p data-start=\"1557\" data-end=\"1877\">Et au bout de l\u2019effort, la r\u00e9compense : <strong data-start=\"1597\" data-end=\"1637\">vice-champions de Normandie d\u2019Ekiden<\/strong>, et surtout <strong data-start=\"1650\" data-end=\"1717\">le tout premier podium r\u00e9gional par \u00e9quipe de l\u2019histoire du BRC<\/strong>. Les sourires, les accolades et les regards humides t\u00e9moignent de l\u2019importance de cet instant pour tout un club. Oui, le BRC a bel et bien chang\u00e9 de dimension.<\/p>\n<h3 data-start=\"1879\" data-end=\"1920\">L\u2019\u00e9quipe mixte, la surprise du chef !<\/h3>\n<p data-start=\"1922\" data-end=\"2236\">Mais l\u2019histoire ne s\u2019arr\u00eate pas l\u00e0. Sur la ligne, quelques minutes plus tard, l\u2019\u00e9quipe mixte men\u00e9e par <strong data-start=\"2025\" data-end=\"2123\">Nolia Chantrel, Jessy Gueroult, Caroline Sery, G\u00e9rald Avignon, La\u00ebtitia Saussaye et Ewen Talec<\/strong> franchit la ligne en <strong data-start=\"2145\" data-end=\"2158\">2h45\u201925\u2019\u2019<\/strong>. Objectif atteint avec brio : la qualification pour les France est en poche !<\/p>\n<p data-start=\"2238\" data-end=\"2451\">Mais ce n\u2019est pas tout : avec ce chrono remarquable, l\u2019\u00e9quipe monte \u00e9galement sur le podium, en terminant <strong data-start=\"2344\" data-end=\"2363\">3\u1d49 \u00e9quipe mixte<\/strong>. <strong data-start=\"2365\" data-end=\"2427\">Un second podium r\u00e9gional pour le BRC en une seule matin\u00e9e<\/strong>, incroyable mais vrai !<\/p>\n<h3 data-start=\"2453\" data-end=\"2500\">Derri\u00e8re l\u2019exploit, la force d\u2019un collectif<\/h3>\n<p data-start=\"2502\" data-end=\"2686\">Et comme dans chaque belle histoire, il y a ceux qui b\u00e2tissent dans l\u2019ombre. Nos <strong data-start=\"2583\" data-end=\"2618\">\u00e9quipes masculine 2 et f\u00e9minine<\/strong> ont elles aussi montr\u00e9 un c\u0153ur \u00e9norme et une solidarit\u00e9 exemplaire.<\/p>\n<p data-start=\"2688\" data-end=\"3079\"><strong data-start=\"2688\" data-end=\"2708\">L\u2019\u00e9quipe homme 2<\/strong>, avec <strong data-start=\"2715\" data-end=\"2810\">Morgan Legal, Quentin Pigot, Matthys Sinaeve, Alban Fleury, Tommy Versavel et Martin Colboc<\/strong>, est all\u00e9e chercher le meilleur de chacun. Tous ont flirt\u00e9 avec leurs records personnels pour signer un chrono solide, \u00e0 seulement <strong data-start=\"2942\" data-end=\"2986\">14 minutes d\u2019une qualification nationale<\/strong>. Le tout dans un esprit d\u2019\u00e9quipe qui en dit long sur l\u2019avenir prometteur de cette formation.<\/p>\n<h3 data-start=\"3081\" data-end=\"3125\">Nos f\u00e9minines, combatives et inspirantes<\/h3>\n<p data-start=\"3127\" data-end=\"3531\">Et que dire de nos <strong data-start=\"3146\" data-end=\"3159\">f\u00e9minines<\/strong> ! <strong data-start=\"3162\" data-end=\"3266\">Barbara Tefera, Jeanne Heranval, Sophie Mandeville, Louise Mandeville, Lisa Paris et Morgane Avignon<\/strong> se sont battues jusqu\u2019au dernier m\u00e8tre. \u00c0 la cl\u00e9 : des <strong data-start=\"3322\" data-end=\"3344\">records personnels<\/strong> battus, des sourires complices et une envie d\u2019\u00e9quipe incroyable. Une preuve suppl\u00e9mentaire que le BRC est port\u00e9 par des femmes fortes et engag\u00e9es, pr\u00eates \u00e0 tout donner pour le collectif.<\/p>\n<h3 data-start=\"224\" data-end=\"273\">Une fiert\u00e9 collective et une aventure humaine<\/h3>\n<p data-start=\"275\" data-end=\"494\">Au-del\u00e0 des chronos et des podiums, cette journ\u00e9e restera comme <strong data-start=\"339\" data-end=\"374\">un symbole fort de l\u2019esprit BRC<\/strong> : des \u00e9quipes unies, des athl\u00e8tes pr\u00eats \u00e0 se d\u00e9passer pour le collectif, et une envie commune de repousser les limites.<\/p>\n<p data-start=\"496\" data-end=\"660\"><strong data-start=\"496\" data-end=\"660\">Quatre \u00e9quipes, une seule et m\u00eame \u00e9nergie : celle de croire en soi, de croire en son club et d\u2019\u00e9crire ensemble une histoire qui d\u00e9passe le simple cadre sportif.<\/strong><\/p>\n<p data-start=\"662\" data-end=\"859\">Les quais de Rouen r\u00e9sonnent encore de nos foul\u00e9es et de nos encouragements. Le BRC avance, fier et soud\u00e9, avec le c\u0153ur et la conviction que ce n\u2019est que le d\u00e9but d\u2019une aventure encore plus grande.<\/p>\n<p data-start=\"662\" data-end=\"859\">Les photos <a href='https:\/\/bolbec-running-club.org\/?page_id=907' class='small-button smallorange'>ici<\/a><\/p>\n","protected":false},"excerpt":{"rendered":"<p>Il y a des jours o\u00f9 tout semble s\u2019aligner \u00e0 la perfection. Ce dimanche sur les quais de Rouen, sous un ciel charg\u00e9 d\u2019ambition, le Bolbec Running Club a v\u00e9cu l\u2019un de ces moments rares qui forgent la l\u00e9gende d\u2019un club. Apr\u00e8s avoir d\u00e9j\u00e0 brill\u00e9 \u00e0 Fleubaix avec une pluie de qualifications pour les Championnats [&hellip;]<\/p>\n","protected":false},"author":1,"featured_media":4934,"comment_status":"open","ping_status":"open","sticky":false,"template":"","format":"standard","meta":{"_et_pb_use_builder":"","_et_pb_old_content":"","_et_gb_content_width":"","footnotes":""},"categories":[1],"tags":[],"class_list":["post-4587","post","type-post","status-publish","format-standard","has-post-thumbnail","hentry","category-article-competition"],"aioseo_notices":[],"jetpack_featured_media_url":"https:\/\/bolbec-running-club.org\/wp-content\/uploads\/2025\/03\/IMG_1714.jpeg","_links":{"self":[{"href":"https:\/\/bolbec-running-club.org\/index.php?rest_route=\/wp\/v2\/posts\/4587","targetHints":{"allow":["GET"]}}],"collection":[{"href":"https:\/\/bolbec-running-club.org\/index.php?rest_route=\/wp\/v2\/posts"}],"about":[{"href":"https:\/\/bolbec-running-club.org\/index.php?rest_route=\/wp\/v2\/types\/post"}],"author":[{"embeddable":true,"href":"https:\/\/bolbec-running-club.org\/index.php?rest_route=\/wp\/v2\/users\/1"}],"replies":[{"embeddable":true,"href":"https:\/\/bolbec-running-club.org\/index.php?rest_route=%2Fwp%2Fv2%2Fcomments&post=4587"}],"version-history":[{"count":3,"href":"https:\/\/bolbec-running-club.org\/index.php?rest_route=\/wp\/v2\/posts\/4587\/revisions"}],"predecessor-version":[{"id":4942,"href":"https:\/\/bolbec-running-club.org\/index.php?rest_route=\/wp\/v2\/posts\/4587\/revisions\/4942"}],"wp:featuredmedia":[{"embeddable":true,"href":"https:\/\/bolbec-running-club.org\/index.php?rest_route=\/wp\/v2\/media\/4934"}],"wp:attachment":[{"href":"https:\/\/bolbec-running-club.org\/index.php?rest_route=%2Fwp%2Fv2%2Fmedia&parent=4587"}],"wp:term":[{"taxonomy":"category","embeddable":true,"href":"https:\/\/bolbec-running-club.org\/index.php?rest_route=%2Fwp%2Fv2%2Fcategories&post=4587"},{"taxonomy":"post_tag","embeddable":true,"href":"https:\/\/bolbec-running-club.org\/index.php?rest_route=%2Fwp%2Fv2%2Ftags&post=4587"}],"curies":[{"name":"wp","href":"https:\/\/api.w.org\/{rel}","templated":true}]}}