{"id":4523,"date":"2025-03-02T18:11:05","date_gmt":"2025-03-02T18:11:05","guid":{"rendered":"https:\/\/bolbec-running-club.org\/?p=4523"},"modified":"2025-03-02T18:49:30","modified_gmt":"2025-03-02T18:49:30","slug":"le-brc-brille-a-fleurbaix-lille","status":"publish","type":"post","link":"https:\/\/bolbec-running-club.org\/?p=4523","title":{"rendered":"Le BRC brille \u00e0 Fleurbaix (Lille)"},"content":{"rendered":"<p data-start=\"127\" data-end=\"547\">Apr\u00e8s une fin de saison de cross compliqu\u00e9e, marqu\u00e9e par une \u00e9pid\u00e9mie de grippe ayant touch\u00e9 de nombreux athl\u00e8tes, nous avions tous un go\u00fbt amer en repensant aux demi-finales des championnats de France \u00e0 Combourg. Pourtant, le <strong data-start=\"354\" data-end=\"361\">BRC<\/strong> \u00e9tait l\u2019un des clubs les plus repr\u00e9sent\u00e9s du territoire lors de ces championnats. Nos premi\u00e8res saisons de cross restent magiques pour nous, le \u00ab\u00a0Petit Poucet\u00a0\u00bb de l\u2019athl\u00e9tisme normand.<\/p>\n<p data-start=\"549\" data-end=\"675\">Mais aujourd\u2019hui, place \u00e0 une nouvelle dynamique : nos athl\u00e8tes ont remis les pendules \u00e0 l\u2019heure en s\u2019exprimant pleinement !<\/p>\n<p data-start=\"677\" data-end=\"1297\"><strong data-start=\"677\" data-end=\"720\">Luc Ouf, Dorian Morel et David Lepiller<\/strong>, habitu\u00e9s \u00e0 s\u2019entra\u00eener ensemble, savaient qu\u2019ils seraient tr\u00e8s proches les uns des autres tout au long de la course. Jusqu\u2019au 6e kilom\u00e8tre, ils \u00e9taient encore dans un mouchoir de poche. <strong data-start=\"908\" data-end=\"917\">David<\/strong> et <strong data-start=\"921\" data-end=\"931\">Dorian<\/strong> franchissent la ligne ensemble en <strong data-start=\"966\" data-end=\"975\">33&rsquo;22<\/strong>, un chrono incroyable ! <strong data-start=\"1000\" data-end=\"1009\">David<\/strong> pulv\u00e9rise son record personnel de plus d\u2019<strong data-start=\"1051\" data-end=\"1066\">1 minute 20<\/strong> (ancien RP : 34&rsquo;38), une progression exceptionnelle. <strong data-start=\"1120\" data-end=\"1130\">Dorian<\/strong>, lui, am\u00e9liore son temps de plus de <strong data-start=\"1167\" data-end=\"1182\">10 secondes<\/strong>. Quel sourire sur son visage, fier de son chrono, mais surtout heureux de partager ce moment avec ses camarades.<\/p>\n<p data-start=\"1299\" data-end=\"1769\"><strong data-start=\"1299\" data-end=\"1310\">Luc Ouf<\/strong> termine en <strong data-start=\"1322\" data-end=\"1331\">34&rsquo;06<\/strong> apr\u00e8s avoir l\u00e9g\u00e8rement pioch\u00e9 sur la fin. Pas d\u2019inqui\u00e9tude, il ne sort jamais son meilleur chrono juste apr\u00e8s la saison de cross. Il pr\u00e9f\u00e8re le printemps et l\u2019\u00e9t\u00e9. Et pourtant, il envoie un message fort : ses temps de passage sont plus rapides que l\u2019an dernier, o\u00f9 il avait mis <strong data-start=\"1610\" data-end=\"1633\">30 secondes de plus<\/strong> sur ce m\u00eame parcours. De bon augure pour la suite ! Ces trois-l\u00e0 d\u00e9crochent leur billet pour les <strong data-start=\"1731\" data-end=\"1766\">championnats de France de 10 km<\/strong>.<\/p>\n<p data-start=\"1771\" data-end=\"2347\">Chez les jeunes, <strong data-start=\"1788\" data-end=\"1802\">Ewen Talec<\/strong> a v\u00e9cu un hiver difficile. Touch\u00e9 par la grippe, il avait d\u00fb s\u2019\u00e9loigner des entra\u00eenements pendant un bon moment, mais a tenu bon, bouclant une saison de cross compliqu\u00e9e avec pers\u00e9v\u00e9rance. Ses coachs ne cessaient de lui r\u00e9p\u00e9ter : <em data-start=\"2033\" data-end=\"2085\">\u00ab\u00a0Accroche-toi, le beau temps arrivera rapidement.\u00a0\u00bb<\/em> Et aujourd\u2019hui, il explose son record de <strong data-start=\"2127\" data-end=\"2142\">32 secondes<\/strong>, portant son nouveau RP \u00e0 <strong data-start=\"2169\" data-end=\"2178\">39&rsquo;00<\/strong>. \u00c0 l\u2019arriv\u00e9e, l\u2019\u00e9motion est trop forte, les larmes montent\u2026 Apr\u00e8s tant de doutes et de douleurs, il est enfin de retour ! La suite de la saison s\u2019annonce prometteuse.<\/p>\n<p data-start=\"2349\" data-end=\"2719\"><strong data-start=\"2349\" data-end=\"2370\">Pierrick Vendrand<\/strong>, lui, n\u2019avait pas couru de 10 km depuis <strong data-start=\"2411\" data-end=\"2428\">plus de 4 ans<\/strong> (RP de 44&prime; \u00e0 l\u2019\u00e9poque). Ses entra\u00eenements laissaient esp\u00e9rer un chrono sous les <strong data-start=\"2509\" data-end=\"2516\">40\u2019<\/strong>, mais combien exactement ? Verdict : <strong data-start=\"2554\" data-end=\"2563\">39&rsquo;06<\/strong> ! Une course encore perfectible, mais un chrono de r\u00e9f\u00e9rence qui ne restera s\u00fbrement pas grav\u00e9 longtemps : il y a encore une belle marge de progression !<\/p>\n<p data-start=\"2721\" data-end=\"3471\"><strong data-start=\"2721\" data-end=\"2739\">Tommy Versavel<\/strong>, lui, revient de loin. Il y a trois semaines, il \u00e9tait <strong data-start=\"2795\" data-end=\"2853\">clou\u00e9 sur un lit d\u2019h\u00f4pital \u00e0 cause d\u2019une grosse grippe<\/strong> et n\u2019a repris l\u2019entra\u00eenement que depuis <strong data-start=\"2894\" data-end=\"2905\">7 jours<\/strong>. Fallait-il prendre le d\u00e9part aujourd\u2019hui ? Apr\u00e8s discussion, la r\u00e9ponse \u00e9tait oui. Mentalement, il avait besoin de se tester, de tirer un bilan. Son souffle n\u2019est pas encore totalement revenu, on le savait, mais c\u2019est bien la seule chose qui lui a manqu\u00e9. Son corps, lui, se souvient encore des allures. Jusqu\u2019au 5e kilom\u00e8tre, il a su tenir une belle course r\u00e9guli\u00e8re avant de rel\u00e2cher pour \u00e9viter de trop puiser. <strong data-start=\"3321\" data-end=\"3339\">Lucas Legendre<\/strong> l\u2019a accompagn\u00e9 tout au long de la course, un vrai soutien pour notre jeune cadet apr\u00e8s cette \u00e9preuve difficile. Merci <strong data-start=\"3458\" data-end=\"3467\">Lucas<\/strong> !<\/p>\n<p data-start=\"3473\" data-end=\"3735\"><strong data-start=\"3473\" data-end=\"3490\">Morgan Le Gal<\/strong>, m\u00eame s\u2019il n\u2019a pas encore sorti la course parfaite, am\u00e9liore tout de m\u00eame son record personnel en <strong data-start=\"3589\" data-end=\"3598\">41&rsquo;52<\/strong>, avec plus de <strong data-start=\"3613\" data-end=\"3628\">30 secondes<\/strong> de gagn\u00e9es. Maintenant, il faut encore faire descendre ce chrono, et ce n\u2019est qu\u2019une question de temps !<\/p>\n<p data-start=\"3737\" data-end=\"3975\"><strong data-start=\"3737\" data-end=\"3753\">Hugo Jacques<\/strong> signe lui aussi un record personnel en <strong data-start=\"3793\" data-end=\"3802\">44&rsquo;54<\/strong>. Le manque d\u2019entra\u00eenement s\u2019est peut-\u00eatre fait ressentir, mais la progression est bien l\u00e0 et le chrono va encore descendre. L\u2019envie est pr\u00e9sente, alors restez connect\u00e9s !<\/p>\n<p data-start=\"3977\" data-end=\"4184\">De son c\u00f4t\u00e9, <strong data-start=\"3990\" data-end=\"4008\">Barbara Tefera<\/strong> \u00e9tait l\u00e0 pour partager un nouveau 10 km avec les copains, mais une douleur \u00e0 la hanche l\u2019a contrainte \u00e0 ralentir. Maintenant, place aux soins pour revenir encore plus forte.<\/p>\n<p data-start=\"4186\" data-end=\"4448\">Enfin, sur le semi-marathon, <strong data-start=\"4215\" data-end=\"4227\">Caroline<\/strong> \u00e9tait la seule repr\u00e9sentante du <strong data-start=\"4260\" data-end=\"4267\">BRC<\/strong>, et quelle performance ! Elle boucle la distance en <strong data-start=\"4320\" data-end=\"4331\">1h40&rsquo;35<\/strong>, battant son record personnel et d\u00e9crochant <strong data-start=\"4376\" data-end=\"4445\">sa qualification pour les championnats de France de semi-marathon<\/strong>.<\/p>\n<p data-start=\"4450\" data-end=\"4588\">Le plus surprenant ? <strong data-start=\"4471\" data-end=\"4483\">Caroline<\/strong> n\u2019avait m\u00eame pas envisag\u00e9 cette qualification. Elle le d\u00e9couvrira probablement en lisant cet article !<\/p>\n<p data-start=\"4590\" data-end=\"4896\">Son mental force l\u2019admiration. <strong data-start=\"4621\" data-end=\"4633\">Caroline<\/strong> est pharmacienne, elle termine ses journ\u00e9es \u00e0 <strong data-start=\"4680\" data-end=\"4687\">19h<\/strong> et pourtant, elle trouve la motivation pour s\u2019entra\u00eener seule. Elle ne peut pas toujours partager les s\u00e9ances avec ses camarades, mais aujourd\u2019hui, elle envoie un message fort : <strong data-start=\"4866\" data-end=\"4894\">quand on veut, on peut !<\/strong><\/p>\n<p data-start=\"4898\" data-end=\"5108\">F\u00e9licitations \u00e0 tous les athl\u00e8tes pour ces belles performances ! Et un grand merci \u00e0 <strong data-start=\"4983\" data-end=\"5004\">Estelle Bellanger<\/strong> et <strong data-start=\"5008\" data-end=\"5029\">La\u00ebtitia Saussaye<\/strong> pour les photos et leur accompagnement. <strong data-start=\"5070\" data-end=\"5106\">Retrouvez toutes les photos <a href='https:\/\/bolbec-running-club.org\/?page_id=4565' class='small-button smallorange'>ici.<\/a> \u00a0<\/strong><\/p>\n","protected":false},"excerpt":{"rendered":"<p>Apr\u00e8s une fin de saison de cross compliqu\u00e9e, marqu\u00e9e par une \u00e9pid\u00e9mie de grippe ayant touch\u00e9 de nombreux athl\u00e8tes, nous avions tous un go\u00fbt amer en repensant aux demi-finales des championnats de France \u00e0 Combourg. Pourtant, le BRC \u00e9tait l\u2019un des clubs les plus repr\u00e9sent\u00e9s du territoire lors de ces championnats. Nos premi\u00e8res saisons de [&hellip;]<\/p>\n","protected":false},"author":1,"featured_media":4351,"comment_status":"open","ping_status":"open","sticky":false,"template":"","format":"standard","meta":{"_et_pb_use_builder":"","_et_pb_old_content":"","_et_gb_content_width":"","footnotes":"","jetpack_post_was_ever_published":false},"categories":[1],"tags":[],"class_list":["post-4523","post","type-post","status-publish","format-standard","has-post-thumbnail","hentry","category-article-competition"],"aioseo_notices":[],"aioseo_head":"\n\t\t<!-- All in One SEO 5.0.1.1 - aioseo.com -->\n\t<meta name=\"description\" content=\"Apr\u00e8s une fin de saison de cross compliqu\u00e9e, marqu\u00e9e par une \u00e9pid\u00e9mie de grippe ayant touch\u00e9 de nombreux athl\u00e8tes, nous avions tous un go\u00fbt amer en repensant aux demi-finales des championnats de France \u00e0 Combourg. Pourtant, le BRC \u00e9tait l\u2019un des clubs les plus repr\u00e9sent\u00e9s du territoire lors de ces championnats. Nos premi\u00e8res saisons de\" \/>\n\t<meta name=\"robots\" content=\"max-image-preview:large\" \/>\n\t<meta name=\"author\" content=\"Florian\"\/>\n\t<link rel=\"canonical\" href=\"https:\/\/bolbec-running-club.org\/?p=4523\" \/>\n\t<meta name=\"generator\" content=\"All in One SEO (AIOSEO) 5.0.1.1\" \/>\n\t\t<meta property=\"og:locale\" content=\"fr_FR\" \/>\n\t\t<meta property=\"og:site_name\" content=\"Bolbec-Running-Club - Club d&#039;athl\u00e9tisme\" \/>\n\t\t<meta property=\"og:type\" content=\"article\" \/>\n\t\t<meta property=\"og:title\" content=\"Le BRC brille \u00e0 Fleurbaix (Lille) - Bolbec-Running-Club\" \/>\n\t\t<meta property=\"og:description\" content=\"Apr\u00e8s une fin de saison de cross compliqu\u00e9e, marqu\u00e9e par une \u00e9pid\u00e9mie de grippe ayant touch\u00e9 de nombreux athl\u00e8tes, nous avions tous un go\u00fbt amer en repensant aux demi-finales des championnats de France \u00e0 Combourg. Pourtant, le BRC \u00e9tait l\u2019un des clubs les plus repr\u00e9sent\u00e9s du territoire lors de ces championnats. Nos premi\u00e8res saisons de\" \/>\n\t\t<meta property=\"og:url\" content=\"https:\/\/bolbec-running-club.org\/?p=4523\" \/>\n\t\t<meta property=\"og:image\" content=\"https:\/\/bolbec-running-club.org\/wp-content\/uploads\/2025\/03\/DSC_7056-scaled.jpg\" \/>\n\t\t<meta property=\"og:image:secure_url\" content=\"https:\/\/bolbec-running-club.org\/wp-content\/uploads\/2025\/03\/DSC_7056-scaled.jpg\" \/>\n\t\t<meta property=\"og:image:width\" content=\"2560\" \/>\n\t\t<meta property=\"og:image:height\" content=\"1707\" \/>\n\t\t<meta property=\"article:published_time\" content=\"2025-03-02T18:11:05+00:00\" \/>\n\t\t<meta property=\"article:modified_time\" content=\"2025-03-02T18:49:30+00:00\" \/>\n\t\t<meta name=\"twitter:card\" content=\"summary_large_image\" \/>\n\t\t<meta name=\"twitter:title\" content=\"Le BRC brille \u00e0 Fleurbaix (Lille) - Bolbec-Running-Club\" \/>\n\t\t<meta name=\"twitter:description\" content=\"Apr\u00e8s une fin de saison de cross compliqu\u00e9e, marqu\u00e9e par une \u00e9pid\u00e9mie de grippe ayant touch\u00e9 de nombreux athl\u00e8tes, nous avions tous un go\u00fbt amer en repensant aux demi-finales des championnats de France \u00e0 Combourg. Pourtant, le BRC \u00e9tait l\u2019un des clubs les plus repr\u00e9sent\u00e9s du territoire lors de ces championnats. Nos premi\u00e8res saisons de\" \/>\n\t\t<meta name=\"twitter:image\" content=\"https:\/\/bolbec-running-club.org\/wp-content\/uploads\/2025\/03\/DSC_7056-scaled.jpg\" \/>\n\t\t<script type=\"application\/ld+json\" class=\"aioseo-schema\">\n\t\t\t{\"@context\":\"https:\\\/\\\/schema.org\",\"@graph\":[{\"@type\":\"BlogPosting\",\"@id\":\"https:\\\/\\\/bolbec-running-club.org\\\/?p=4523#blogposting\",\"name\":\"Le BRC brille \\u00e0 Fleurbaix (Lille) - Bolbec-Running-Club\",\"headline\":\"Le BRC brille \\u00e0 Fleurbaix (Lille)\",\"author\":{\"@id\":\"https:\\\/\\\/bolbec-running-club.org\\\/?author=1#author\"},\"publisher\":{\"@id\":\"https:\\\/\\\/bolbec-running-club.org\\\/#organization\"},\"image\":{\"@type\":\"ImageObject\",\"url\":\"https:\\\/\\\/bolbec-running-club.org\\\/wp-content\\\/uploads\\\/2025\\\/03\\\/DSC_7056-scaled.jpg\",\"width\":2560,\"height\":1707},\"datePublished\":\"2025-03-02T18:11:05+00:00\",\"dateModified\":\"2025-03-02T18:49:30+00:00\",\"inLanguage\":\"fr-FR\",\"mainEntityOfPage\":{\"@id\":\"https:\\\/\\\/bolbec-running-club.org\\\/?p=4523#webpage\"},\"isPartOf\":{\"@id\":\"https:\\\/\\\/bolbec-running-club.org\\\/?p=4523#webpage\"},\"articleSection\":\"Article comp\\u00e9tition\"},{\"@type\":\"BreadcrumbList\",\"@id\":\"https:\\\/\\\/bolbec-running-club.org\\\/?p=4523#breadcrumblist\",\"itemListElement\":[{\"@type\":\"ListItem\",\"@id\":\"https:\\\/\\\/bolbec-running-club.org#listItem\",\"position\":1,\"name\":\"Domicile\",\"item\":\"https:\\\/\\\/bolbec-running-club.org\",\"nextItem\":{\"@type\":\"ListItem\",\"@id\":\"https:\\\/\\\/bolbec-running-club.org\\\/?cat=1#listItem\",\"name\":\"Article comp\\u00e9tition\"}},{\"@type\":\"ListItem\",\"@id\":\"https:\\\/\\\/bolbec-running-club.org\\\/?cat=1#listItem\",\"position\":2,\"name\":\"Article comp\\u00e9tition\",\"item\":\"https:\\\/\\\/bolbec-running-club.org\\\/?cat=1\",\"nextItem\":{\"@type\":\"ListItem\",\"@id\":\"https:\\\/\\\/bolbec-running-club.org\\\/?p=4523#listItem\",\"name\":\"Le BRC brille \\u00e0 Fleurbaix (Lille)\"},\"previousItem\":{\"@type\":\"ListItem\",\"@id\":\"https:\\\/\\\/bolbec-running-club.org#listItem\",\"name\":\"Domicile\"}},{\"@type\":\"ListItem\",\"@id\":\"https:\\\/\\\/bolbec-running-club.org\\\/?p=4523#listItem\",\"position\":3,\"name\":\"Le BRC brille \\u00e0 Fleurbaix (Lille)\",\"previousItem\":{\"@type\":\"ListItem\",\"@id\":\"https:\\\/\\\/bolbec-running-club.org\\\/?cat=1#listItem\",\"name\":\"Article comp\\u00e9tition\"}}]},{\"@type\":\"Organization\",\"@id\":\"https:\\\/\\\/bolbec-running-club.org\\\/#organization\",\"name\":\"Bolbec-Running-Club\",\"description\":\"Club d'athl\\u00e9tisme\",\"url\":\"https:\\\/\\\/bolbec-running-club.org\\\/\",\"telephone\":\"+33629787023\",\"logo\":{\"@type\":\"ImageObject\",\"url\":\"https:\\\/\\\/bolbec-running-club.org\\\/wp-content\\\/uploads\\\/2024\\\/03\\\/cropped-1-1-1.jpg\",\"@id\":\"https:\\\/\\\/bolbec-running-club.org\\\/?p=4523\\\/#organizationLogo\",\"width\":2000,\"height\":2000},\"image\":{\"@id\":\"https:\\\/\\\/bolbec-running-club.org\\\/?p=4523\\\/#organizationLogo\"}},{\"@type\":\"Person\",\"@id\":\"https:\\\/\\\/bolbec-running-club.org\\\/?author=1#author\",\"url\":\"https:\\\/\\\/bolbec-running-club.org\\\/?author=1\",\"name\":\"Florian\"},{\"@type\":\"WebPage\",\"@id\":\"https:\\\/\\\/bolbec-running-club.org\\\/?p=4523#webpage\",\"url\":\"https:\\\/\\\/bolbec-running-club.org\\\/?p=4523\",\"name\":\"Le BRC brille \\u00e0 Fleurbaix (Lille) - Bolbec-Running-Club\",\"description\":\"Apr\\u00e8s une fin de saison de cross compliqu\\u00e9e, marqu\\u00e9e par une \\u00e9pid\\u00e9mie de grippe ayant touch\\u00e9 de nombreux athl\\u00e8tes, nous avions tous un go\\u00fbt amer en repensant aux demi-finales des championnats de France \\u00e0 Combourg. Pourtant, le BRC \\u00e9tait l\\u2019un des clubs les plus repr\\u00e9sent\\u00e9s du territoire lors de ces championnats. Nos premi\\u00e8res saisons de\",\"inLanguage\":\"fr-FR\",\"isPartOf\":{\"@id\":\"https:\\\/\\\/bolbec-running-club.org\\\/#website\"},\"breadcrumb\":{\"@id\":\"https:\\\/\\\/bolbec-running-club.org\\\/?p=4523#breadcrumblist\"},\"author\":{\"@id\":\"https:\\\/\\\/bolbec-running-club.org\\\/?author=1#author\"},\"creator\":{\"@id\":\"https:\\\/\\\/bolbec-running-club.org\\\/?author=1#author\"},\"image\":{\"@type\":\"ImageObject\",\"url\":\"https:\\\/\\\/bolbec-running-club.org\\\/wp-content\\\/uploads\\\/2025\\\/03\\\/DSC_7056-scaled.jpg\",\"@id\":\"https:\\\/\\\/bolbec-running-club.org\\\/?p=4523\\\/#mainImage\",\"width\":2560,\"height\":1707},\"primaryImageOfPage\":{\"@id\":\"https:\\\/\\\/bolbec-running-club.org\\\/?p=4523#mainImage\"},\"datePublished\":\"2025-03-02T18:11:05+00:00\",\"dateModified\":\"2025-03-02T18:49:30+00:00\"},{\"@type\":\"WebSite\",\"@id\":\"https:\\\/\\\/bolbec-running-club.org\\\/#website\",\"url\":\"https:\\\/\\\/bolbec-running-club.org\\\/\",\"name\":\"Bolbec-Running-Club\",\"description\":\"Club d'athl\\u00e9tisme\",\"inLanguage\":\"fr-FR\",\"publisher\":{\"@id\":\"https:\\\/\\\/bolbec-running-club.org\\\/#organization\"}}]}\n\t\t<\/script>\n\t\t<!-- All in One SEO -->\n\n","aioseo_head_json":{"title":"Le BRC brille \u00e0 Fleurbaix (Lille) - Bolbec-Running-Club","description":"Apr\u00e8s une fin de saison de cross compliqu\u00e9e, marqu\u00e9e par une \u00e9pid\u00e9mie de grippe ayant touch\u00e9 de nombreux athl\u00e8tes, nous avions tous un go\u00fbt amer en repensant aux demi-finales des championnats de France \u00e0 Combourg. Pourtant, le BRC \u00e9tait l\u2019un des clubs les plus repr\u00e9sent\u00e9s du territoire lors de ces championnats. Nos premi\u00e8res saisons de","canonical_url":"https:\/\/bolbec-running-club.org\/?p=4523","robots":"max-image-preview:large","keywords":"","webmasterTools":{"miscellaneous":""},"schema":{"@context":"https:\/\/schema.org","@graph":[{"@type":"BlogPosting","@id":"https:\/\/bolbec-running-club.org\/?p=4523#blogposting","name":"Le BRC brille \u00e0 Fleurbaix (Lille) - Bolbec-Running-Club","headline":"Le BRC brille \u00e0 Fleurbaix (Lille)","author":{"@id":"https:\/\/bolbec-running-club.org\/?author=1#author"},"publisher":{"@id":"https:\/\/bolbec-running-club.org\/#organization"},"image":{"@type":"ImageObject","url":"https:\/\/bolbec-running-club.org\/wp-content\/uploads\/2025\/03\/DSC_7056-scaled.jpg","width":2560,"height":1707},"datePublished":"2025-03-02T18:11:05+00:00","dateModified":"2025-03-02T18:49:30+00:00","inLanguage":"fr-FR","mainEntityOfPage":{"@id":"https:\/\/bolbec-running-club.org\/?p=4523#webpage"},"isPartOf":{"@id":"https:\/\/bolbec-running-club.org\/?p=4523#webpage"},"articleSection":"Article comp\u00e9tition"},{"@type":"BreadcrumbList","@id":"https:\/\/bolbec-running-club.org\/?p=4523#breadcrumblist","itemListElement":[{"@type":"ListItem","@id":"https:\/\/bolbec-running-club.org#listItem","position":1,"name":"Domicile","item":"https:\/\/bolbec-running-club.org","nextItem":{"@type":"ListItem","@id":"https:\/\/bolbec-running-club.org\/?cat=1#listItem","name":"Article comp\u00e9tition"}},{"@type":"ListItem","@id":"https:\/\/bolbec-running-club.org\/?cat=1#listItem","position":2,"name":"Article comp\u00e9tition","item":"https:\/\/bolbec-running-club.org\/?cat=1","nextItem":{"@type":"ListItem","@id":"https:\/\/bolbec-running-club.org\/?p=4523#listItem","name":"Le BRC brille \u00e0 Fleurbaix (Lille)"},"previousItem":{"@type":"ListItem","@id":"https:\/\/bolbec-running-club.org#listItem","name":"Domicile"}},{"@type":"ListItem","@id":"https:\/\/bolbec-running-club.org\/?p=4523#listItem","position":3,"name":"Le BRC brille \u00e0 Fleurbaix (Lille)","previousItem":{"@type":"ListItem","@id":"https:\/\/bolbec-running-club.org\/?cat=1#listItem","name":"Article comp\u00e9tition"}}]},{"@type":"Organization","@id":"https:\/\/bolbec-running-club.org\/#organization","name":"Bolbec-Running-Club","description":"Club d'athl\u00e9tisme","url":"https:\/\/bolbec-running-club.org\/","telephone":"+33629787023","logo":{"@type":"ImageObject","url":"https:\/\/bolbec-running-club.org\/wp-content\/uploads\/2024\/03\/cropped-1-1-1.jpg","@id":"https:\/\/bolbec-running-club.org\/?p=4523\/#organizationLogo","width":2000,"height":2000},"image":{"@id":"https:\/\/bolbec-running-club.org\/?p=4523\/#organizationLogo"}},{"@type":"Person","@id":"https:\/\/bolbec-running-club.org\/?author=1#author","url":"https:\/\/bolbec-running-club.org\/?author=1","name":"Florian"},{"@type":"WebPage","@id":"https:\/\/bolbec-running-club.org\/?p=4523#webpage","url":"https:\/\/bolbec-running-club.org\/?p=4523","name":"Le BRC brille \u00e0 Fleurbaix (Lille) - Bolbec-Running-Club","description":"Apr\u00e8s une fin de saison de cross compliqu\u00e9e, marqu\u00e9e par une \u00e9pid\u00e9mie de grippe ayant touch\u00e9 de nombreux athl\u00e8tes, nous avions tous un go\u00fbt amer en repensant aux demi-finales des championnats de France \u00e0 Combourg. Pourtant, le BRC \u00e9tait l\u2019un des clubs les plus repr\u00e9sent\u00e9s du territoire lors de ces championnats. Nos premi\u00e8res saisons de","inLanguage":"fr-FR","isPartOf":{"@id":"https:\/\/bolbec-running-club.org\/#website"},"breadcrumb":{"@id":"https:\/\/bolbec-running-club.org\/?p=4523#breadcrumblist"},"author":{"@id":"https:\/\/bolbec-running-club.org\/?author=1#author"},"creator":{"@id":"https:\/\/bolbec-running-club.org\/?author=1#author"},"image":{"@type":"ImageObject","url":"https:\/\/bolbec-running-club.org\/wp-content\/uploads\/2025\/03\/DSC_7056-scaled.jpg","@id":"https:\/\/bolbec-running-club.org\/?p=4523\/#mainImage","width":2560,"height":1707},"primaryImageOfPage":{"@id":"https:\/\/bolbec-running-club.org\/?p=4523#mainImage"},"datePublished":"2025-03-02T18:11:05+00:00","dateModified":"2025-03-02T18:49:30+00:00"},{"@type":"WebSite","@id":"https:\/\/bolbec-running-club.org\/#website","url":"https:\/\/bolbec-running-club.org\/","name":"Bolbec-Running-Club","description":"Club d'athl\u00e9tisme","inLanguage":"fr-FR","publisher":{"@id":"https:\/\/bolbec-running-club.org\/#organization"}}]},"og:locale":"fr_FR","og:site_name":"Bolbec-Running-Club - Club d'athl\u00e9tisme","og:type":"article","og:title":"Le BRC brille \u00e0 Fleurbaix (Lille) - Bolbec-Running-Club","og:description":"Apr\u00e8s une fin de saison de cross compliqu\u00e9e, marqu\u00e9e par une \u00e9pid\u00e9mie de grippe ayant touch\u00e9 de nombreux athl\u00e8tes, nous avions tous un go\u00fbt amer en repensant aux demi-finales des championnats de France \u00e0 Combourg. Pourtant, le BRC \u00e9tait l\u2019un des clubs les plus repr\u00e9sent\u00e9s du territoire lors de ces championnats. Nos premi\u00e8res saisons de","og:url":"https:\/\/bolbec-running-club.org\/?p=4523","og:image":"https:\/\/bolbec-running-club.org\/wp-content\/uploads\/2025\/03\/DSC_7056-scaled.jpg","og:image:secure_url":"https:\/\/bolbec-running-club.org\/wp-content\/uploads\/2025\/03\/DSC_7056-scaled.jpg","og:image:width":"2560","og:image:height":"1707","article:published_time":"2025-03-02T18:11:05+00:00","article:modified_time":"2025-03-02T18:49:30+00:00","twitter:card":"summary_large_image","twitter:title":"Le BRC brille \u00e0 Fleurbaix (Lille) - Bolbec-Running-Club","twitter:description":"Apr\u00e8s une fin de saison de cross compliqu\u00e9e, marqu\u00e9e par une \u00e9pid\u00e9mie de grippe ayant touch\u00e9 de nombreux athl\u00e8tes, nous avions tous un go\u00fbt amer en repensant aux demi-finales des championnats de France \u00e0 Combourg. Pourtant, le BRC \u00e9tait l\u2019un des clubs les plus repr\u00e9sent\u00e9s du territoire lors de ces championnats. Nos premi\u00e8res saisons de","twitter:image":"https:\/\/bolbec-running-club.org\/wp-content\/uploads\/2025\/03\/DSC_7056-scaled.jpg"},"aioseo_meta_data":{"post_id":"4523","title":null,"description":null,"keywords":null,"keyphrases":{"focus":{"keyphrase":"","score":0,"analysis":{"keyphraseInTitle":{"score":0,"maxScore":9,"error":1}}},"additional":[]},"primary_term":null,"canonical_url":null,"og_title":null,"og_description":null,"og_object_type":"default","og_image_type":"featured","og_image_url":"https:\/\/bolbec-running-club.org\/wp-content\/uploads\/2025\/03\/DSC_7056-scaled.jpg","og_image_width":"2560","og_image_height":"1707","og_image_custom_url":null,"og_image_custom_fields":null,"og_video":"","og_custom_url":null,"og_article_section":null,"og_article_tags":null,"twitter_use_og":false,"twitter_card":"default","twitter_image_type":"default","twitter_image_url":null,"twitter_image_custom_url":null,"twitter_image_custom_fields":null,"twitter_title":null,"twitter_description":null,"schema":{"blockGraphs":[],"customGraphs":[],"default":{"data":{"Article":[],"Course":[],"Dataset":[],"FAQPage":[],"Movie":[],"Person":[],"Product":[],"ProductReview":[],"Car":[],"Recipe":[],"Service":[],"SoftwareApplication":[],"WebPage":[]},"graphName":"BlogPosting","isEnabled":true},"graphs":[]},"schema_type":"default","schema_type_options":null,"pillar_content":false,"robots_default":true,"robots_noindex":false,"robots_noarchive":false,"robots_nosnippet":false,"robots_nofollow":false,"robots_noimageindex":false,"robots_noodp":false,"robots_notranslate":false,"robots_max_snippet":"-1","robots_max_videopreview":"-1","robots_max_imagepreview":"large","priority":null,"frequency":"default","local_seo":null,"breadcrumb_settings":null,"limit_modified_date":false,"ai":null,"created":"2025-03-02 18:20:43","updated":"2025-06-06 11:08:26","seo_analyzer_scan_date":null,"focus_keyword":null,"additional_keywords":null,"truseo_locale":null},"aioseo_breadcrumb":"<div class=\"aioseo-breadcrumbs\"><span class=\"aioseo-breadcrumb\">\n\t\t\t<a href=\"https:\/\/bolbec-running-club.org\" title=\"Domicile\">Domicile<\/a>\n\t\t<\/span><span class=\"aioseo-breadcrumb-separator\">&raquo;<\/span><span class=\"aioseo-breadcrumb\">\n\t\t\t<a href=\"https:\/\/bolbec-running-club.org\/?cat=1\" title=\"Article comp\u00e9tition\">Article comp\u00e9tition<\/a>\n\t\t<\/span><span class=\"aioseo-breadcrumb-separator\">&raquo;<\/span><span class=\"aioseo-breadcrumb\">\n\t\t\tLe BRC brille \u00e0 Fleurbaix (Lille)\n\t\t<\/span><\/div>","aioseo_breadcrumb_json":[{"label":"Domicile","link":"https:\/\/bolbec-running-club.org"},{"label":"Article comp\u00e9tition","link":"https:\/\/bolbec-running-club.org\/?cat=1"},{"label":"Le BRC brille \u00e0 Fleurbaix (Lille)","link":"https:\/\/bolbec-running-club.org\/?p=4523"}],"jetpack_featured_media_url":"https:\/\/bolbec-running-club.org\/wp-content\/uploads\/2025\/03\/DSC_7056-scaled.jpg","_links":{"self":[{"href":"https:\/\/bolbec-running-club.org\/index.php?rest_route=\/wp\/v2\/posts\/4523","targetHints":{"allow":["GET"]}}],"collection":[{"href":"https:\/\/bolbec-running-club.org\/index.php?rest_route=\/wp\/v2\/posts"}],"about":[{"href":"https:\/\/bolbec-running-club.org\/index.php?rest_route=\/wp\/v2\/types\/post"}],"author":[{"embeddable":true,"href":"https:\/\/bolbec-running-club.org\/index.php?rest_route=\/wp\/v2\/users\/1"}],"replies":[{"embeddable":true,"href":"https:\/\/bolbec-running-club.org\/index.php?rest_route=%2Fwp%2Fv2%2Fcomments&post=4523"}],"version-history":[{"count":3,"href":"https:\/\/bolbec-running-club.org\/index.php?rest_route=\/wp\/v2\/posts\/4523\/revisions"}],"predecessor-version":[{"id":4572,"href":"https:\/\/bolbec-running-club.org\/index.php?rest_route=\/wp\/v2\/posts\/4523\/revisions\/4572"}],"wp:featuredmedia":[{"embeddable":true,"href":"https:\/\/bolbec-running-club.org\/index.php?rest_route=\/wp\/v2\/media\/4351"}],"wp:attachment":[{"href":"https:\/\/bolbec-running-club.org\/index.php?rest_route=%2Fwp%2Fv2%2Fmedia&parent=4523"}],"wp:term":[{"taxonomy":"category","embeddable":true,"href":"https:\/\/bolbec-running-club.org\/index.php?rest_route=%2Fwp%2Fv2%2Fcategories&post=4523"},{"taxonomy":"post_tag","embeddable":true,"href":"https:\/\/bolbec-running-club.org\/index.php?rest_route=%2Fwp%2Fv2%2Ftags&post=4523"}],"curies":[{"name":"wp","href":"https:\/\/api.w.org\/{rel}","templated":true}]}}