{"id":4293,"date":"2025-02-12T20:03:41","date_gmt":"2025-02-12T20:03:41","guid":{"rendered":"https:\/\/bolbec-running-club.org\/?p=4293"},"modified":"2025-02-12T20:03:45","modified_gmt":"2025-02-12T20:03:45","slug":"9-athletes-du-brc-en-demi-finale-des-championnats-de-france-de-cross-country","status":"publish","type":"post","link":"https:\/\/bolbec-running-club.org\/?p=4293","title":{"rendered":"9 athl\u00e8tes du BRC en demi-finale des Championnats de France de cross-country"},"content":{"rendered":"<p data-start=\"176\" data-end=\"391\">Nous aurions d\u00fb \u00eatre 11, mais Martin Lesueur et Tommy Versavel, malades, ont d\u00fb d\u00e9clarer forfait \u00e0 la derni\u00e8re minute. La saison estivale sera importante pour eux, avec sans doute l&rsquo;envie de prendre leur revanche.<\/p>\n<p data-start=\"393\" data-end=\"1188\">La premi\u00e8re \u00e0 s\u2019\u00e9lancer, c\u2019est Lisa Paris, notre cadette premi\u00e8re ann\u00e9e. Pr\u00e9sente malgr\u00e9 plus de huit jours d\u2019arr\u00eat \u00e0 cause de la grippe, elle tenait \u00e0 \u00eatre l\u00e0 et \u00e0 jouer pleinement sa carte sur un parcours certes moins boueux que celui des r\u00e9gionaux de Valognes, mais loin d\u2019\u00eatre facile avec ses nombreuses relances et faux plats montants. Lisa avait dans un coin de sa t\u00eate la qualification aux Championnats de France. Mais nous le savons tous, ne pas \u00eatre \u00e0 100 % sur ce type de course, face aux Bretons, c&rsquo;est mission impossible pour passer au tour suivant. Lisa \u00e9choue \u00e0 30 petites secondes et quelques places pr\u00e8s. Pourtant, elle a prouv\u00e9 qu\u2019elle \u00e9tait une cadette sur qui il faudra compter. Diminu\u00e9e, elle n\u2019a absolument pas d\u00e9m\u00e9rit\u00e9 en se donnant \u00e0 fond du d\u00e9but \u00e0 la fin de sa course.<\/p>\n<h3 data-start=\"1190\" data-end=\"1216\">Nos cadets en action<\/h3>\n<p data-start=\"1217\" data-end=\"1257\">Ils \u00e9taient deux \u00e0 repr\u00e9senter le BRC.<\/p>\n<p data-start=\"1259\" data-end=\"1807\">Ewen Talec a v\u00e9cu une saison de cross compliqu\u00e9e : un d\u00e9but d\u2019ann\u00e9e marqu\u00e9 par un manque d\u2019entra\u00eenement, puis la grippe qui l\u2019a bien affaibli. Il est encore \u00e0 la recherche de son second souffle. Mais quelle pers\u00e9v\u00e9rance ! Savoir que la course va \u00eatre difficile, que le cross n&rsquo;est pas sa discipline de pr\u00e9dilection, et venir quand m\u00eame sur la ligne de d\u00e9part avec l\u2019envie de tout donner, \u00e7a force le respect. Ewen a couru avec ses armes et ressort grandi de cette saison de cross. Il ne fait aucun doute qu\u2019il r\u00e9alisera une belle saison estivale.<\/p>\n<p data-start=\"1809\" data-end=\"2166\">Nathael Blondel, s\u00fbrement le plus novice en athl\u00e9tisme de notre groupe, engrange de l\u2019exp\u00e9rience et progresse \u00e0 une vitesse folle. Parti prudemment, il a construit sa course en remontant ses concurrents tout au long du parcours. Techniquement, Nathael a \u00e9norm\u00e9ment progress\u00e9. Il faudra maintenant s\u2019entra\u00eener encore plus dur pour se faire plaisir cet \u00e9t\u00e9.<\/p>\n<h3 data-start=\"2168\" data-end=\"2210\">Cross court hommes : trois qualifi\u00e9s<\/h3>\n<p data-start=\"2211\" data-end=\"2280\">Luc Ouf, Th\u00e9o Gu\u00e9roult et David Lepiller \u00e9taient nos repr\u00e9sentants.<\/p>\n<p data-start=\"2282\" data-end=\"2522\">Th\u00e9o \u00e9tait venu avec l\u2019objectif d\u2019obtenir la meilleure place possible, mais aussi d&rsquo;affiner sa pr\u00e9paration pour son prochain 10 km. Il continue d\u2019impressionner par sa d\u00e9termination et son refus d\u2019abandonner, quelle que soit la difficult\u00e9.<\/p>\n<p data-start=\"2524\" data-end=\"2729\">Luc, notre master, est venu se frotter \u00e0 la vitesse des plus jeunes, lui aussi dans l\u2019optique de pr\u00e9parer un gros chrono sur 10 km. Et quelle course ! Il se classe dans le top 100, une belle performance.<\/p>\n<p data-start=\"2731\" data-end=\"3344\">David savait qu\u2019une qualification \u00e9tait possible, mais il fallait aligner toutes les plan\u00e8tes. Malheureusement, aujourd\u2019hui, certaines lui ont manqu\u00e9. Toujours en qu\u00eate de sensations, et sans ce coup de froid, il aurait pu s\u2019exprimer pleinement. Il termine avec un go\u00fbt amer, celui de ne pas avoir pu donner l\u2019effort suppl\u00e9mentaire n\u00e9cessaire. Comme Lisa, il lui manque 30 petites secondes et quelques places. Mais David confirme son potentiel en cross et a v\u00e9cu une saison compl\u00e8te chez les adultes. Nul doute qu\u2019on le reverra l\u2019ann\u00e9e prochaine avec encore plus d\u2019envie pour aller chercher cette qualification.<\/p>\n<h3 data-start=\"3346\" data-end=\"3381\">Cross femmes : trois engag\u00e9es<\/h3>\n<p data-start=\"3382\" data-end=\"3454\">La\u00ebtitia Saussaye, Caroline Sery et Barbara Tefera ont pris le d\u00e9part.<\/p>\n<p data-start=\"3456\" data-end=\"3744\">Barbara a profit\u00e9 de la qualification par \u00e9quipe pour accompagner les copines et s\u2019aligner sur un cross court plut\u00f4t que de rester sur un cross long qui l\u2019avait d\u00e9\u00e7ue. M\u00eame si ces 4 kilom\u00e8tres ont \u00e9t\u00e9 difficiles, avec un rythme soutenu d\u00e8s le d\u00e9part, elle confirme sa nette progression.<\/p>\n<p data-start=\"3746\" data-end=\"3969\">La\u00ebtitia, quant \u00e0 elle, n\u2019avait aucun objectif sur cette course. En pleine pr\u00e9paration pour le semi-marathon de Cabourg, elle \u00e9tait l\u00e0 uniquement pour accompagner ses co\u00e9quipi\u00e8res. Bravo \u00e0 elle, et rendez-vous le 9 mars !<\/p>\n<p data-start=\"3971\" data-end=\"4207\">Caroline, apr\u00e8s une tr\u00e8s belle course aux r\u00e9gionaux, a de nouveau montr\u00e9 de belles choses. Malgr\u00e9 un petit coup de froid, elle a tout donn\u00e9 du d\u00e9but \u00e0 la fin. Avec plus de possibilit\u00e9s d\u2019entra\u00eenement, elle pourrait encore faire mieux.<\/p>\n<h3 data-start=\"4209\" data-end=\"4247\">Une saison de cross qui s\u2019ach\u00e8ve<\/h3>\n<p data-start=\"4248\" data-end=\"4527\">Le cross-country est certainement l\u2019une des disciplines les plus dures de l\u2019athl\u00e9tisme, et pourtant, le BRC a r\u00e9ussi \u00e0 \u00eatre l\u2019un des clubs les plus repr\u00e9sent\u00e9s du territoire. Bravo \u00e0 tous ceux qui ont particip\u00e9 \u00e0 cette saison, et merci d\u2019avoir port\u00e9 haut les couleurs du club !<\/p>\n","protected":false},"excerpt":{"rendered":"<p>Nous aurions d\u00fb \u00eatre 11, mais Martin Lesueur et Tommy Versavel, malades, ont d\u00fb d\u00e9clarer forfait \u00e0 la derni\u00e8re minute. La saison estivale sera importante pour eux, avec sans doute l&rsquo;envie de prendre leur revanche. La premi\u00e8re \u00e0 s\u2019\u00e9lancer, c\u2019est Lisa Paris, notre cadette premi\u00e8re ann\u00e9e. Pr\u00e9sente malgr\u00e9 plus de huit jours d\u2019arr\u00eat \u00e0 cause [&hellip;]<\/p>\n","protected":false},"author":1,"featured_media":4222,"comment_status":"open","ping_status":"open","sticky":false,"template":"","format":"standard","meta":{"_et_pb_use_builder":"","_et_pb_old_content":"","_et_gb_content_width":"","footnotes":""},"categories":[1],"tags":[],"class_list":["post-4293","post","type-post","status-publish","format-standard","has-post-thumbnail","hentry","category-article-competition"],"aioseo_notices":[],"jetpack_featured_media_url":"https:\/\/bolbec-running-club.org\/wp-content\/uploads\/2025\/02\/DSC_6283-scaled.jpg","_links":{"self":[{"href":"https:\/\/bolbec-running-club.org\/index.php?rest_route=\/wp\/v2\/posts\/4293","targetHints":{"allow":["GET"]}}],"collection":[{"href":"https:\/\/bolbec-running-club.org\/index.php?rest_route=\/wp\/v2\/posts"}],"about":[{"href":"https:\/\/bolbec-running-club.org\/index.php?rest_route=\/wp\/v2\/types\/post"}],"author":[{"embeddable":true,"href":"https:\/\/bolbec-running-club.org\/index.php?rest_route=\/wp\/v2\/users\/1"}],"replies":[{"embeddable":true,"href":"https:\/\/bolbec-running-club.org\/index.php?rest_route=%2Fwp%2Fv2%2Fcomments&post=4293"}],"version-history":[{"count":1,"href":"https:\/\/bolbec-running-club.org\/index.php?rest_route=\/wp\/v2\/posts\/4293\/revisions"}],"predecessor-version":[{"id":4294,"href":"https:\/\/bolbec-running-club.org\/index.php?rest_route=\/wp\/v2\/posts\/4293\/revisions\/4294"}],"wp:featuredmedia":[{"embeddable":true,"href":"https:\/\/bolbec-running-club.org\/index.php?rest_route=\/wp\/v2\/media\/4222"}],"wp:attachment":[{"href":"https:\/\/bolbec-running-club.org\/index.php?rest_route=%2Fwp%2Fv2%2Fmedia&parent=4293"}],"wp:term":[{"taxonomy":"category","embeddable":true,"href":"https:\/\/bolbec-running-club.org\/index.php?rest_route=%2Fwp%2Fv2%2Fcategories&post=4293"},{"taxonomy":"post_tag","embeddable":true,"href":"https:\/\/bolbec-running-club.org\/index.php?rest_route=%2Fwp%2Fv2%2Ftags&post=4293"}],"curies":[{"name":"wp","href":"https:\/\/api.w.org\/{rel}","templated":true}]}}