{"id":3678,"date":"2024-12-25T17:59:08","date_gmt":"2024-12-25T17:59:08","guid":{"rendered":"https:\/\/bolbec-running-club.org\/?p=3678"},"modified":"2024-12-25T18:11:21","modified_gmt":"2024-12-25T18:11:21","slug":"le-brc-termine-lannee-sur-une-bonne-note","status":"publish","type":"post","link":"https:\/\/bolbec-running-club.org\/?p=3678","title":{"rendered":"Le BRC termine l&rsquo;ann\u00e9e sur une bonne note"},"content":{"rendered":"<p>Vendredi dernier, une petite \u00e9quipe du BRC s&rsquo;est rendue \u00e0 la soir\u00e9e Jesse Owens \u00e0 Val-de-Reuil, o\u00f9 nos jeunes athl\u00e8tes ont montr\u00e9 de belles performances.<\/p>\n<p><strong>Lisa Paris : Un record personnel am\u00e9lior\u00e9<\/strong><br \/>\nL&rsquo;un des moments marquants de la soir\u00e9e a \u00e9t\u00e9 la performance de Lisa Paris sur 800m. Avec un temps de 2&rsquo;37, elle a abaiss\u00e9 son pr\u00e9c\u00e9dent record personnel de 2&rsquo;41. Cette am\u00e9lioration lui permet de se rapprocher des minima pour les inter-r\u00e9gionaux de France, qui auront lieu en f\u00e9vrier. Un progr\u00e8s qui t\u00e9moigne de son travail s\u00e9rieux et de sa r\u00e9gularit\u00e9 \u00e0 l\u2019entra\u00eenement.<\/p>\n<p><strong>Nathael Blondel : Des progr\u00e8s r\u00e9guliers<\/strong><br \/>\nNathael Blondel a \u00e9galement am\u00e9lior\u00e9 son chrono sur 800m, passant de 2&rsquo;44 \u00e0 2&rsquo;41 lors de sa deuxi\u00e8me course de la saison. En plus de cela, il a d\u00e9couvert le lancer de poids, enregistrant un premier jet \u00e0 6m45. Ce n&rsquo;est que le d\u00e9but dans cette discipline, mais Nathael a montr\u00e9 une belle envie de diversifier ses performances et de progresser dans diff\u00e9rentes \u00e9preuves.<\/p>\n<p><strong>Nicolas Poret et Tommy Versavel : Des conditions difficiles pour le 3000m<\/strong><br \/>\nSur 3000m, Nicolas Poret et Tommy Versavel ont d\u00fb affronter des conditions de course peu id\u00e9ales, avec un d\u00e9part bien apr\u00e8s minuit. Nicolas a r\u00e9ussi \u00e0 confirmer son temps de 9&rsquo;19, r\u00e9alis\u00e9 il y a trois semaines. Le d\u00e9but de l\u2019ann\u00e9e sera important pour lui, notamment avec les \u00e9preuves de cross et la reprise sur piste. Il pourra compter sur ses partenaires d\u2019entra\u00eenement pour l\u2019accompagner dans sa progression.<\/p>\n<p><strong>Tommy Versavel : Un chrono encourageant<\/strong><br \/>\nTommy Versavel, quant \u00e0 lui, avait pour objectif de courir sous les 10&rsquo;30 sur 3000m. D\u00e8s les 400 premiers m\u00e8tres, il a montr\u00e9 qu&rsquo;il pourrait faire mieux. Finalement, il termine en 10&rsquo;06, un temps plus que satisfaisant compte tenu de sa pr\u00e9paration. Il manque encore un peu pour atteindre son objectif, mais cette performance reste prometteuse. Apr\u00e8s quelques jours d&rsquo;entra\u00eenement suppl\u00e9mentaires, Tommy devrait pouvoir encore am\u00e9liorer son chrono au d\u00e9but de l&rsquo;ann\u00e9e.<\/p>\n<p><strong>La\u00ebtitia Saussaye et Mil\u00e8ne Folliot : Des premi\u00e8res sur 3000m pour nos f\u00e9minines<\/strong><br \/>\nSur 3000m, le BRC a \u00e9galement align\u00e9 deux f\u00e9minines, La\u00ebtitia Saussaye et Mil\u00e8ne Folliot. Pour Mil\u00e8ne, c&rsquo;\u00e9tait une premi\u00e8re sur cette distance, elle qui avait plut\u00f4t couru des 800m les ann\u00e9es pass\u00e9es. Sans trop h\u00e9siter, Mil\u00e8ne a pris des risques d\u00e8s le d\u00e9part pour ne pas perdre le contact avec le peloton, un choix qui s\u2019est r\u00e9v\u00e9l\u00e9 payant puisqu\u2019elle a termin\u00e9 en 12&rsquo;15. La\u00ebtitia, quant \u00e0 elle, a g\u00e9r\u00e9 sa course de mani\u00e8re plus mesur\u00e9e, \u00e9tant un peu en manque de vitesse, mais elle est parvenue \u00e0 \u00eatre r\u00e9guli\u00e8re tout au long de l\u2019\u00e9preuve. Elle dispose d\u00e9sormais d&rsquo;un chrono \u00e0 battre, et il est clair que cette exp\u00e9rience lui servira pour ses futures courses.<\/p>\n<p><strong>Une dynamique positive chez les cadets<\/strong><br \/>\nLa soir\u00e9e a \u00e9t\u00e9 marqu\u00e9e par une belle dynamique chez nos cadets, qui continuent de montrer des progr\u00e8s. Lisa a donn\u00e9 le ton avec sa performance sur 800m, et Tommy a bien suivi en montrant qu&rsquo;il est capable de r\u00e9aliser de bonnes performances m\u00eame dans des conditions difficiles.<\/p>\n<p>Les mois \u00e0 venir s&rsquo;annoncent importants, avec plusieurs \u00e9ch\u00e9ances \u00e0 venir, notamment les cross et les comp\u00e9titions sur piste. L&rsquo;\u00e9quipe du BRC peut \u00eatre satisfaite des r\u00e9sultats de ses jeunes athl\u00e8tes, qui, \u00e0 leur rythme, continuent de progresser et de se pr\u00e9parer pour les d\u00e9fis \u00e0 venir en 2024.<\/p>\n<p>Les r\u00e9sultats du BRC <a href='https:\/\/bases.athle.fr\/asp.net\/liste.aspx?frmbase=resultats&#038;frmmode=1&#038;pardisplay=1&#038;frmespace=0&#038;frmcompetition=294090&#038;frmclub=076475' class='small-button smallorange' target=\"_blank\">ici<\/a><\/p>\n<p>Galerie photos <a href='https:\/\/bolbec-running-club.org\/?page_id=3578' class='small-button smallorange' target=\"_blank\">ici<\/a><\/p>\n","protected":false},"excerpt":{"rendered":"<p>Vendredi dernier, une petite \u00e9quipe du BRC s&rsquo;est rendue \u00e0 la soir\u00e9e Jesse Owens \u00e0 Val-de-Reuil, o\u00f9 nos jeunes athl\u00e8tes ont montr\u00e9 de belles performances. Lisa Paris : Un record personnel am\u00e9lior\u00e9 L&rsquo;un des moments marquants de la soir\u00e9e a \u00e9t\u00e9 la performance de Lisa Paris sur 800m. Avec un temps de 2&rsquo;37, elle a [&hellip;]<\/p>\n","protected":false},"author":1,"featured_media":3681,"comment_status":"open","ping_status":"open","sticky":false,"template":"","format":"standard","meta":{"_et_pb_use_builder":"","_et_pb_old_content":"","_et_gb_content_width":"","footnotes":"","jetpack_post_was_ever_published":false},"categories":[1],"tags":[],"class_list":["post-3678","post","type-post","status-publish","format-standard","has-post-thumbnail","hentry","category-article-competition"],"aioseo_notices":[],"aioseo_head":"\n\t\t<!-- All in One SEO 5.0.1.1 - aioseo.com -->\n\t<meta name=\"description\" content=\"Vendredi dernier, une petite \u00e9quipe du BRC s&#039;est rendue \u00e0 la soir\u00e9e Jesse Owens \u00e0 Val-de-Reuil, o\u00f9 nos jeunes athl\u00e8tes ont montr\u00e9 de belles performances. Lisa Paris : Un record personnel am\u00e9lior\u00e9 L&#039;un des moments marquants de la soir\u00e9e a \u00e9t\u00e9 la performance de Lisa Paris sur 800m. Avec un temps de 2&#039;37, elle a\" \/>\n\t<meta name=\"robots\" content=\"max-image-preview:large\" \/>\n\t<meta name=\"author\" content=\"Florian\"\/>\n\t<link rel=\"canonical\" href=\"https:\/\/bolbec-running-club.org\/?p=3678\" \/>\n\t<meta name=\"generator\" content=\"All in One SEO (AIOSEO) 5.0.1.1\" \/>\n\t\t<meta property=\"og:locale\" content=\"fr_FR\" \/>\n\t\t<meta property=\"og:site_name\" content=\"Bolbec-Running-Club - Club d&#039;athl\u00e9tisme\" \/>\n\t\t<meta property=\"og:type\" content=\"article\" \/>\n\t\t<meta property=\"og:title\" content=\"Le BRC termine l\u2019ann\u00e9e sur une bonne note - Bolbec-Running-Club\" \/>\n\t\t<meta property=\"og:description\" content=\"Vendredi dernier, une petite \u00e9quipe du BRC s&#039;est rendue \u00e0 la soir\u00e9e Jesse Owens \u00e0 Val-de-Reuil, o\u00f9 nos jeunes athl\u00e8tes ont montr\u00e9 de belles performances. Lisa Paris : Un record personnel am\u00e9lior\u00e9 L&#039;un des moments marquants de la soir\u00e9e a \u00e9t\u00e9 la performance de Lisa Paris sur 800m. Avec un temps de 2&#039;37, elle a\" \/>\n\t\t<meta property=\"og:url\" content=\"https:\/\/bolbec-running-club.org\/?p=3678\" \/>\n\t\t<meta property=\"og:image\" content=\"https:\/\/bolbec-running-club.org\/wp-content\/uploads\/2024\/12\/Design-sans-titre-21.jpg\" \/>\n\t\t<meta property=\"og:image:secure_url\" content=\"https:\/\/bolbec-running-club.org\/wp-content\/uploads\/2024\/12\/Design-sans-titre-21.jpg\" \/>\n\t\t<meta property=\"og:image:width\" content=\"2000\" \/>\n\t\t<meta property=\"og:image:height\" content=\"1414\" \/>\n\t\t<meta property=\"article:published_time\" content=\"2024-12-25T17:59:08+00:00\" \/>\n\t\t<meta property=\"article:modified_time\" content=\"2024-12-25T18:11:21+00:00\" \/>\n\t\t<meta name=\"twitter:card\" content=\"summary_large_image\" \/>\n\t\t<meta name=\"twitter:title\" content=\"Le BRC termine l\u2019ann\u00e9e sur une bonne note - Bolbec-Running-Club\" \/>\n\t\t<meta name=\"twitter:description\" content=\"Vendredi dernier, une petite \u00e9quipe du BRC s&#039;est rendue \u00e0 la soir\u00e9e Jesse Owens \u00e0 Val-de-Reuil, o\u00f9 nos jeunes athl\u00e8tes ont montr\u00e9 de belles performances. Lisa Paris : Un record personnel am\u00e9lior\u00e9 L&#039;un des moments marquants de la soir\u00e9e a \u00e9t\u00e9 la performance de Lisa Paris sur 800m. Avec un temps de 2&#039;37, elle a\" \/>\n\t\t<meta name=\"twitter:image\" content=\"https:\/\/bolbec-running-club.org\/wp-content\/uploads\/2024\/12\/Design-sans-titre-21.jpg\" \/>\n\t\t<script type=\"application\/ld+json\" class=\"aioseo-schema\">\n\t\t\t{\"@context\":\"https:\\\/\\\/schema.org\",\"@graph\":[{\"@type\":\"BlogPosting\",\"@id\":\"https:\\\/\\\/bolbec-running-club.org\\\/?p=3678#blogposting\",\"name\":\"Le BRC termine l\\u2019ann\\u00e9e sur une bonne note - Bolbec-Running-Club\",\"headline\":\"Le BRC termine l&rsquo;ann\\u00e9e sur une bonne note\",\"author\":{\"@id\":\"https:\\\/\\\/bolbec-running-club.org\\\/?author=1#author\"},\"publisher\":{\"@id\":\"https:\\\/\\\/bolbec-running-club.org\\\/#organization\"},\"image\":{\"@type\":\"ImageObject\",\"url\":\"https:\\\/\\\/bolbec-running-club.org\\\/wp-content\\\/uploads\\\/2024\\\/12\\\/Design-sans-titre-21.jpg\",\"width\":2000,\"height\":1414},\"datePublished\":\"2024-12-25T17:59:08+00:00\",\"dateModified\":\"2024-12-25T18:11:21+00:00\",\"inLanguage\":\"fr-FR\",\"mainEntityOfPage\":{\"@id\":\"https:\\\/\\\/bolbec-running-club.org\\\/?p=3678#webpage\"},\"isPartOf\":{\"@id\":\"https:\\\/\\\/bolbec-running-club.org\\\/?p=3678#webpage\"},\"articleSection\":\"Article comp\\u00e9tition\"},{\"@type\":\"BreadcrumbList\",\"@id\":\"https:\\\/\\\/bolbec-running-club.org\\\/?p=3678#breadcrumblist\",\"itemListElement\":[{\"@type\":\"ListItem\",\"@id\":\"https:\\\/\\\/bolbec-running-club.org#listItem\",\"position\":1,\"name\":\"Domicile\",\"item\":\"https:\\\/\\\/bolbec-running-club.org\",\"nextItem\":{\"@type\":\"ListItem\",\"@id\":\"https:\\\/\\\/bolbec-running-club.org\\\/?cat=1#listItem\",\"name\":\"Article comp\\u00e9tition\"}},{\"@type\":\"ListItem\",\"@id\":\"https:\\\/\\\/bolbec-running-club.org\\\/?cat=1#listItem\",\"position\":2,\"name\":\"Article comp\\u00e9tition\",\"item\":\"https:\\\/\\\/bolbec-running-club.org\\\/?cat=1\",\"nextItem\":{\"@type\":\"ListItem\",\"@id\":\"https:\\\/\\\/bolbec-running-club.org\\\/?p=3678#listItem\",\"name\":\"Le BRC termine l&rsquo;ann\\u00e9e sur une bonne note\"},\"previousItem\":{\"@type\":\"ListItem\",\"@id\":\"https:\\\/\\\/bolbec-running-club.org#listItem\",\"name\":\"Domicile\"}},{\"@type\":\"ListItem\",\"@id\":\"https:\\\/\\\/bolbec-running-club.org\\\/?p=3678#listItem\",\"position\":3,\"name\":\"Le BRC termine l&rsquo;ann\\u00e9e sur une bonne note\",\"previousItem\":{\"@type\":\"ListItem\",\"@id\":\"https:\\\/\\\/bolbec-running-club.org\\\/?cat=1#listItem\",\"name\":\"Article comp\\u00e9tition\"}}]},{\"@type\":\"Organization\",\"@id\":\"https:\\\/\\\/bolbec-running-club.org\\\/#organization\",\"name\":\"Bolbec-Running-Club\",\"description\":\"Club d'athl\\u00e9tisme\",\"url\":\"https:\\\/\\\/bolbec-running-club.org\\\/\",\"telephone\":\"+33629787023\",\"logo\":{\"@type\":\"ImageObject\",\"url\":\"https:\\\/\\\/bolbec-running-club.org\\\/wp-content\\\/uploads\\\/2024\\\/03\\\/cropped-1-1-1.jpg\",\"@id\":\"https:\\\/\\\/bolbec-running-club.org\\\/?p=3678\\\/#organizationLogo\",\"width\":2000,\"height\":2000},\"image\":{\"@id\":\"https:\\\/\\\/bolbec-running-club.org\\\/?p=3678\\\/#organizationLogo\"}},{\"@type\":\"Person\",\"@id\":\"https:\\\/\\\/bolbec-running-club.org\\\/?author=1#author\",\"url\":\"https:\\\/\\\/bolbec-running-club.org\\\/?author=1\",\"name\":\"Florian\"},{\"@type\":\"WebPage\",\"@id\":\"https:\\\/\\\/bolbec-running-club.org\\\/?p=3678#webpage\",\"url\":\"https:\\\/\\\/bolbec-running-club.org\\\/?p=3678\",\"name\":\"Le BRC termine l\\u2019ann\\u00e9e sur une bonne note - Bolbec-Running-Club\",\"description\":\"Vendredi dernier, une petite \\u00e9quipe du BRC s'est rendue \\u00e0 la soir\\u00e9e Jesse Owens \\u00e0 Val-de-Reuil, o\\u00f9 nos jeunes athl\\u00e8tes ont montr\\u00e9 de belles performances. Lisa Paris : Un record personnel am\\u00e9lior\\u00e9 L'un des moments marquants de la soir\\u00e9e a \\u00e9t\\u00e9 la performance de Lisa Paris sur 800m. Avec un temps de 2'37, elle a\",\"inLanguage\":\"fr-FR\",\"isPartOf\":{\"@id\":\"https:\\\/\\\/bolbec-running-club.org\\\/#website\"},\"breadcrumb\":{\"@id\":\"https:\\\/\\\/bolbec-running-club.org\\\/?p=3678#breadcrumblist\"},\"author\":{\"@id\":\"https:\\\/\\\/bolbec-running-club.org\\\/?author=1#author\"},\"creator\":{\"@id\":\"https:\\\/\\\/bolbec-running-club.org\\\/?author=1#author\"},\"image\":{\"@type\":\"ImageObject\",\"url\":\"https:\\\/\\\/bolbec-running-club.org\\\/wp-content\\\/uploads\\\/2024\\\/12\\\/Design-sans-titre-21.jpg\",\"@id\":\"https:\\\/\\\/bolbec-running-club.org\\\/?p=3678\\\/#mainImage\",\"width\":2000,\"height\":1414},\"primaryImageOfPage\":{\"@id\":\"https:\\\/\\\/bolbec-running-club.org\\\/?p=3678#mainImage\"},\"datePublished\":\"2024-12-25T17:59:08+00:00\",\"dateModified\":\"2024-12-25T18:11:21+00:00\"},{\"@type\":\"WebSite\",\"@id\":\"https:\\\/\\\/bolbec-running-club.org\\\/#website\",\"url\":\"https:\\\/\\\/bolbec-running-club.org\\\/\",\"name\":\"Bolbec-Running-Club\",\"description\":\"Club d'athl\\u00e9tisme\",\"inLanguage\":\"fr-FR\",\"publisher\":{\"@id\":\"https:\\\/\\\/bolbec-running-club.org\\\/#organization\"}}]}\n\t\t<\/script>\n\t\t<!-- All in One SEO -->\n\n","aioseo_head_json":{"title":"Le BRC termine l\u2019ann\u00e9e sur une bonne note - Bolbec-Running-Club","description":"Vendredi dernier, une petite \u00e9quipe du BRC s'est rendue \u00e0 la soir\u00e9e Jesse Owens \u00e0 Val-de-Reuil, o\u00f9 nos jeunes athl\u00e8tes ont montr\u00e9 de belles performances. Lisa Paris : Un record personnel am\u00e9lior\u00e9 L'un des moments marquants de la soir\u00e9e a \u00e9t\u00e9 la performance de Lisa Paris sur 800m. Avec un temps de 2'37, elle a","canonical_url":"https:\/\/bolbec-running-club.org\/?p=3678","robots":"max-image-preview:large","keywords":"","webmasterTools":{"miscellaneous":""},"schema":{"@context":"https:\/\/schema.org","@graph":[{"@type":"BlogPosting","@id":"https:\/\/bolbec-running-club.org\/?p=3678#blogposting","name":"Le BRC termine l\u2019ann\u00e9e sur une bonne note - Bolbec-Running-Club","headline":"Le BRC termine l&rsquo;ann\u00e9e sur une bonne note","author":{"@id":"https:\/\/bolbec-running-club.org\/?author=1#author"},"publisher":{"@id":"https:\/\/bolbec-running-club.org\/#organization"},"image":{"@type":"ImageObject","url":"https:\/\/bolbec-running-club.org\/wp-content\/uploads\/2024\/12\/Design-sans-titre-21.jpg","width":2000,"height":1414},"datePublished":"2024-12-25T17:59:08+00:00","dateModified":"2024-12-25T18:11:21+00:00","inLanguage":"fr-FR","mainEntityOfPage":{"@id":"https:\/\/bolbec-running-club.org\/?p=3678#webpage"},"isPartOf":{"@id":"https:\/\/bolbec-running-club.org\/?p=3678#webpage"},"articleSection":"Article comp\u00e9tition"},{"@type":"BreadcrumbList","@id":"https:\/\/bolbec-running-club.org\/?p=3678#breadcrumblist","itemListElement":[{"@type":"ListItem","@id":"https:\/\/bolbec-running-club.org#listItem","position":1,"name":"Domicile","item":"https:\/\/bolbec-running-club.org","nextItem":{"@type":"ListItem","@id":"https:\/\/bolbec-running-club.org\/?cat=1#listItem","name":"Article comp\u00e9tition"}},{"@type":"ListItem","@id":"https:\/\/bolbec-running-club.org\/?cat=1#listItem","position":2,"name":"Article comp\u00e9tition","item":"https:\/\/bolbec-running-club.org\/?cat=1","nextItem":{"@type":"ListItem","@id":"https:\/\/bolbec-running-club.org\/?p=3678#listItem","name":"Le BRC termine l&rsquo;ann\u00e9e sur une bonne note"},"previousItem":{"@type":"ListItem","@id":"https:\/\/bolbec-running-club.org#listItem","name":"Domicile"}},{"@type":"ListItem","@id":"https:\/\/bolbec-running-club.org\/?p=3678#listItem","position":3,"name":"Le BRC termine l&rsquo;ann\u00e9e sur une bonne note","previousItem":{"@type":"ListItem","@id":"https:\/\/bolbec-running-club.org\/?cat=1#listItem","name":"Article comp\u00e9tition"}}]},{"@type":"Organization","@id":"https:\/\/bolbec-running-club.org\/#organization","name":"Bolbec-Running-Club","description":"Club d'athl\u00e9tisme","url":"https:\/\/bolbec-running-club.org\/","telephone":"+33629787023","logo":{"@type":"ImageObject","url":"https:\/\/bolbec-running-club.org\/wp-content\/uploads\/2024\/03\/cropped-1-1-1.jpg","@id":"https:\/\/bolbec-running-club.org\/?p=3678\/#organizationLogo","width":2000,"height":2000},"image":{"@id":"https:\/\/bolbec-running-club.org\/?p=3678\/#organizationLogo"}},{"@type":"Person","@id":"https:\/\/bolbec-running-club.org\/?author=1#author","url":"https:\/\/bolbec-running-club.org\/?author=1","name":"Florian"},{"@type":"WebPage","@id":"https:\/\/bolbec-running-club.org\/?p=3678#webpage","url":"https:\/\/bolbec-running-club.org\/?p=3678","name":"Le BRC termine l\u2019ann\u00e9e sur une bonne note - Bolbec-Running-Club","description":"Vendredi dernier, une petite \u00e9quipe du BRC s'est rendue \u00e0 la soir\u00e9e Jesse Owens \u00e0 Val-de-Reuil, o\u00f9 nos jeunes athl\u00e8tes ont montr\u00e9 de belles performances. Lisa Paris : Un record personnel am\u00e9lior\u00e9 L'un des moments marquants de la soir\u00e9e a \u00e9t\u00e9 la performance de Lisa Paris sur 800m. Avec un temps de 2'37, elle a","inLanguage":"fr-FR","isPartOf":{"@id":"https:\/\/bolbec-running-club.org\/#website"},"breadcrumb":{"@id":"https:\/\/bolbec-running-club.org\/?p=3678#breadcrumblist"},"author":{"@id":"https:\/\/bolbec-running-club.org\/?author=1#author"},"creator":{"@id":"https:\/\/bolbec-running-club.org\/?author=1#author"},"image":{"@type":"ImageObject","url":"https:\/\/bolbec-running-club.org\/wp-content\/uploads\/2024\/12\/Design-sans-titre-21.jpg","@id":"https:\/\/bolbec-running-club.org\/?p=3678\/#mainImage","width":2000,"height":1414},"primaryImageOfPage":{"@id":"https:\/\/bolbec-running-club.org\/?p=3678#mainImage"},"datePublished":"2024-12-25T17:59:08+00:00","dateModified":"2024-12-25T18:11:21+00:00"},{"@type":"WebSite","@id":"https:\/\/bolbec-running-club.org\/#website","url":"https:\/\/bolbec-running-club.org\/","name":"Bolbec-Running-Club","description":"Club d'athl\u00e9tisme","inLanguage":"fr-FR","publisher":{"@id":"https:\/\/bolbec-running-club.org\/#organization"}}]},"og:locale":"fr_FR","og:site_name":"Bolbec-Running-Club - Club d'athl\u00e9tisme","og:type":"article","og:title":"Le BRC termine l\u2019ann\u00e9e sur une bonne note - Bolbec-Running-Club","og:description":"Vendredi dernier, une petite \u00e9quipe du BRC s'est rendue \u00e0 la soir\u00e9e Jesse Owens \u00e0 Val-de-Reuil, o\u00f9 nos jeunes athl\u00e8tes ont montr\u00e9 de belles performances. Lisa Paris : Un record personnel am\u00e9lior\u00e9 L'un des moments marquants de la soir\u00e9e a \u00e9t\u00e9 la performance de Lisa Paris sur 800m. Avec un temps de 2'37, elle a","og:url":"https:\/\/bolbec-running-club.org\/?p=3678","og:image":"https:\/\/bolbec-running-club.org\/wp-content\/uploads\/2024\/12\/Design-sans-titre-21.jpg","og:image:secure_url":"https:\/\/bolbec-running-club.org\/wp-content\/uploads\/2024\/12\/Design-sans-titre-21.jpg","og:image:width":"2000","og:image:height":"1414","article:published_time":"2024-12-25T17:59:08+00:00","article:modified_time":"2024-12-25T18:11:21+00:00","twitter:card":"summary_large_image","twitter:title":"Le BRC termine l\u2019ann\u00e9e sur une bonne note - Bolbec-Running-Club","twitter:description":"Vendredi dernier, une petite \u00e9quipe du BRC s'est rendue \u00e0 la soir\u00e9e Jesse Owens \u00e0 Val-de-Reuil, o\u00f9 nos jeunes athl\u00e8tes ont montr\u00e9 de belles performances. Lisa Paris : Un record personnel am\u00e9lior\u00e9 L'un des moments marquants de la soir\u00e9e a \u00e9t\u00e9 la performance de Lisa Paris sur 800m. Avec un temps de 2'37, elle a","twitter:image":"https:\/\/bolbec-running-club.org\/wp-content\/uploads\/2024\/12\/Design-sans-titre-21.jpg"},"aioseo_meta_data":{"post_id":"3678","title":null,"description":null,"keywords":null,"keyphrases":{"focus":{"keyphrase":"","score":0,"analysis":{"keyphraseInTitle":{"score":0,"maxScore":9,"error":1}}},"additional":[]},"primary_term":null,"canonical_url":null,"og_title":null,"og_description":null,"og_object_type":"default","og_image_type":"featured","og_image_url":"https:\/\/bolbec-running-club.org\/wp-content\/uploads\/2024\/12\/Design-sans-titre-21.jpg","og_image_width":"2000","og_image_height":"1414","og_image_custom_url":null,"og_image_custom_fields":null,"og_video":"","og_custom_url":null,"og_article_section":null,"og_article_tags":null,"twitter_use_og":false,"twitter_card":"default","twitter_image_type":"default","twitter_image_url":null,"twitter_image_custom_url":null,"twitter_image_custom_fields":null,"twitter_title":null,"twitter_description":null,"schema":{"blockGraphs":[],"customGraphs":[],"default":{"data":{"Article":[],"Course":[],"Dataset":[],"FAQPage":[],"Movie":[],"Person":[],"Product":[],"ProductReview":[],"Car":[],"Recipe":[],"Service":[],"SoftwareApplication":[],"WebPage":[]},"graphName":"BlogPosting","isEnabled":true},"graphs":[]},"schema_type":"default","schema_type_options":null,"pillar_content":false,"robots_default":true,"robots_noindex":false,"robots_noarchive":false,"robots_nosnippet":false,"robots_nofollow":false,"robots_noimageindex":false,"robots_noodp":false,"robots_notranslate":false,"robots_max_snippet":"-1","robots_max_videopreview":"-1","robots_max_imagepreview":"large","priority":null,"frequency":"default","local_seo":null,"breadcrumb_settings":null,"limit_modified_date":false,"ai":null,"created":"2024-12-25 17:59:08","updated":"2025-06-06 10:47:20","seo_analyzer_scan_date":null,"focus_keyword":null,"additional_keywords":null,"truseo_locale":null},"aioseo_breadcrumb":"<div class=\"aioseo-breadcrumbs\"><span class=\"aioseo-breadcrumb\">\n\t\t\t<a href=\"https:\/\/bolbec-running-club.org\" title=\"Domicile\">Domicile<\/a>\n\t\t<\/span><span class=\"aioseo-breadcrumb-separator\">&raquo;<\/span><span class=\"aioseo-breadcrumb\">\n\t\t\t<a href=\"https:\/\/bolbec-running-club.org\/?cat=1\" title=\"Article comp\u00e9tition\">Article comp\u00e9tition<\/a>\n\t\t<\/span><span class=\"aioseo-breadcrumb-separator\">&raquo;<\/span><span class=\"aioseo-breadcrumb\">\n\t\t\tLe BRC termine l\u2019ann\u00e9e sur une bonne note\n\t\t<\/span><\/div>","aioseo_breadcrumb_json":[{"label":"Domicile","link":"https:\/\/bolbec-running-club.org"},{"label":"Article comp\u00e9tition","link":"https:\/\/bolbec-running-club.org\/?cat=1"},{"label":"Le BRC termine l&rsquo;ann\u00e9e sur une bonne note","link":"https:\/\/bolbec-running-club.org\/?p=3678"}],"jetpack_featured_media_url":"https:\/\/bolbec-running-club.org\/wp-content\/uploads\/2024\/12\/Design-sans-titre-21.jpg","_links":{"self":[{"href":"https:\/\/bolbec-running-club.org\/index.php?rest_route=\/wp\/v2\/posts\/3678","targetHints":{"allow":["GET"]}}],"collection":[{"href":"https:\/\/bolbec-running-club.org\/index.php?rest_route=\/wp\/v2\/posts"}],"about":[{"href":"https:\/\/bolbec-running-club.org\/index.php?rest_route=\/wp\/v2\/types\/post"}],"author":[{"embeddable":true,"href":"https:\/\/bolbec-running-club.org\/index.php?rest_route=\/wp\/v2\/users\/1"}],"replies":[{"embeddable":true,"href":"https:\/\/bolbec-running-club.org\/index.php?rest_route=%2Fwp%2Fv2%2Fcomments&post=3678"}],"version-history":[{"count":1,"href":"https:\/\/bolbec-running-club.org\/index.php?rest_route=\/wp\/v2\/posts\/3678\/revisions"}],"predecessor-version":[{"id":3679,"href":"https:\/\/bolbec-running-club.org\/index.php?rest_route=\/wp\/v2\/posts\/3678\/revisions\/3679"}],"wp:featuredmedia":[{"embeddable":true,"href":"https:\/\/bolbec-running-club.org\/index.php?rest_route=\/wp\/v2\/media\/3681"}],"wp:attachment":[{"href":"https:\/\/bolbec-running-club.org\/index.php?rest_route=%2Fwp%2Fv2%2Fmedia&parent=3678"}],"wp:term":[{"taxonomy":"category","embeddable":true,"href":"https:\/\/bolbec-running-club.org\/index.php?rest_route=%2Fwp%2Fv2%2Fcategories&post=3678"},{"taxonomy":"post_tag","embeddable":true,"href":"https:\/\/bolbec-running-club.org\/index.php?rest_route=%2Fwp%2Fv2%2Ftags&post=3678"}],"curies":[{"name":"wp","href":"https:\/\/api.w.org\/{rel}","templated":true}]}}