{"id":279,"date":"2024-03-30T11:41:44","date_gmt":"2024-03-30T11:41:44","guid":{"rendered":"https:\/\/bolbec-running-club.org\/?p=279"},"modified":"2024-05-27T08:58:40","modified_gmt":"2024-05-27T08:58:40","slug":"reunion-publique-du-27-02-203","status":"publish","type":"post","link":"https:\/\/bolbec-running-club.org\/?p=279","title":{"rendered":"R\u00e9union publique du 27\/02\/2024"},"content":{"rendered":"<p>\u00c0 ce stade, rien n\u2019\u00e9tait encore officiel ! L\u2019association n\u2019\u00e9tait pas d\u00e9clar\u00e9e, le comit\u00e9 n\u2019\u00e9tait pas complet et les fonds manquaient. Toutefois, les id\u00e9es, elles, ne manquaient pas pour le pr\u00e9sident, Florian COURRA\u00cbY, et le co-pr\u00e9sident, Th\u00e9o GUEROULT, qui souhaitait lancer leur projet d\u00e8s la saison 2024.<\/p>\n<p>Un projet ambitieux que la presse locale n\u2019a pas h\u00e9siter \u00e0 r\u00e9v\u00e9ler au grand jour pour promouvoir le d\u00e9veloppement de la vie sportive au sein de la ville de Bolbec. Il n\u2019est plus possible de faire demi-tour, d\u00e9sormais, les d\u00e9s sont jet\u00e9s \u2026<\/p>\n<p>Ils savaient que ce ne seraient pas simples, mais la volont\u00e9 de partager leur passion du sport et de r\u00e9pandre la joie de vivre v\u00e9hicul\u00e9e au sein d\u2019un club qui leur ressemble, \u00e0 leur image, les pousse \u00e0 redoubler d\u2019efforts.<\/p>\n<p>Les choses se concr\u00e9tisent, enfin, \u00e0 l\u2019approche de la premi\u00e8re r\u00e9union publique, du 27 f\u00e9vrier dernier. Elle visait, avant tout, \u00e0 pr\u00e9senter le projet au plus grand nombre, tout en recueillant l\u2019avis de tous et en mesurant l\u2019enthousiasme des personnes int\u00e9ress\u00e9es \u00e0 l\u2019id\u00e9e d\u2019int\u00e9grer le club.<\/p>\n<p>\u00c9tonnamment, le bouche \u00e0 bouche a \u00e9t\u00e9 efficace puisque l\u2019\u00e9v\u00e8nement a r\u00e9uni une quinzaine de personnes impatientes de d\u00e9couvrir l\u2019association et de suivre l\u2019avanc\u00e9e du projet.<\/p>\n<p>Bien plus qu\u2019une simple formalit\u00e9, cette r\u00e9union a permis d\u2019\u00e9tablir les objectifs de la saison \u00e0 venir, de fixer le nom officiel du nouveau club et de se pencher sur la conception du maillot et du logo qu\u2019arboreront fi\u00e8rement les futurs licenci\u00e9s lors de rencontres sportives.<\/p>\n<p>\u00c0 l\u2019issue de cette r\u00e9union, de nouveaux membres ont, par la m\u00eame occasion, pris la d\u00e9cision d\u2019int\u00e9grer le comit\u00e9 directeur pour contribuer \u00e0 la cr\u00e9ation et au lancement du club, fraichement renomm\u00e9 Bolbec Running Club ou BRC pour les intimes !<\/p>\n<p>La suite au prochaine \u00e9pisode\u2026<\/p>\n<p>Sportivement,<\/p>\n<p>La voix du comit\u00e9 B.R.C<\/p>\n","protected":false},"excerpt":{"rendered":"<p>\u00c0 ce stade, rien n\u2019\u00e9tait encore officiel ! L\u2019association n\u2019\u00e9tait pas d\u00e9clar\u00e9e, le comit\u00e9 n\u2019\u00e9tait pas complet et les fonds manquaient. Toutefois, les id\u00e9es, elles, ne manquaient pas pour le pr\u00e9sident, Florian COURRA\u00cbY, et le co-pr\u00e9sident, Th\u00e9o GUEROULT, qui souhaitait lancer leur projet d\u00e8s la saison 2024. Un projet ambitieux que la presse locale n\u2019a [&hellip;]<\/p>\n","protected":false},"author":1,"featured_media":280,"comment_status":"open","ping_status":"open","sticky":false,"template":"","format":"standard","meta":{"_et_pb_use_builder":"","_et_pb_old_content":"","_et_gb_content_width":"","footnotes":"","jetpack_post_was_ever_published":false},"categories":[16],"tags":[],"class_list":["post-279","post","type-post","status-publish","format-standard","has-post-thumbnail","hentry","category-vie-du-club"],"aioseo_notices":[],"aioseo_head":"\n\t\t<!-- All in One SEO 5.0.1.1 - aioseo.com -->\n\t<meta name=\"description\" content=\"\u00c0 ce stade, rien n\u2019\u00e9tait encore officiel ! L\u2019association n\u2019\u00e9tait pas d\u00e9clar\u00e9e, le comit\u00e9 n\u2019\u00e9tait pas complet et les fonds manquaient. Toutefois, les id\u00e9es, elles, ne manquaient pas pour le pr\u00e9sident, Florian COURRA\u00cbY, et le co-pr\u00e9sident, Th\u00e9o GUEROULT, qui souhaitait lancer leur projet d\u00e8s la saison 2024. Un projet ambitieux que la presse locale n\u2019a\" \/>\n\t<meta name=\"robots\" content=\"max-image-preview:large\" \/>\n\t<meta name=\"author\" content=\"Florian\"\/>\n\t<link rel=\"canonical\" href=\"https:\/\/bolbec-running-club.org\/?p=279\" \/>\n\t<meta name=\"generator\" content=\"All in One SEO (AIOSEO) 5.0.1.1\" \/>\n\t\t<meta property=\"og:locale\" content=\"fr_FR\" \/>\n\t\t<meta property=\"og:site_name\" content=\"Bolbec-Running-Club - Club d&#039;athl\u00e9tisme\" \/>\n\t\t<meta property=\"og:type\" content=\"article\" \/>\n\t\t<meta property=\"og:title\" content=\"R\u00e9union publique du 27\/02\/2024 - Bolbec-Running-Club\" \/>\n\t\t<meta property=\"og:description\" content=\"\u00c0 ce stade, rien n\u2019\u00e9tait encore officiel ! L\u2019association n\u2019\u00e9tait pas d\u00e9clar\u00e9e, le comit\u00e9 n\u2019\u00e9tait pas complet et les fonds manquaient. Toutefois, les id\u00e9es, elles, ne manquaient pas pour le pr\u00e9sident, Florian COURRA\u00cbY, et le co-pr\u00e9sident, Th\u00e9o GUEROULT, qui souhaitait lancer leur projet d\u00e8s la saison 2024. Un projet ambitieux que la presse locale n\u2019a\" \/>\n\t\t<meta property=\"og:url\" content=\"https:\/\/bolbec-running-club.org\/?p=279\" \/>\n\t\t<meta property=\"article:published_time\" content=\"2024-03-30T11:41:44+00:00\" \/>\n\t\t<meta property=\"article:modified_time\" content=\"2024-05-27T08:58:40+00:00\" \/>\n\t\t<meta name=\"twitter:card\" content=\"summary_large_image\" \/>\n\t\t<meta name=\"twitter:title\" content=\"R\u00e9union publique du 27\/02\/2024 - Bolbec-Running-Club\" \/>\n\t\t<meta name=\"twitter:description\" content=\"\u00c0 ce stade, rien n\u2019\u00e9tait encore officiel ! L\u2019association n\u2019\u00e9tait pas d\u00e9clar\u00e9e, le comit\u00e9 n\u2019\u00e9tait pas complet et les fonds manquaient. Toutefois, les id\u00e9es, elles, ne manquaient pas pour le pr\u00e9sident, Florian COURRA\u00cbY, et le co-pr\u00e9sident, Th\u00e9o GUEROULT, qui souhaitait lancer leur projet d\u00e8s la saison 2024. Un projet ambitieux que la presse locale n\u2019a\" \/>\n\t\t<script type=\"application\/ld+json\" class=\"aioseo-schema\">\n\t\t\t{\"@context\":\"https:\\\/\\\/schema.org\",\"@graph\":[{\"@type\":\"BlogPosting\",\"@id\":\"https:\\\/\\\/bolbec-running-club.org\\\/?p=279#blogposting\",\"name\":\"R\\u00e9union publique du 27\\\/02\\\/2024 - Bolbec-Running-Club\",\"headline\":\"R\\u00e9union publique du 27\\\/02\\\/2024\",\"author\":{\"@id\":\"https:\\\/\\\/bolbec-running-club.org\\\/?author=1#author\"},\"publisher\":{\"@id\":\"https:\\\/\\\/bolbec-running-club.org\\\/#organization\"},\"image\":{\"@type\":\"ImageObject\",\"url\":\"https:\\\/\\\/bolbec-running-club.org\\\/wp-content\\\/uploads\\\/2024\\\/03\\\/IMG_3112-scaled.jpg\",\"width\":2560,\"height\":1920},\"datePublished\":\"2024-03-30T11:41:44+00:00\",\"dateModified\":\"2024-05-27T08:58:40+00:00\",\"inLanguage\":\"fr-FR\",\"mainEntityOfPage\":{\"@id\":\"https:\\\/\\\/bolbec-running-club.org\\\/?p=279#webpage\"},\"isPartOf\":{\"@id\":\"https:\\\/\\\/bolbec-running-club.org\\\/?p=279#webpage\"},\"articleSection\":\"Vie du club\"},{\"@type\":\"BreadcrumbList\",\"@id\":\"https:\\\/\\\/bolbec-running-club.org\\\/?p=279#breadcrumblist\",\"itemListElement\":[{\"@type\":\"ListItem\",\"@id\":\"https:\\\/\\\/bolbec-running-club.org#listItem\",\"position\":1,\"name\":\"Domicile\",\"item\":\"https:\\\/\\\/bolbec-running-club.org\",\"nextItem\":{\"@type\":\"ListItem\",\"@id\":\"https:\\\/\\\/bolbec-running-club.org\\\/?cat=16#listItem\",\"name\":\"Vie du club\"}},{\"@type\":\"ListItem\",\"@id\":\"https:\\\/\\\/bolbec-running-club.org\\\/?cat=16#listItem\",\"position\":2,\"name\":\"Vie du club\",\"item\":\"https:\\\/\\\/bolbec-running-club.org\\\/?cat=16\",\"nextItem\":{\"@type\":\"ListItem\",\"@id\":\"https:\\\/\\\/bolbec-running-club.org\\\/?p=279#listItem\",\"name\":\"R\\u00e9union publique du 27\\\/02\\\/2024\"},\"previousItem\":{\"@type\":\"ListItem\",\"@id\":\"https:\\\/\\\/bolbec-running-club.org#listItem\",\"name\":\"Domicile\"}},{\"@type\":\"ListItem\",\"@id\":\"https:\\\/\\\/bolbec-running-club.org\\\/?p=279#listItem\",\"position\":3,\"name\":\"R\\u00e9union publique du 27\\\/02\\\/2024\",\"previousItem\":{\"@type\":\"ListItem\",\"@id\":\"https:\\\/\\\/bolbec-running-club.org\\\/?cat=16#listItem\",\"name\":\"Vie du club\"}}]},{\"@type\":\"Organization\",\"@id\":\"https:\\\/\\\/bolbec-running-club.org\\\/#organization\",\"name\":\"Bolbec-Running-Club\",\"description\":\"Club d'athl\\u00e9tisme\",\"url\":\"https:\\\/\\\/bolbec-running-club.org\\\/\",\"telephone\":\"+33629787023\",\"logo\":{\"@type\":\"ImageObject\",\"url\":\"https:\\\/\\\/bolbec-running-club.org\\\/wp-content\\\/uploads\\\/2024\\\/03\\\/cropped-1-1-1.jpg\",\"@id\":\"https:\\\/\\\/bolbec-running-club.org\\\/?p=279\\\/#organizationLogo\",\"width\":2000,\"height\":2000},\"image\":{\"@id\":\"https:\\\/\\\/bolbec-running-club.org\\\/?p=279\\\/#organizationLogo\"}},{\"@type\":\"Person\",\"@id\":\"https:\\\/\\\/bolbec-running-club.org\\\/?author=1#author\",\"url\":\"https:\\\/\\\/bolbec-running-club.org\\\/?author=1\",\"name\":\"Florian\"},{\"@type\":\"WebPage\",\"@id\":\"https:\\\/\\\/bolbec-running-club.org\\\/?p=279#webpage\",\"url\":\"https:\\\/\\\/bolbec-running-club.org\\\/?p=279\",\"name\":\"R\\u00e9union publique du 27\\\/02\\\/2024 - Bolbec-Running-Club\",\"description\":\"\\u00c0 ce stade, rien n\\u2019\\u00e9tait encore officiel ! L\\u2019association n\\u2019\\u00e9tait pas d\\u00e9clar\\u00e9e, le comit\\u00e9 n\\u2019\\u00e9tait pas complet et les fonds manquaient. Toutefois, les id\\u00e9es, elles, ne manquaient pas pour le pr\\u00e9sident, Florian COURRA\\u00cbY, et le co-pr\\u00e9sident, Th\\u00e9o GUEROULT, qui souhaitait lancer leur projet d\\u00e8s la saison 2024. Un projet ambitieux que la presse locale n\\u2019a\",\"inLanguage\":\"fr-FR\",\"isPartOf\":{\"@id\":\"https:\\\/\\\/bolbec-running-club.org\\\/#website\"},\"breadcrumb\":{\"@id\":\"https:\\\/\\\/bolbec-running-club.org\\\/?p=279#breadcrumblist\"},\"author\":{\"@id\":\"https:\\\/\\\/bolbec-running-club.org\\\/?author=1#author\"},\"creator\":{\"@id\":\"https:\\\/\\\/bolbec-running-club.org\\\/?author=1#author\"},\"image\":{\"@type\":\"ImageObject\",\"url\":\"https:\\\/\\\/bolbec-running-club.org\\\/wp-content\\\/uploads\\\/2024\\\/03\\\/IMG_3112-scaled.jpg\",\"@id\":\"https:\\\/\\\/bolbec-running-club.org\\\/?p=279\\\/#mainImage\",\"width\":2560,\"height\":1920},\"primaryImageOfPage\":{\"@id\":\"https:\\\/\\\/bolbec-running-club.org\\\/?p=279#mainImage\"},\"datePublished\":\"2024-03-30T11:41:44+00:00\",\"dateModified\":\"2024-05-27T08:58:40+00:00\"},{\"@type\":\"WebSite\",\"@id\":\"https:\\\/\\\/bolbec-running-club.org\\\/#website\",\"url\":\"https:\\\/\\\/bolbec-running-club.org\\\/\",\"name\":\"Bolbec-Running-Club\",\"description\":\"Club d'athl\\u00e9tisme\",\"inLanguage\":\"fr-FR\",\"publisher\":{\"@id\":\"https:\\\/\\\/bolbec-running-club.org\\\/#organization\"}}]}\n\t\t<\/script>\n\t\t<!-- All in One SEO -->\n\n","aioseo_head_json":{"title":"R\u00e9union publique du 27\/02\/2024 - Bolbec-Running-Club","description":"\u00c0 ce stade, rien n\u2019\u00e9tait encore officiel ! L\u2019association n\u2019\u00e9tait pas d\u00e9clar\u00e9e, le comit\u00e9 n\u2019\u00e9tait pas complet et les fonds manquaient. Toutefois, les id\u00e9es, elles, ne manquaient pas pour le pr\u00e9sident, Florian COURRA\u00cbY, et le co-pr\u00e9sident, Th\u00e9o GUEROULT, qui souhaitait lancer leur projet d\u00e8s la saison 2024. Un projet ambitieux que la presse locale n\u2019a","canonical_url":"https:\/\/bolbec-running-club.org\/?p=279","robots":"max-image-preview:large","keywords":"","webmasterTools":{"miscellaneous":""},"schema":{"@context":"https:\/\/schema.org","@graph":[{"@type":"BlogPosting","@id":"https:\/\/bolbec-running-club.org\/?p=279#blogposting","name":"R\u00e9union publique du 27\/02\/2024 - Bolbec-Running-Club","headline":"R\u00e9union publique du 27\/02\/2024","author":{"@id":"https:\/\/bolbec-running-club.org\/?author=1#author"},"publisher":{"@id":"https:\/\/bolbec-running-club.org\/#organization"},"image":{"@type":"ImageObject","url":"https:\/\/bolbec-running-club.org\/wp-content\/uploads\/2024\/03\/IMG_3112-scaled.jpg","width":2560,"height":1920},"datePublished":"2024-03-30T11:41:44+00:00","dateModified":"2024-05-27T08:58:40+00:00","inLanguage":"fr-FR","mainEntityOfPage":{"@id":"https:\/\/bolbec-running-club.org\/?p=279#webpage"},"isPartOf":{"@id":"https:\/\/bolbec-running-club.org\/?p=279#webpage"},"articleSection":"Vie du club"},{"@type":"BreadcrumbList","@id":"https:\/\/bolbec-running-club.org\/?p=279#breadcrumblist","itemListElement":[{"@type":"ListItem","@id":"https:\/\/bolbec-running-club.org#listItem","position":1,"name":"Domicile","item":"https:\/\/bolbec-running-club.org","nextItem":{"@type":"ListItem","@id":"https:\/\/bolbec-running-club.org\/?cat=16#listItem","name":"Vie du club"}},{"@type":"ListItem","@id":"https:\/\/bolbec-running-club.org\/?cat=16#listItem","position":2,"name":"Vie du club","item":"https:\/\/bolbec-running-club.org\/?cat=16","nextItem":{"@type":"ListItem","@id":"https:\/\/bolbec-running-club.org\/?p=279#listItem","name":"R\u00e9union publique du 27\/02\/2024"},"previousItem":{"@type":"ListItem","@id":"https:\/\/bolbec-running-club.org#listItem","name":"Domicile"}},{"@type":"ListItem","@id":"https:\/\/bolbec-running-club.org\/?p=279#listItem","position":3,"name":"R\u00e9union publique du 27\/02\/2024","previousItem":{"@type":"ListItem","@id":"https:\/\/bolbec-running-club.org\/?cat=16#listItem","name":"Vie du club"}}]},{"@type":"Organization","@id":"https:\/\/bolbec-running-club.org\/#organization","name":"Bolbec-Running-Club","description":"Club d'athl\u00e9tisme","url":"https:\/\/bolbec-running-club.org\/","telephone":"+33629787023","logo":{"@type":"ImageObject","url":"https:\/\/bolbec-running-club.org\/wp-content\/uploads\/2024\/03\/cropped-1-1-1.jpg","@id":"https:\/\/bolbec-running-club.org\/?p=279\/#organizationLogo","width":2000,"height":2000},"image":{"@id":"https:\/\/bolbec-running-club.org\/?p=279\/#organizationLogo"}},{"@type":"Person","@id":"https:\/\/bolbec-running-club.org\/?author=1#author","url":"https:\/\/bolbec-running-club.org\/?author=1","name":"Florian"},{"@type":"WebPage","@id":"https:\/\/bolbec-running-club.org\/?p=279#webpage","url":"https:\/\/bolbec-running-club.org\/?p=279","name":"R\u00e9union publique du 27\/02\/2024 - Bolbec-Running-Club","description":"\u00c0 ce stade, rien n\u2019\u00e9tait encore officiel ! L\u2019association n\u2019\u00e9tait pas d\u00e9clar\u00e9e, le comit\u00e9 n\u2019\u00e9tait pas complet et les fonds manquaient. Toutefois, les id\u00e9es, elles, ne manquaient pas pour le pr\u00e9sident, Florian COURRA\u00cbY, et le co-pr\u00e9sident, Th\u00e9o GUEROULT, qui souhaitait lancer leur projet d\u00e8s la saison 2024. Un projet ambitieux que la presse locale n\u2019a","inLanguage":"fr-FR","isPartOf":{"@id":"https:\/\/bolbec-running-club.org\/#website"},"breadcrumb":{"@id":"https:\/\/bolbec-running-club.org\/?p=279#breadcrumblist"},"author":{"@id":"https:\/\/bolbec-running-club.org\/?author=1#author"},"creator":{"@id":"https:\/\/bolbec-running-club.org\/?author=1#author"},"image":{"@type":"ImageObject","url":"https:\/\/bolbec-running-club.org\/wp-content\/uploads\/2024\/03\/IMG_3112-scaled.jpg","@id":"https:\/\/bolbec-running-club.org\/?p=279\/#mainImage","width":2560,"height":1920},"primaryImageOfPage":{"@id":"https:\/\/bolbec-running-club.org\/?p=279#mainImage"},"datePublished":"2024-03-30T11:41:44+00:00","dateModified":"2024-05-27T08:58:40+00:00"},{"@type":"WebSite","@id":"https:\/\/bolbec-running-club.org\/#website","url":"https:\/\/bolbec-running-club.org\/","name":"Bolbec-Running-Club","description":"Club d'athl\u00e9tisme","inLanguage":"fr-FR","publisher":{"@id":"https:\/\/bolbec-running-club.org\/#organization"}}]},"og:locale":"fr_FR","og:site_name":"Bolbec-Running-Club - Club d'athl\u00e9tisme","og:type":"article","og:title":"R\u00e9union publique du 27\/02\/2024 - Bolbec-Running-Club","og:description":"\u00c0 ce stade, rien n\u2019\u00e9tait encore officiel ! L\u2019association n\u2019\u00e9tait pas d\u00e9clar\u00e9e, le comit\u00e9 n\u2019\u00e9tait pas complet et les fonds manquaient. Toutefois, les id\u00e9es, elles, ne manquaient pas pour le pr\u00e9sident, Florian COURRA\u00cbY, et le co-pr\u00e9sident, Th\u00e9o GUEROULT, qui souhaitait lancer leur projet d\u00e8s la saison 2024. Un projet ambitieux que la presse locale n\u2019a","og:url":"https:\/\/bolbec-running-club.org\/?p=279","article:published_time":"2024-03-30T11:41:44+00:00","article:modified_time":"2024-05-27T08:58:40+00:00","twitter:card":"summary_large_image","twitter:title":"R\u00e9union publique du 27\/02\/2024 - Bolbec-Running-Club","twitter:description":"\u00c0 ce stade, rien n\u2019\u00e9tait encore officiel ! L\u2019association n\u2019\u00e9tait pas d\u00e9clar\u00e9e, le comit\u00e9 n\u2019\u00e9tait pas complet et les fonds manquaient. Toutefois, les id\u00e9es, elles, ne manquaient pas pour le pr\u00e9sident, Florian COURRA\u00cbY, et le co-pr\u00e9sident, Th\u00e9o GUEROULT, qui souhaitait lancer leur projet d\u00e8s la saison 2024. Un projet ambitieux que la presse locale n\u2019a"},"aioseo_meta_data":{"post_id":"279","title":null,"description":null,"keywords":null,"keyphrases":{"focus":{"keyphrase":"","score":0,"analysis":{"keyphraseInTitle":{"score":0,"maxScore":9,"error":1}}},"additional":[]},"primary_term":null,"canonical_url":null,"og_title":null,"og_description":null,"og_object_type":"default","og_image_type":"default","og_image_url":null,"og_image_width":null,"og_image_height":null,"og_image_custom_url":null,"og_image_custom_fields":null,"og_video":"","og_custom_url":null,"og_article_section":null,"og_article_tags":null,"twitter_use_og":false,"twitter_card":"default","twitter_image_type":"default","twitter_image_url":null,"twitter_image_custom_url":null,"twitter_image_custom_fields":null,"twitter_title":null,"twitter_description":null,"schema":{"blockGraphs":[],"customGraphs":[],"default":{"data":{"Article":[],"Course":[],"Dataset":[],"FAQPage":[],"Movie":[],"Person":[],"Product":[],"ProductReview":[],"Car":[],"Recipe":[],"Service":[],"SoftwareApplication":[],"WebPage":[]},"graphName":"BlogPosting","isEnabled":true},"graphs":[]},"schema_type":"default","schema_type_options":null,"pillar_content":false,"robots_default":true,"robots_noindex":false,"robots_noarchive":false,"robots_nosnippet":false,"robots_nofollow":false,"robots_noimageindex":false,"robots_noodp":false,"robots_notranslate":false,"robots_max_snippet":"-1","robots_max_videopreview":"-1","robots_max_imagepreview":"large","priority":null,"frequency":"default","local_seo":null,"breadcrumb_settings":null,"limit_modified_date":false,"ai":null,"created":"2024-04-22 19:19:18","updated":"2025-06-06 10:44:34","seo_analyzer_scan_date":null,"focus_keyword":null,"additional_keywords":null,"truseo_locale":null},"aioseo_breadcrumb":"<div class=\"aioseo-breadcrumbs\"><span class=\"aioseo-breadcrumb\">\n\t\t\t<a href=\"https:\/\/bolbec-running-club.org\" title=\"Domicile\">Domicile<\/a>\n\t\t<\/span><span class=\"aioseo-breadcrumb-separator\">&raquo;<\/span><span class=\"aioseo-breadcrumb\">\n\t\t\t<a href=\"https:\/\/bolbec-running-club.org\/?cat=16\" title=\"Vie du club\">Vie du club<\/a>\n\t\t<\/span><span class=\"aioseo-breadcrumb-separator\">&raquo;<\/span><span class=\"aioseo-breadcrumb\">\n\t\t\tR\u00e9union publique du 27\/02\/2024\n\t\t<\/span><\/div>","aioseo_breadcrumb_json":[{"label":"Domicile","link":"https:\/\/bolbec-running-club.org"},{"label":"Vie du club","link":"https:\/\/bolbec-running-club.org\/?cat=16"},{"label":"R\u00e9union publique du 27\/02\/2024","link":"https:\/\/bolbec-running-club.org\/?p=279"}],"jetpack_featured_media_url":"https:\/\/bolbec-running-club.org\/wp-content\/uploads\/2024\/03\/IMG_3112-scaled.jpg","_links":{"self":[{"href":"https:\/\/bolbec-running-club.org\/index.php?rest_route=\/wp\/v2\/posts\/279","targetHints":{"allow":["GET"]}}],"collection":[{"href":"https:\/\/bolbec-running-club.org\/index.php?rest_route=\/wp\/v2\/posts"}],"about":[{"href":"https:\/\/bolbec-running-club.org\/index.php?rest_route=\/wp\/v2\/types\/post"}],"author":[{"embeddable":true,"href":"https:\/\/bolbec-running-club.org\/index.php?rest_route=\/wp\/v2\/users\/1"}],"replies":[{"embeddable":true,"href":"https:\/\/bolbec-running-club.org\/index.php?rest_route=%2Fwp%2Fv2%2Fcomments&post=279"}],"version-history":[{"count":4,"href":"https:\/\/bolbec-running-club.org\/index.php?rest_route=\/wp\/v2\/posts\/279\/revisions"}],"predecessor-version":[{"id":840,"href":"https:\/\/bolbec-running-club.org\/index.php?rest_route=\/wp\/v2\/posts\/279\/revisions\/840"}],"wp:featuredmedia":[{"embeddable":true,"href":"https:\/\/bolbec-running-club.org\/index.php?rest_route=\/wp\/v2\/media\/280"}],"wp:attachment":[{"href":"https:\/\/bolbec-running-club.org\/index.php?rest_route=%2Fwp%2Fv2%2Fmedia&parent=279"}],"wp:term":[{"taxonomy":"category","embeddable":true,"href":"https:\/\/bolbec-running-club.org\/index.php?rest_route=%2Fwp%2Fv2%2Fcategories&post=279"},{"taxonomy":"post_tag","embeddable":true,"href":"https:\/\/bolbec-running-club.org\/index.php?rest_route=%2Fwp%2Fv2%2Ftags&post=279"}],"curies":[{"name":"wp","href":"https:\/\/api.w.org\/{rel}","templated":true}]}}