{"id":2717,"date":"2024-12-10T10:57:16","date_gmt":"2024-12-10T10:57:16","guid":{"rendered":"https:\/\/bolbec-running-club.org\/?p=2717"},"modified":"2024-12-10T11:27:21","modified_gmt":"2024-12-10T11:27:21","slug":"bravo-a-toute-la-team-brc-au-cross-devreux","status":"publish","type":"post","link":"https:\/\/bolbec-running-club.org\/?p=2717","title":{"rendered":"Bravo \u00e0 toute la team BRC au cross d\u2019\u00c9vreux !"},"content":{"rendered":"<p>Ce <strong>dimanche 8 d\u00e9cembre<\/strong>, malgr\u00e9 le froid et le vent, toute la team <strong>BRC<\/strong> \u00e9tait pr\u00e9sente au cross d\u2019\u00c9vreux, fi\u00e8rement repr\u00e9sent\u00e9e par nos athl\u00e8tes. Chacun a donn\u00e9 le meilleur de lui-m\u00eame, montrant courage et d\u00e9termination, m\u00eame dans des conditions difficiles.<\/p>\n<p>Chez les minimes, Johannes Pautet a fait une course remarquable. Parti prudemment, autour de la 20\u00e8me place, il a remont\u00e9 toute la course pour terminer 9\u00e8me. Une belle performance qui confirme sa progression constante. De son c\u00f4t\u00e9, Lisa Paris a pris un d\u00e9part rapide et a su g\u00e9rer un passage difficile \u00e0 mi-course pour finir 2\u00e8me, un r\u00e9sultat qui t\u00e9moigne de sa r\u00e9gularit\u00e9 aux entra\u00eenements et de son s\u00e9rieux dans la pr\u00e9paration.<\/p>\n<p>En junior, Matthys Sinaeve et Kylian Bullock ont montr\u00e9 de belles qualit\u00e9s. Matthys, encore inexp\u00e9riment\u00e9, a bien g\u00e9r\u00e9 sa course, apprenant et progressant \u00e0 chaque \u00e9tape. Kylian, quant \u00e0 lui, a pris un d\u00e9part tr\u00e8s rapide, la course a \u00e9t\u00e9 ensuite plus compliqu\u00e9e mais l&rsquo;exp\u00e9rience apprise servira pour la suite.<\/p>\n<p>Chez les cadets, Nathael Blondel a fait ses d\u00e9buts sur ce parcours, apprenant \u00e0 mieux g\u00e9rer son effort et \u00e0 tenir le rythme impos\u00e9, tandis que Tommy Versavel, avec son exp\u00e9rience et sa r\u00e9gularit\u00e9 aux entra\u00eenements, a montr\u00e9 un excellent niveau de performance. Apr\u00e8s un d\u00e9part tr\u00e8s rapide, il a lutt\u00e9 pour le podium tout au long de la course, mais un l\u00e9ger manque de fra\u00eecheur en fin de parcours l\u2019a contraint \u00e0 finir \u00e0 la 6\u00e8me place.<\/p>\n<p>Un grand bravo \u00e0 tous les athl\u00e8tes pour leur courage et leur performance. Vous avez fi\u00e8rement repr\u00e9sent\u00e9 le BRC et montrez une fois de plus que la passion et le travail paient. \u00c0 bient\u00f4t pour de nouveaux d\u00e9fis, avec une \u00e9quipe aussi motiv\u00e9e et d\u00e9termin\u00e9e !<\/p>\n","protected":false},"excerpt":{"rendered":"<p>Ce dimanche 8 d\u00e9cembre, malgr\u00e9 le froid et le vent, toute la team BRC \u00e9tait pr\u00e9sente au cross d\u2019\u00c9vreux, fi\u00e8rement repr\u00e9sent\u00e9e par nos athl\u00e8tes. Chacun a donn\u00e9 le meilleur de lui-m\u00eame, montrant courage et d\u00e9termination, m\u00eame dans des conditions difficiles. Chez les minimes, Johannes Pautet a fait une course remarquable. Parti prudemment, autour de la [&hellip;]<\/p>\n","protected":false},"author":1,"featured_media":2718,"comment_status":"open","ping_status":"open","sticky":false,"template":"","format":"standard","meta":{"_et_pb_use_builder":"","_et_pb_old_content":"","_et_gb_content_width":"","footnotes":"","jetpack_post_was_ever_published":false},"categories":[1],"tags":[],"class_list":["post-2717","post","type-post","status-publish","format-standard","has-post-thumbnail","hentry","category-article-competition"],"aioseo_notices":[],"aioseo_head":"\n\t\t<!-- All in One SEO 5.0.1.1 - aioseo.com -->\n\t<meta name=\"description\" content=\"Ce dimanche 8 d\u00e9cembre, malgr\u00e9 le froid et le vent, toute la team BRC \u00e9tait pr\u00e9sente au cross d\u2019\u00c9vreux, fi\u00e8rement repr\u00e9sent\u00e9e par nos athl\u00e8tes. Chacun a donn\u00e9 le meilleur de lui-m\u00eame, montrant courage et d\u00e9termination, m\u00eame dans des conditions difficiles. Chez les minimes, Johannes Pautet a fait une course remarquable. Parti prudemment, autour de la\" \/>\n\t<meta name=\"robots\" content=\"max-image-preview:large\" \/>\n\t<meta name=\"author\" content=\"Florian\"\/>\n\t<link rel=\"canonical\" href=\"https:\/\/bolbec-running-club.org\/?p=2717\" \/>\n\t<meta name=\"generator\" content=\"All in One SEO (AIOSEO) 5.0.1.1\" \/>\n\t\t<meta property=\"og:locale\" content=\"fr_FR\" \/>\n\t\t<meta property=\"og:site_name\" content=\"Bolbec-Running-Club - Club d&#039;athl\u00e9tisme\" \/>\n\t\t<meta property=\"og:type\" content=\"article\" \/>\n\t\t<meta property=\"og:title\" content=\"Bravo \u00e0 toute la team BRC au cross d\u2019\u00c9vreux ! - Bolbec-Running-Club\" \/>\n\t\t<meta property=\"og:description\" content=\"Ce dimanche 8 d\u00e9cembre, malgr\u00e9 le froid et le vent, toute la team BRC \u00e9tait pr\u00e9sente au cross d\u2019\u00c9vreux, fi\u00e8rement repr\u00e9sent\u00e9e par nos athl\u00e8tes. Chacun a donn\u00e9 le meilleur de lui-m\u00eame, montrant courage et d\u00e9termination, m\u00eame dans des conditions difficiles. Chez les minimes, Johannes Pautet a fait une course remarquable. Parti prudemment, autour de la\" \/>\n\t\t<meta property=\"og:url\" content=\"https:\/\/bolbec-running-club.org\/?p=2717\" \/>\n\t\t<meta property=\"og:image\" content=\"https:\/\/bolbec-running-club.org\/wp-content\/uploads\/2024\/12\/IMG_8423-scaled.jpeg\" \/>\n\t\t<meta property=\"og:image:secure_url\" content=\"https:\/\/bolbec-running-club.org\/wp-content\/uploads\/2024\/12\/IMG_8423-scaled.jpeg\" \/>\n\t\t<meta property=\"og:image:width\" content=\"1920\" \/>\n\t\t<meta property=\"og:image:height\" content=\"2560\" \/>\n\t\t<meta property=\"article:published_time\" content=\"2024-12-10T10:57:16+00:00\" \/>\n\t\t<meta property=\"article:modified_time\" content=\"2024-12-10T11:27:21+00:00\" \/>\n\t\t<meta name=\"twitter:card\" content=\"summary_large_image\" \/>\n\t\t<meta name=\"twitter:title\" content=\"Bravo \u00e0 toute la team BRC au cross d\u2019\u00c9vreux ! - Bolbec-Running-Club\" \/>\n\t\t<meta name=\"twitter:description\" content=\"Ce dimanche 8 d\u00e9cembre, malgr\u00e9 le froid et le vent, toute la team BRC \u00e9tait pr\u00e9sente au cross d\u2019\u00c9vreux, fi\u00e8rement repr\u00e9sent\u00e9e par nos athl\u00e8tes. Chacun a donn\u00e9 le meilleur de lui-m\u00eame, montrant courage et d\u00e9termination, m\u00eame dans des conditions difficiles. Chez les minimes, Johannes Pautet a fait une course remarquable. Parti prudemment, autour de la\" \/>\n\t\t<meta name=\"twitter:image\" content=\"https:\/\/bolbec-running-club.org\/wp-content\/uploads\/2024\/12\/IMG_8423-scaled.jpeg\" \/>\n\t\t<script type=\"application\/ld+json\" class=\"aioseo-schema\">\n\t\t\t{\"@context\":\"https:\\\/\\\/schema.org\",\"@graph\":[{\"@type\":\"BlogPosting\",\"@id\":\"https:\\\/\\\/bolbec-running-club.org\\\/?p=2717#blogposting\",\"name\":\"Bravo \\u00e0 toute la team BRC au cross d\\u2019\\u00c9vreux ! - Bolbec-Running-Club\",\"headline\":\"Bravo \\u00e0 toute la team BRC au cross d\\u2019\\u00c9vreux !\",\"author\":{\"@id\":\"https:\\\/\\\/bolbec-running-club.org\\\/?author=1#author\"},\"publisher\":{\"@id\":\"https:\\\/\\\/bolbec-running-club.org\\\/#organization\"},\"image\":{\"@type\":\"ImageObject\",\"url\":\"https:\\\/\\\/bolbec-running-club.org\\\/wp-content\\\/uploads\\\/2024\\\/12\\\/IMG_8423-scaled.jpeg\",\"width\":1920,\"height\":2560},\"datePublished\":\"2024-12-10T10:57:16+00:00\",\"dateModified\":\"2024-12-10T11:27:21+00:00\",\"inLanguage\":\"fr-FR\",\"commentCount\":3,\"mainEntityOfPage\":{\"@id\":\"https:\\\/\\\/bolbec-running-club.org\\\/?p=2717#webpage\"},\"isPartOf\":{\"@id\":\"https:\\\/\\\/bolbec-running-club.org\\\/?p=2717#webpage\"},\"articleSection\":\"Article comp\\u00e9tition\"},{\"@type\":\"BreadcrumbList\",\"@id\":\"https:\\\/\\\/bolbec-running-club.org\\\/?p=2717#breadcrumblist\",\"itemListElement\":[{\"@type\":\"ListItem\",\"@id\":\"https:\\\/\\\/bolbec-running-club.org#listItem\",\"position\":1,\"name\":\"Domicile\",\"item\":\"https:\\\/\\\/bolbec-running-club.org\",\"nextItem\":{\"@type\":\"ListItem\",\"@id\":\"https:\\\/\\\/bolbec-running-club.org\\\/?cat=1#listItem\",\"name\":\"Article comp\\u00e9tition\"}},{\"@type\":\"ListItem\",\"@id\":\"https:\\\/\\\/bolbec-running-club.org\\\/?cat=1#listItem\",\"position\":2,\"name\":\"Article comp\\u00e9tition\",\"item\":\"https:\\\/\\\/bolbec-running-club.org\\\/?cat=1\",\"nextItem\":{\"@type\":\"ListItem\",\"@id\":\"https:\\\/\\\/bolbec-running-club.org\\\/?p=2717#listItem\",\"name\":\"Bravo \\u00e0 toute la team BRC au cross d\\u2019\\u00c9vreux !\"},\"previousItem\":{\"@type\":\"ListItem\",\"@id\":\"https:\\\/\\\/bolbec-running-club.org#listItem\",\"name\":\"Domicile\"}},{\"@type\":\"ListItem\",\"@id\":\"https:\\\/\\\/bolbec-running-club.org\\\/?p=2717#listItem\",\"position\":3,\"name\":\"Bravo \\u00e0 toute la team BRC au cross d\\u2019\\u00c9vreux !\",\"previousItem\":{\"@type\":\"ListItem\",\"@id\":\"https:\\\/\\\/bolbec-running-club.org\\\/?cat=1#listItem\",\"name\":\"Article comp\\u00e9tition\"}}]},{\"@type\":\"Organization\",\"@id\":\"https:\\\/\\\/bolbec-running-club.org\\\/#organization\",\"name\":\"Bolbec-Running-Club\",\"description\":\"Club d'athl\\u00e9tisme\",\"url\":\"https:\\\/\\\/bolbec-running-club.org\\\/\",\"telephone\":\"+33629787023\",\"logo\":{\"@type\":\"ImageObject\",\"url\":\"https:\\\/\\\/bolbec-running-club.org\\\/wp-content\\\/uploads\\\/2024\\\/03\\\/cropped-1-1-1.jpg\",\"@id\":\"https:\\\/\\\/bolbec-running-club.org\\\/?p=2717\\\/#organizationLogo\",\"width\":2000,\"height\":2000},\"image\":{\"@id\":\"https:\\\/\\\/bolbec-running-club.org\\\/?p=2717\\\/#organizationLogo\"}},{\"@type\":\"Person\",\"@id\":\"https:\\\/\\\/bolbec-running-club.org\\\/?author=1#author\",\"url\":\"https:\\\/\\\/bolbec-running-club.org\\\/?author=1\",\"name\":\"Florian\"},{\"@type\":\"WebPage\",\"@id\":\"https:\\\/\\\/bolbec-running-club.org\\\/?p=2717#webpage\",\"url\":\"https:\\\/\\\/bolbec-running-club.org\\\/?p=2717\",\"name\":\"Bravo \\u00e0 toute la team BRC au cross d\\u2019\\u00c9vreux ! - Bolbec-Running-Club\",\"description\":\"Ce dimanche 8 d\\u00e9cembre, malgr\\u00e9 le froid et le vent, toute la team BRC \\u00e9tait pr\\u00e9sente au cross d\\u2019\\u00c9vreux, fi\\u00e8rement repr\\u00e9sent\\u00e9e par nos athl\\u00e8tes. Chacun a donn\\u00e9 le meilleur de lui-m\\u00eame, montrant courage et d\\u00e9termination, m\\u00eame dans des conditions difficiles. Chez les minimes, Johannes Pautet a fait une course remarquable. Parti prudemment, autour de la\",\"inLanguage\":\"fr-FR\",\"isPartOf\":{\"@id\":\"https:\\\/\\\/bolbec-running-club.org\\\/#website\"},\"breadcrumb\":{\"@id\":\"https:\\\/\\\/bolbec-running-club.org\\\/?p=2717#breadcrumblist\"},\"author\":{\"@id\":\"https:\\\/\\\/bolbec-running-club.org\\\/?author=1#author\"},\"creator\":{\"@id\":\"https:\\\/\\\/bolbec-running-club.org\\\/?author=1#author\"},\"image\":{\"@type\":\"ImageObject\",\"url\":\"https:\\\/\\\/bolbec-running-club.org\\\/wp-content\\\/uploads\\\/2024\\\/12\\\/IMG_8423-scaled.jpeg\",\"@id\":\"https:\\\/\\\/bolbec-running-club.org\\\/?p=2717\\\/#mainImage\",\"width\":1920,\"height\":2560},\"primaryImageOfPage\":{\"@id\":\"https:\\\/\\\/bolbec-running-club.org\\\/?p=2717#mainImage\"},\"datePublished\":\"2024-12-10T10:57:16+00:00\",\"dateModified\":\"2024-12-10T11:27:21+00:00\"},{\"@type\":\"WebSite\",\"@id\":\"https:\\\/\\\/bolbec-running-club.org\\\/#website\",\"url\":\"https:\\\/\\\/bolbec-running-club.org\\\/\",\"name\":\"Bolbec-Running-Club\",\"description\":\"Club d'athl\\u00e9tisme\",\"inLanguage\":\"fr-FR\",\"publisher\":{\"@id\":\"https:\\\/\\\/bolbec-running-club.org\\\/#organization\"}}]}\n\t\t<\/script>\n\t\t<!-- All in One SEO -->\n\n","aioseo_head_json":{"title":"Bravo \u00e0 toute la team BRC au cross d\u2019\u00c9vreux ! - Bolbec-Running-Club","description":"Ce dimanche 8 d\u00e9cembre, malgr\u00e9 le froid et le vent, toute la team BRC \u00e9tait pr\u00e9sente au cross d\u2019\u00c9vreux, fi\u00e8rement repr\u00e9sent\u00e9e par nos athl\u00e8tes. Chacun a donn\u00e9 le meilleur de lui-m\u00eame, montrant courage et d\u00e9termination, m\u00eame dans des conditions difficiles. Chez les minimes, Johannes Pautet a fait une course remarquable. Parti prudemment, autour de la","canonical_url":"https:\/\/bolbec-running-club.org\/?p=2717","robots":"max-image-preview:large","keywords":"","webmasterTools":{"miscellaneous":""},"schema":{"@context":"https:\/\/schema.org","@graph":[{"@type":"BlogPosting","@id":"https:\/\/bolbec-running-club.org\/?p=2717#blogposting","name":"Bravo \u00e0 toute la team BRC au cross d\u2019\u00c9vreux ! - Bolbec-Running-Club","headline":"Bravo \u00e0 toute la team BRC au cross d\u2019\u00c9vreux !","author":{"@id":"https:\/\/bolbec-running-club.org\/?author=1#author"},"publisher":{"@id":"https:\/\/bolbec-running-club.org\/#organization"},"image":{"@type":"ImageObject","url":"https:\/\/bolbec-running-club.org\/wp-content\/uploads\/2024\/12\/IMG_8423-scaled.jpeg","width":1920,"height":2560},"datePublished":"2024-12-10T10:57:16+00:00","dateModified":"2024-12-10T11:27:21+00:00","inLanguage":"fr-FR","commentCount":3,"mainEntityOfPage":{"@id":"https:\/\/bolbec-running-club.org\/?p=2717#webpage"},"isPartOf":{"@id":"https:\/\/bolbec-running-club.org\/?p=2717#webpage"},"articleSection":"Article comp\u00e9tition"},{"@type":"BreadcrumbList","@id":"https:\/\/bolbec-running-club.org\/?p=2717#breadcrumblist","itemListElement":[{"@type":"ListItem","@id":"https:\/\/bolbec-running-club.org#listItem","position":1,"name":"Domicile","item":"https:\/\/bolbec-running-club.org","nextItem":{"@type":"ListItem","@id":"https:\/\/bolbec-running-club.org\/?cat=1#listItem","name":"Article comp\u00e9tition"}},{"@type":"ListItem","@id":"https:\/\/bolbec-running-club.org\/?cat=1#listItem","position":2,"name":"Article comp\u00e9tition","item":"https:\/\/bolbec-running-club.org\/?cat=1","nextItem":{"@type":"ListItem","@id":"https:\/\/bolbec-running-club.org\/?p=2717#listItem","name":"Bravo \u00e0 toute la team BRC au cross d\u2019\u00c9vreux !"},"previousItem":{"@type":"ListItem","@id":"https:\/\/bolbec-running-club.org#listItem","name":"Domicile"}},{"@type":"ListItem","@id":"https:\/\/bolbec-running-club.org\/?p=2717#listItem","position":3,"name":"Bravo \u00e0 toute la team BRC au cross d\u2019\u00c9vreux !","previousItem":{"@type":"ListItem","@id":"https:\/\/bolbec-running-club.org\/?cat=1#listItem","name":"Article comp\u00e9tition"}}]},{"@type":"Organization","@id":"https:\/\/bolbec-running-club.org\/#organization","name":"Bolbec-Running-Club","description":"Club d'athl\u00e9tisme","url":"https:\/\/bolbec-running-club.org\/","telephone":"+33629787023","logo":{"@type":"ImageObject","url":"https:\/\/bolbec-running-club.org\/wp-content\/uploads\/2024\/03\/cropped-1-1-1.jpg","@id":"https:\/\/bolbec-running-club.org\/?p=2717\/#organizationLogo","width":2000,"height":2000},"image":{"@id":"https:\/\/bolbec-running-club.org\/?p=2717\/#organizationLogo"}},{"@type":"Person","@id":"https:\/\/bolbec-running-club.org\/?author=1#author","url":"https:\/\/bolbec-running-club.org\/?author=1","name":"Florian"},{"@type":"WebPage","@id":"https:\/\/bolbec-running-club.org\/?p=2717#webpage","url":"https:\/\/bolbec-running-club.org\/?p=2717","name":"Bravo \u00e0 toute la team BRC au cross d\u2019\u00c9vreux ! - Bolbec-Running-Club","description":"Ce dimanche 8 d\u00e9cembre, malgr\u00e9 le froid et le vent, toute la team BRC \u00e9tait pr\u00e9sente au cross d\u2019\u00c9vreux, fi\u00e8rement repr\u00e9sent\u00e9e par nos athl\u00e8tes. Chacun a donn\u00e9 le meilleur de lui-m\u00eame, montrant courage et d\u00e9termination, m\u00eame dans des conditions difficiles. Chez les minimes, Johannes Pautet a fait une course remarquable. Parti prudemment, autour de la","inLanguage":"fr-FR","isPartOf":{"@id":"https:\/\/bolbec-running-club.org\/#website"},"breadcrumb":{"@id":"https:\/\/bolbec-running-club.org\/?p=2717#breadcrumblist"},"author":{"@id":"https:\/\/bolbec-running-club.org\/?author=1#author"},"creator":{"@id":"https:\/\/bolbec-running-club.org\/?author=1#author"},"image":{"@type":"ImageObject","url":"https:\/\/bolbec-running-club.org\/wp-content\/uploads\/2024\/12\/IMG_8423-scaled.jpeg","@id":"https:\/\/bolbec-running-club.org\/?p=2717\/#mainImage","width":1920,"height":2560},"primaryImageOfPage":{"@id":"https:\/\/bolbec-running-club.org\/?p=2717#mainImage"},"datePublished":"2024-12-10T10:57:16+00:00","dateModified":"2024-12-10T11:27:21+00:00"},{"@type":"WebSite","@id":"https:\/\/bolbec-running-club.org\/#website","url":"https:\/\/bolbec-running-club.org\/","name":"Bolbec-Running-Club","description":"Club d'athl\u00e9tisme","inLanguage":"fr-FR","publisher":{"@id":"https:\/\/bolbec-running-club.org\/#organization"}}]},"og:locale":"fr_FR","og:site_name":"Bolbec-Running-Club - Club d'athl\u00e9tisme","og:type":"article","og:title":"Bravo \u00e0 toute la team BRC au cross d\u2019\u00c9vreux ! - Bolbec-Running-Club","og:description":"Ce dimanche 8 d\u00e9cembre, malgr\u00e9 le froid et le vent, toute la team BRC \u00e9tait pr\u00e9sente au cross d\u2019\u00c9vreux, fi\u00e8rement repr\u00e9sent\u00e9e par nos athl\u00e8tes. Chacun a donn\u00e9 le meilleur de lui-m\u00eame, montrant courage et d\u00e9termination, m\u00eame dans des conditions difficiles. Chez les minimes, Johannes Pautet a fait une course remarquable. Parti prudemment, autour de la","og:url":"https:\/\/bolbec-running-club.org\/?p=2717","og:image":"https:\/\/bolbec-running-club.org\/wp-content\/uploads\/2024\/12\/IMG_8423-scaled.jpeg","og:image:secure_url":"https:\/\/bolbec-running-club.org\/wp-content\/uploads\/2024\/12\/IMG_8423-scaled.jpeg","og:image:width":"1920","og:image:height":"2560","article:published_time":"2024-12-10T10:57:16+00:00","article:modified_time":"2024-12-10T11:27:21+00:00","twitter:card":"summary_large_image","twitter:title":"Bravo \u00e0 toute la team BRC au cross d\u2019\u00c9vreux ! - Bolbec-Running-Club","twitter:description":"Ce dimanche 8 d\u00e9cembre, malgr\u00e9 le froid et le vent, toute la team BRC \u00e9tait pr\u00e9sente au cross d\u2019\u00c9vreux, fi\u00e8rement repr\u00e9sent\u00e9e par nos athl\u00e8tes. Chacun a donn\u00e9 le meilleur de lui-m\u00eame, montrant courage et d\u00e9termination, m\u00eame dans des conditions difficiles. Chez les minimes, Johannes Pautet a fait une course remarquable. Parti prudemment, autour de la","twitter:image":"https:\/\/bolbec-running-club.org\/wp-content\/uploads\/2024\/12\/IMG_8423-scaled.jpeg"},"aioseo_meta_data":{"post_id":"2717","title":null,"description":null,"keywords":null,"keyphrases":{"focus":{"keyphrase":"","score":0,"analysis":{"keyphraseInTitle":{"score":0,"maxScore":9,"error":1}}},"additional":[]},"primary_term":null,"canonical_url":null,"og_title":null,"og_description":null,"og_object_type":"default","og_image_type":"featured","og_image_url":"https:\/\/bolbec-running-club.org\/wp-content\/uploads\/2024\/12\/IMG_8423-scaled.jpeg","og_image_width":"1920","og_image_height":"2560","og_image_custom_url":null,"og_image_custom_fields":null,"og_video":"","og_custom_url":null,"og_article_section":null,"og_article_tags":null,"twitter_use_og":false,"twitter_card":"default","twitter_image_type":"default","twitter_image_url":null,"twitter_image_custom_url":null,"twitter_image_custom_fields":null,"twitter_title":null,"twitter_description":null,"schema":{"blockGraphs":[],"customGraphs":[],"default":{"data":{"Article":[],"Course":[],"Dataset":[],"FAQPage":[],"Movie":[],"Person":[],"Product":[],"ProductReview":[],"Car":[],"Recipe":[],"Service":[],"SoftwareApplication":[],"WebPage":[]},"graphName":"BlogPosting","isEnabled":true},"graphs":[]},"schema_type":"default","schema_type_options":null,"pillar_content":false,"robots_default":true,"robots_noindex":false,"robots_noarchive":false,"robots_nosnippet":false,"robots_nofollow":false,"robots_noimageindex":false,"robots_noodp":false,"robots_notranslate":false,"robots_max_snippet":"-1","robots_max_videopreview":"-1","robots_max_imagepreview":"large","priority":null,"frequency":"default","local_seo":null,"breadcrumb_settings":null,"limit_modified_date":false,"ai":null,"created":"2024-12-10 10:57:16","updated":"2025-06-06 10:46:20","seo_analyzer_scan_date":null,"focus_keyword":null,"additional_keywords":null,"truseo_locale":null},"aioseo_breadcrumb":"<div class=\"aioseo-breadcrumbs\"><span class=\"aioseo-breadcrumb\">\n\t\t\t<a href=\"https:\/\/bolbec-running-club.org\" title=\"Domicile\">Domicile<\/a>\n\t\t<\/span><span class=\"aioseo-breadcrumb-separator\">&raquo;<\/span><span class=\"aioseo-breadcrumb\">\n\t\t\t<a href=\"https:\/\/bolbec-running-club.org\/?cat=1\" title=\"Article comp\u00e9tition\">Article comp\u00e9tition<\/a>\n\t\t<\/span><span class=\"aioseo-breadcrumb-separator\">&raquo;<\/span><span class=\"aioseo-breadcrumb\">\n\t\t\tBravo \u00e0 toute la team BRC au cross d\u2019\u00c9vreux !\n\t\t<\/span><\/div>","aioseo_breadcrumb_json":[{"label":"Domicile","link":"https:\/\/bolbec-running-club.org"},{"label":"Article comp\u00e9tition","link":"https:\/\/bolbec-running-club.org\/?cat=1"},{"label":"Bravo \u00e0 toute la team BRC au cross d\u2019\u00c9vreux !","link":"https:\/\/bolbec-running-club.org\/?p=2717"}],"jetpack_featured_media_url":"https:\/\/bolbec-running-club.org\/wp-content\/uploads\/2024\/12\/IMG_8423-scaled.jpeg","_links":{"self":[{"href":"https:\/\/bolbec-running-club.org\/index.php?rest_route=\/wp\/v2\/posts\/2717","targetHints":{"allow":["GET"]}}],"collection":[{"href":"https:\/\/bolbec-running-club.org\/index.php?rest_route=\/wp\/v2\/posts"}],"about":[{"href":"https:\/\/bolbec-running-club.org\/index.php?rest_route=\/wp\/v2\/types\/post"}],"author":[{"embeddable":true,"href":"https:\/\/bolbec-running-club.org\/index.php?rest_route=\/wp\/v2\/users\/1"}],"replies":[{"embeddable":true,"href":"https:\/\/bolbec-running-club.org\/index.php?rest_route=%2Fwp%2Fv2%2Fcomments&post=2717"}],"version-history":[{"count":3,"href":"https:\/\/bolbec-running-club.org\/index.php?rest_route=\/wp\/v2\/posts\/2717\/revisions"}],"predecessor-version":[{"id":2721,"href":"https:\/\/bolbec-running-club.org\/index.php?rest_route=\/wp\/v2\/posts\/2717\/revisions\/2721"}],"wp:featuredmedia":[{"embeddable":true,"href":"https:\/\/bolbec-running-club.org\/index.php?rest_route=\/wp\/v2\/media\/2718"}],"wp:attachment":[{"href":"https:\/\/bolbec-running-club.org\/index.php?rest_route=%2Fwp%2Fv2%2Fmedia&parent=2717"}],"wp:term":[{"taxonomy":"category","embeddable":true,"href":"https:\/\/bolbec-running-club.org\/index.php?rest_route=%2Fwp%2Fv2%2Fcategories&post=2717"},{"taxonomy":"post_tag","embeddable":true,"href":"https:\/\/bolbec-running-club.org\/index.php?rest_route=%2Fwp%2Fv2%2Ftags&post=2717"}],"curies":[{"name":"wp","href":"https:\/\/api.w.org\/{rel}","templated":true}]}}