{"id":1465,"date":"2024-09-17T07:44:10","date_gmt":"2024-09-17T07:44:10","guid":{"rendered":"https:\/\/bolbec-running-club.org\/?p=1465"},"modified":"2024-09-17T07:44:26","modified_gmt":"2024-09-17T07:44:26","slug":"un-week-end-charge-pour-le-brc","status":"publish","type":"post","link":"https:\/\/bolbec-running-club.org\/?p=1465","title":{"rendered":"Un week-end charg\u00e9 pour le BRC"},"content":{"rendered":"<p>La rentr\u00e9e est lanc\u00e9e, et le <strong>BRC<\/strong>\u00a0 n&rsquo;a pas perdu de temps pour se remettre en action.<\/p>\n<p>Plus d\u2019une dizaine de coureurs \u00e9taient engag\u00e9s sur diff\u00e9rentes courses ce week-end. D\u00e8s vendredi soir, une belle d\u00e9l\u00e9gation du club s&rsquo;est rendue \u00e0 <strong>Norville<\/strong> pour participer aux \u00e9preuves de 5 et 10 km. <strong>Nicolas Poret<\/strong> a remport\u00e9 la victoire sur le 5 km, suivi de tr\u00e8s pr\u00e8s par <strong>Lucas Legendre<\/strong>, qui termine deuxi\u00e8me. Sur cette m\u00eame course, nous retrouvons \u00e9galement <strong>Morgan Le Gall<\/strong> et <strong>Mil\u00e8ne Folliot<\/strong>, qui d\u00e9croche la 2\u00e8me place en cat\u00e9gorie Espoir, ainsi que <strong>La\u00ebtitia Saussaye<\/strong>, qui s&rsquo;impose en premi\u00e8re place dans la cat\u00e9gorie Master 0 (M0). Notre jeune cadet <strong>Talec Ewen<\/strong> s&#8217;empare de la premi\u00e8re place dans sa cat\u00e9gorie, tandis que <strong>Louise Mandeville<\/strong> faisait son grand retour en comp\u00e9tition et se classe 4\u00e8me de sa cat\u00e9gorie.<\/p>\n<p>Une pluie de podiums pour une rentr\u00e9e r\u00e9ussie !<\/p>\n<h3>Samedi 14 septembre<\/h3>\n<p><strong>Lucas Legendre<\/strong> \u00e9tait \u00e0 <strong>Ricarville<\/strong> dans le cadre de sa pr\u00e9paration pour le 10 km de Rouen. Un petit encha\u00eenement de courses \u00e9tait au programme. Avec un chrono de <strong>36\u201932<\/strong>, il d\u00e9croche la 5\u00e8me place et tire des enseignements tr\u00e8s positifs de cette course. Lucas vise un objectif ambitieux : courir sous les 35\u201930 le <strong>28 septembre<\/strong> prochain. \u00c0 vos pronostics !<\/p>\n<h3>Dimanche 15 septembre<\/h3>\n<p>Les demi-finales des <strong>championnats de France du 5 km<\/strong> se sont d\u00e9roul\u00e9es \u00e0 <strong>Pacy-sur-Eure<\/strong>. Cette fois, l\u2019enjeu principal n\u2019\u00e9tait pas la place au classement, mais plut\u00f4t la qu\u00eate du chrono qualificatif pour le championnat de France. Le plus en forme \u00e9tait <strong>Martin Lesueur<\/strong>, qui a maintenu un rythme impressionnant de <strong>3\u201907\/km<\/strong> sur le premier kilom\u00e8tre. Il termine la course en <strong>16\u201943<\/strong>, suivi de pr\u00e8s par <strong>Nicolas Poret<\/strong> en <strong>16\u201950<\/strong> et <strong>G\u00e9rald Avignon<\/strong> en <strong>16\u201952<\/strong>. Trois nouvelles qualifications pour le championnat de France de 5 km, bravo \u00e0 eux !<\/p>\n<p><strong>Morgane Avignon<\/strong> signe un nouveau record personnel avec un temps de <strong>26\u201914<\/strong>, tandis que <strong>La\u00ebtitia Saussaye<\/strong>, en pleine qu\u00eate de sa forme, r\u00e9alise un chrono encourageant de <strong>23\u201927<\/strong>.<\/p>\n<h3>Le coup de c\u0153ur du week-end<\/h3>\n<p>Il revient sans conteste \u00e0 <strong>Nicolas Poret<\/strong>, qui a encha\u00een\u00e9 les exploits tout au long du week-end. Apr\u00e8s sa victoire sur le 5 km de Norville vendredi soir, il a encha\u00een\u00e9 avec un <strong>RAID<\/strong> \u00e0 <strong>Jumi\u00e8ges<\/strong> le samedi, aux c\u00f4t\u00e9s d\u2019<strong>Ang\u00e9line Queruel<\/strong>, o\u00f9 il fallait successivement courir, p\u00e9daler et pagayer en kayak. Et pour conclure, dimanche, il s\u2019est brillamment qualifi\u00e9 pour les championnats de France de 5 km.<\/p>\n<p>Retour \u00e0 l\u2019entra\u00eenement cette semaine, avec un rendez-vous le <strong>jeudi 19 septembre<\/strong> pour le <strong>test VMA<\/strong> et le <strong>RUN2K<\/strong>.<\/p>\n","protected":false},"excerpt":{"rendered":"<p>La rentr\u00e9e est lanc\u00e9e, et le BRC\u00a0 n&rsquo;a pas perdu de temps pour se remettre en action. Plus d\u2019une dizaine de coureurs \u00e9taient engag\u00e9s sur diff\u00e9rentes courses ce week-end. D\u00e8s vendredi soir, une belle d\u00e9l\u00e9gation du club s&rsquo;est rendue \u00e0 Norville pour participer aux \u00e9preuves de 5 et 10 km. Nicolas Poret a remport\u00e9 la [&hellip;]<\/p>\n","protected":false},"author":1,"featured_media":1466,"comment_status":"open","ping_status":"open","sticky":false,"template":"","format":"standard","meta":{"_et_pb_use_builder":"","_et_pb_old_content":"","_et_gb_content_width":"","footnotes":""},"categories":[1],"tags":[],"class_list":["post-1465","post","type-post","status-publish","format-standard","has-post-thumbnail","hentry","category-article-competition"],"aioseo_notices":[],"jetpack_featured_media_url":"https:\/\/bolbec-running-club.org\/wp-content\/uploads\/2024\/09\/IMG_6501.jpeg","_links":{"self":[{"href":"https:\/\/bolbec-running-club.org\/index.php?rest_route=\/wp\/v2\/posts\/1465","targetHints":{"allow":["GET"]}}],"collection":[{"href":"https:\/\/bolbec-running-club.org\/index.php?rest_route=\/wp\/v2\/posts"}],"about":[{"href":"https:\/\/bolbec-running-club.org\/index.php?rest_route=\/wp\/v2\/types\/post"}],"author":[{"embeddable":true,"href":"https:\/\/bolbec-running-club.org\/index.php?rest_route=\/wp\/v2\/users\/1"}],"replies":[{"embeddable":true,"href":"https:\/\/bolbec-running-club.org\/index.php?rest_route=%2Fwp%2Fv2%2Fcomments&post=1465"}],"version-history":[{"count":1,"href":"https:\/\/bolbec-running-club.org\/index.php?rest_route=\/wp\/v2\/posts\/1465\/revisions"}],"predecessor-version":[{"id":1467,"href":"https:\/\/bolbec-running-club.org\/index.php?rest_route=\/wp\/v2\/posts\/1465\/revisions\/1467"}],"wp:featuredmedia":[{"embeddable":true,"href":"https:\/\/bolbec-running-club.org\/index.php?rest_route=\/wp\/v2\/media\/1466"}],"wp:attachment":[{"href":"https:\/\/bolbec-running-club.org\/index.php?rest_route=%2Fwp%2Fv2%2Fmedia&parent=1465"}],"wp:term":[{"taxonomy":"category","embeddable":true,"href":"https:\/\/bolbec-running-club.org\/index.php?rest_route=%2Fwp%2Fv2%2Fcategories&post=1465"},{"taxonomy":"post_tag","embeddable":true,"href":"https:\/\/bolbec-running-club.org\/index.php?rest_route=%2Fwp%2Fv2%2Ftags&post=1465"}],"curies":[{"name":"wp","href":"https:\/\/api.w.org\/{rel}","templated":true}]}}