{"id":1237,"date":"2024-06-30T21:38:31","date_gmt":"2024-06-30T21:38:31","guid":{"rendered":"https:\/\/bolbec-running-club.org\/?p=1237"},"modified":"2024-07-01T08:29:43","modified_gmt":"2024-07-01T08:29:43","slug":"coup-double-pour-sandra-benard","status":"publish","type":"post","link":"https:\/\/bolbec-running-club.org\/?p=1237","title":{"rendered":"Coup double pour Sandra Benard"},"content":{"rendered":"<p>Il fallait se lever \u00e0 l&rsquo;aube pour courir \u00e0 Pont-Audemer ce matin. Sandra B\u00e9nard et toute la TEAM BRC \u00e9taient pr\u00e9sents. Pr\u00e8s d&rsquo;une quinzaine de coureurs ont port\u00e9 tr\u00e8s haut les couleurs de notre club.<\/p>\n<p>Le coup de ma\u00eetre est venu de Sandra B\u00e9nard, qui s&rsquo;est align\u00e9e sur le 5 km d\u00e8s 9 h avec un seul et unique objectif : boucler la distance en moins de 22 minutes pour s&rsquo;octroyer les minimas A pour le championnat de France. Dans le coup du d\u00e9but \u00e0 la fin alors qu&rsquo;elle n&rsquo;avait jamais couru cette distance, elle a termin\u00e9 en 21&rsquo;14. L&rsquo;objectif num\u00e9ro 1 est r\u00e9alis\u00e9. Place \u00e0 une courte r\u00e9cup\u00e9ration, car pour que la matin\u00e9e soit parfaite, Sandra a d\u00e9cid\u00e9 de faire aussi les minimas sur le 10 km. Le d\u00e9part est \u00e0 10 h 15 et l&rsquo;objectif sera de courir en moins de 47 minutes. Notre pr\u00e9sident Th\u00e9o l&rsquo;accompagnera dans cette course pour l&rsquo;aider \u00e0 \u00eatre r\u00e9guli\u00e8re dans ses allures. Sandra fera un d\u00e9part prudent et Th\u00e9o restera accompagnateur ou m\u00eame spectateur devant la ma\u00eetrise qu&rsquo;elle impose. 45&rsquo;59 au bout des 10 km. L&rsquo;exploit est fait&#8230; Que dire de plus ? Le travail est accompli et de beaux projets peuvent na\u00eetre pour la saison \u00e0 venir. F\u00e9licitations.<\/p>\n<p>Elle n&rsquo;\u00e9tait pas seule \u00e0 tenter cet objectif, notre junior Mil\u00e8ne Folliot l&rsquo;avait d\u00e9j\u00e0 tent\u00e9 l&rsquo;an dernier et avait \u00e9chou\u00e9. Mais en 2024, elle revient avec le couteau entre les dents et d\u00e9termin\u00e9e. Avec des allures similaires \u00e0 celles de sa coll\u00e8gue de club, elle prend le bon tempo sur le 5 km et termine cette course en 21&rsquo;27. Minimas A moins de 21&rsquo;30&#8230; C&rsquo;est fait, Mil\u00e8ne sera au rendez-vous aussi. Sur le 10 km, il ne manque rien \u00e0 Mil\u00e8ne pour boucler la course en dessous des minimas demand\u00e9s. 46 minutes \u00e9taient la marque de r\u00e9f\u00e9rence \u00e0 r\u00e9aliser. 46&rsquo;12 sera le chrono de Mil\u00e8ne, les 2 derniers kilom\u00e8tres ont \u00e9t\u00e9 durs. Aucun regret car Mil\u00e8ne montre simplement son caract\u00e8re et nous prouve que r\u00e9aliser les minimas dans les prochains mois ne sera qu&rsquo;une formalit\u00e9. Mil\u00e8ne prend une belle premi\u00e8re place chez les juniors sur le 10 km.. Un tr\u00e8s grand FELICITATION.<\/p>\n<p>La f\u00eate n&rsquo;aurait pas \u00e9t\u00e9 aussi belle si les filles avaient \u00e9t\u00e9 seules. Beaucoup d&rsquo;autres gar\u00e7ons \u00e9taient aussi engag\u00e9s et tous avec des objectifs personnels importants. Aucune d\u00e9ception. Luc Ouf sera celui qui s&rsquo;en sort le mieux en r\u00e9alisant son RP en cette fin de saison : 33&rsquo;52, une belle pr\u00e9paration, un travail pr\u00e9cis et acharn\u00e9 qui aujourd&rsquo;hui porte ses fruits et il ne fait aucun doute que le chrono va encore descendre la prochaine saison. G\u00e9rald Avignon fait tomber aussi son RP apr\u00e8s 15 ans. Ne jamais rien l\u00e2cher, la d\u00e9termination paie toujours : 35&rsquo;42. Lucas Legendre vient enfin mettre un chrono officiel sur cette distance : 36&rsquo;34.<\/p>\n<p>Florian Courra\u00eby, lib\u00e9r\u00e9 de plusieurs mois de gal\u00e8re, court enfin avec un dossard et seul, avec l&rsquo;objectif de franchir cette ligne le plus rapidement possible avec les moyens du moment. Contrat rempli : 47&rsquo;36.<\/p>\n<p>Sur cette course, nous avions \u00e9galement La\u00ebtitia Saussaye, Tommy Versavel, Morgane Avignon, Morgan Le Gal, Nicolas Poret et Gaylor Lemonnier. Tous, dans leurs registres et dans leurs objectifs, r\u00e9pondent pr\u00e9sents.<\/p>\n<p>Retrouvez les photos dans notre galerie <a href='https:\/\/bolbec-running-club.org\/?page_id=907' class='small-button smallorange'>ici<\/a><\/p>\n<p>Les r\u00e9sultats <a href='https:\/\/bases.athle.fr\/asp.net\/liste.aspx?frmbase=resultats&#038;frmmode=1&#038;frmespace=1445&#038;frmcompetition=281564&#038;frmepreuve=' class='small-button smallorange'>ici<\/a><\/p>\n<p>F\u00e9licitations \u00e0 tous, prochain rendez-vous dimanche 7 juillet au trail du Mascaret.<\/p>\n","protected":false},"excerpt":{"rendered":"<p>Il fallait se lever \u00e0 l&rsquo;aube pour courir \u00e0 Pont-Audemer ce matin. Sandra B\u00e9nard et toute la TEAM BRC \u00e9taient pr\u00e9sents. Pr\u00e8s d&rsquo;une quinzaine de coureurs ont port\u00e9 tr\u00e8s haut les couleurs de notre club. Le coup de ma\u00eetre est venu de Sandra B\u00e9nard, qui s&rsquo;est align\u00e9e sur le 5 km d\u00e8s 9 h avec [&hellip;]<\/p>\n","protected":false},"author":1,"featured_media":1313,"comment_status":"open","ping_status":"open","sticky":false,"template":"","format":"standard","meta":{"_et_pb_use_builder":"","_et_pb_old_content":"","_et_gb_content_width":"","footnotes":"","jetpack_post_was_ever_published":false},"categories":[1],"tags":[],"class_list":["post-1237","post","type-post","status-publish","format-standard","has-post-thumbnail","hentry","category-article-competition"],"aioseo_notices":[],"aioseo_head":"\n\t\t<!-- All in One SEO 5.0.1.1 - aioseo.com -->\n\t<meta name=\"description\" content=\"Il fallait se lever \u00e0 l&#039;aube pour courir \u00e0 Pont-Audemer ce matin. Sandra B\u00e9nard et toute la TEAM BRC \u00e9taient pr\u00e9sents. Pr\u00e8s d&#039;une quinzaine de coureurs ont port\u00e9 tr\u00e8s haut les couleurs de notre club. Le coup de ma\u00eetre est venu de Sandra B\u00e9nard, qui s&#039;est align\u00e9e sur le 5 km d\u00e8s 9 h avec\" \/>\n\t<meta name=\"robots\" content=\"max-image-preview:large\" \/>\n\t<meta name=\"author\" content=\"Florian\"\/>\n\t<link rel=\"canonical\" href=\"https:\/\/bolbec-running-club.org\/?p=1237\" \/>\n\t<meta name=\"generator\" content=\"All in One SEO (AIOSEO) 5.0.1.1\" \/>\n\t\t<meta property=\"og:locale\" content=\"fr_FR\" \/>\n\t\t<meta property=\"og:site_name\" content=\"Bolbec-Running-Club - Club d&#039;athl\u00e9tisme\" \/>\n\t\t<meta property=\"og:type\" content=\"article\" \/>\n\t\t<meta property=\"og:title\" content=\"Coup double pour Sandra Benard - Bolbec-Running-Club\" \/>\n\t\t<meta property=\"og:description\" content=\"Il fallait se lever \u00e0 l&#039;aube pour courir \u00e0 Pont-Audemer ce matin. Sandra B\u00e9nard et toute la TEAM BRC \u00e9taient pr\u00e9sents. Pr\u00e8s d&#039;une quinzaine de coureurs ont port\u00e9 tr\u00e8s haut les couleurs de notre club. Le coup de ma\u00eetre est venu de Sandra B\u00e9nard, qui s&#039;est align\u00e9e sur le 5 km d\u00e8s 9 h avec\" \/>\n\t\t<meta property=\"og:url\" content=\"https:\/\/bolbec-running-club.org\/?p=1237\" \/>\n\t\t<meta property=\"article:published_time\" content=\"2024-06-30T21:38:31+00:00\" \/>\n\t\t<meta property=\"article:modified_time\" content=\"2024-07-01T08:29:43+00:00\" \/>\n\t\t<meta name=\"twitter:card\" content=\"summary_large_image\" \/>\n\t\t<meta name=\"twitter:title\" content=\"Coup double pour Sandra Benard - Bolbec-Running-Club\" \/>\n\t\t<meta name=\"twitter:description\" content=\"Il fallait se lever \u00e0 l&#039;aube pour courir \u00e0 Pont-Audemer ce matin. Sandra B\u00e9nard et toute la TEAM BRC \u00e9taient pr\u00e9sents. Pr\u00e8s d&#039;une quinzaine de coureurs ont port\u00e9 tr\u00e8s haut les couleurs de notre club. Le coup de ma\u00eetre est venu de Sandra B\u00e9nard, qui s&#039;est align\u00e9e sur le 5 km d\u00e8s 9 h avec\" \/>\n\t\t<script type=\"application\/ld+json\" class=\"aioseo-schema\">\n\t\t\t{\"@context\":\"https:\\\/\\\/schema.org\",\"@graph\":[{\"@type\":\"BlogPosting\",\"@id\":\"https:\\\/\\\/bolbec-running-club.org\\\/?p=1237#blogposting\",\"name\":\"Coup double pour Sandra Benard - Bolbec-Running-Club\",\"headline\":\"Coup double pour Sandra Benard\",\"author\":{\"@id\":\"https:\\\/\\\/bolbec-running-club.org\\\/?author=1#author\"},\"publisher\":{\"@id\":\"https:\\\/\\\/bolbec-running-club.org\\\/#organization\"},\"image\":{\"@type\":\"ImageObject\",\"url\":\"https:\\\/\\\/bolbec-running-club.org\\\/wp-content\\\/uploads\\\/2024\\\/06\\\/Capture-decran-2024-06-30-235933.png\",\"width\":525,\"height\":346},\"datePublished\":\"2024-06-30T21:38:31+00:00\",\"dateModified\":\"2024-07-01T08:29:43+00:00\",\"inLanguage\":\"fr-FR\",\"mainEntityOfPage\":{\"@id\":\"https:\\\/\\\/bolbec-running-club.org\\\/?p=1237#webpage\"},\"isPartOf\":{\"@id\":\"https:\\\/\\\/bolbec-running-club.org\\\/?p=1237#webpage\"},\"articleSection\":\"Article comp\\u00e9tition\"},{\"@type\":\"BreadcrumbList\",\"@id\":\"https:\\\/\\\/bolbec-running-club.org\\\/?p=1237#breadcrumblist\",\"itemListElement\":[{\"@type\":\"ListItem\",\"@id\":\"https:\\\/\\\/bolbec-running-club.org#listItem\",\"position\":1,\"name\":\"Domicile\",\"item\":\"https:\\\/\\\/bolbec-running-club.org\",\"nextItem\":{\"@type\":\"ListItem\",\"@id\":\"https:\\\/\\\/bolbec-running-club.org\\\/?cat=1#listItem\",\"name\":\"Article comp\\u00e9tition\"}},{\"@type\":\"ListItem\",\"@id\":\"https:\\\/\\\/bolbec-running-club.org\\\/?cat=1#listItem\",\"position\":2,\"name\":\"Article comp\\u00e9tition\",\"item\":\"https:\\\/\\\/bolbec-running-club.org\\\/?cat=1\",\"nextItem\":{\"@type\":\"ListItem\",\"@id\":\"https:\\\/\\\/bolbec-running-club.org\\\/?p=1237#listItem\",\"name\":\"Coup double pour Sandra Benard\"},\"previousItem\":{\"@type\":\"ListItem\",\"@id\":\"https:\\\/\\\/bolbec-running-club.org#listItem\",\"name\":\"Domicile\"}},{\"@type\":\"ListItem\",\"@id\":\"https:\\\/\\\/bolbec-running-club.org\\\/?p=1237#listItem\",\"position\":3,\"name\":\"Coup double pour Sandra Benard\",\"previousItem\":{\"@type\":\"ListItem\",\"@id\":\"https:\\\/\\\/bolbec-running-club.org\\\/?cat=1#listItem\",\"name\":\"Article comp\\u00e9tition\"}}]},{\"@type\":\"Organization\",\"@id\":\"https:\\\/\\\/bolbec-running-club.org\\\/#organization\",\"name\":\"Bolbec-Running-Club\",\"description\":\"Club d'athl\\u00e9tisme\",\"url\":\"https:\\\/\\\/bolbec-running-club.org\\\/\",\"telephone\":\"+33629787023\",\"logo\":{\"@type\":\"ImageObject\",\"url\":\"https:\\\/\\\/bolbec-running-club.org\\\/wp-content\\\/uploads\\\/2024\\\/03\\\/cropped-1-1-1.jpg\",\"@id\":\"https:\\\/\\\/bolbec-running-club.org\\\/?p=1237\\\/#organizationLogo\",\"width\":2000,\"height\":2000},\"image\":{\"@id\":\"https:\\\/\\\/bolbec-running-club.org\\\/?p=1237\\\/#organizationLogo\"}},{\"@type\":\"Person\",\"@id\":\"https:\\\/\\\/bolbec-running-club.org\\\/?author=1#author\",\"url\":\"https:\\\/\\\/bolbec-running-club.org\\\/?author=1\",\"name\":\"Florian\"},{\"@type\":\"WebPage\",\"@id\":\"https:\\\/\\\/bolbec-running-club.org\\\/?p=1237#webpage\",\"url\":\"https:\\\/\\\/bolbec-running-club.org\\\/?p=1237\",\"name\":\"Coup double pour Sandra Benard - Bolbec-Running-Club\",\"description\":\"Il fallait se lever \\u00e0 l'aube pour courir \\u00e0 Pont-Audemer ce matin. Sandra B\\u00e9nard et toute la TEAM BRC \\u00e9taient pr\\u00e9sents. Pr\\u00e8s d'une quinzaine de coureurs ont port\\u00e9 tr\\u00e8s haut les couleurs de notre club. Le coup de ma\\u00eetre est venu de Sandra B\\u00e9nard, qui s'est align\\u00e9e sur le 5 km d\\u00e8s 9 h avec\",\"inLanguage\":\"fr-FR\",\"isPartOf\":{\"@id\":\"https:\\\/\\\/bolbec-running-club.org\\\/#website\"},\"breadcrumb\":{\"@id\":\"https:\\\/\\\/bolbec-running-club.org\\\/?p=1237#breadcrumblist\"},\"author\":{\"@id\":\"https:\\\/\\\/bolbec-running-club.org\\\/?author=1#author\"},\"creator\":{\"@id\":\"https:\\\/\\\/bolbec-running-club.org\\\/?author=1#author\"},\"image\":{\"@type\":\"ImageObject\",\"url\":\"https:\\\/\\\/bolbec-running-club.org\\\/wp-content\\\/uploads\\\/2024\\\/06\\\/Capture-decran-2024-06-30-235933.png\",\"@id\":\"https:\\\/\\\/bolbec-running-club.org\\\/?p=1237\\\/#mainImage\",\"width\":525,\"height\":346},\"primaryImageOfPage\":{\"@id\":\"https:\\\/\\\/bolbec-running-club.org\\\/?p=1237#mainImage\"},\"datePublished\":\"2024-06-30T21:38:31+00:00\",\"dateModified\":\"2024-07-01T08:29:43+00:00\"},{\"@type\":\"WebSite\",\"@id\":\"https:\\\/\\\/bolbec-running-club.org\\\/#website\",\"url\":\"https:\\\/\\\/bolbec-running-club.org\\\/\",\"name\":\"Bolbec-Running-Club\",\"description\":\"Club d'athl\\u00e9tisme\",\"inLanguage\":\"fr-FR\",\"publisher\":{\"@id\":\"https:\\\/\\\/bolbec-running-club.org\\\/#organization\"}}]}\n\t\t<\/script>\n\t\t<!-- All in One SEO -->\n\n","aioseo_head_json":{"title":"Coup double pour Sandra Benard - Bolbec-Running-Club","description":"Il fallait se lever \u00e0 l'aube pour courir \u00e0 Pont-Audemer ce matin. Sandra B\u00e9nard et toute la TEAM BRC \u00e9taient pr\u00e9sents. Pr\u00e8s d'une quinzaine de coureurs ont port\u00e9 tr\u00e8s haut les couleurs de notre club. Le coup de ma\u00eetre est venu de Sandra B\u00e9nard, qui s'est align\u00e9e sur le 5 km d\u00e8s 9 h avec","canonical_url":"https:\/\/bolbec-running-club.org\/?p=1237","robots":"max-image-preview:large","keywords":"","webmasterTools":{"miscellaneous":""},"schema":{"@context":"https:\/\/schema.org","@graph":[{"@type":"BlogPosting","@id":"https:\/\/bolbec-running-club.org\/?p=1237#blogposting","name":"Coup double pour Sandra Benard - Bolbec-Running-Club","headline":"Coup double pour Sandra Benard","author":{"@id":"https:\/\/bolbec-running-club.org\/?author=1#author"},"publisher":{"@id":"https:\/\/bolbec-running-club.org\/#organization"},"image":{"@type":"ImageObject","url":"https:\/\/bolbec-running-club.org\/wp-content\/uploads\/2024\/06\/Capture-decran-2024-06-30-235933.png","width":525,"height":346},"datePublished":"2024-06-30T21:38:31+00:00","dateModified":"2024-07-01T08:29:43+00:00","inLanguage":"fr-FR","mainEntityOfPage":{"@id":"https:\/\/bolbec-running-club.org\/?p=1237#webpage"},"isPartOf":{"@id":"https:\/\/bolbec-running-club.org\/?p=1237#webpage"},"articleSection":"Article comp\u00e9tition"},{"@type":"BreadcrumbList","@id":"https:\/\/bolbec-running-club.org\/?p=1237#breadcrumblist","itemListElement":[{"@type":"ListItem","@id":"https:\/\/bolbec-running-club.org#listItem","position":1,"name":"Domicile","item":"https:\/\/bolbec-running-club.org","nextItem":{"@type":"ListItem","@id":"https:\/\/bolbec-running-club.org\/?cat=1#listItem","name":"Article comp\u00e9tition"}},{"@type":"ListItem","@id":"https:\/\/bolbec-running-club.org\/?cat=1#listItem","position":2,"name":"Article comp\u00e9tition","item":"https:\/\/bolbec-running-club.org\/?cat=1","nextItem":{"@type":"ListItem","@id":"https:\/\/bolbec-running-club.org\/?p=1237#listItem","name":"Coup double pour Sandra Benard"},"previousItem":{"@type":"ListItem","@id":"https:\/\/bolbec-running-club.org#listItem","name":"Domicile"}},{"@type":"ListItem","@id":"https:\/\/bolbec-running-club.org\/?p=1237#listItem","position":3,"name":"Coup double pour Sandra Benard","previousItem":{"@type":"ListItem","@id":"https:\/\/bolbec-running-club.org\/?cat=1#listItem","name":"Article comp\u00e9tition"}}]},{"@type":"Organization","@id":"https:\/\/bolbec-running-club.org\/#organization","name":"Bolbec-Running-Club","description":"Club d'athl\u00e9tisme","url":"https:\/\/bolbec-running-club.org\/","telephone":"+33629787023","logo":{"@type":"ImageObject","url":"https:\/\/bolbec-running-club.org\/wp-content\/uploads\/2024\/03\/cropped-1-1-1.jpg","@id":"https:\/\/bolbec-running-club.org\/?p=1237\/#organizationLogo","width":2000,"height":2000},"image":{"@id":"https:\/\/bolbec-running-club.org\/?p=1237\/#organizationLogo"}},{"@type":"Person","@id":"https:\/\/bolbec-running-club.org\/?author=1#author","url":"https:\/\/bolbec-running-club.org\/?author=1","name":"Florian"},{"@type":"WebPage","@id":"https:\/\/bolbec-running-club.org\/?p=1237#webpage","url":"https:\/\/bolbec-running-club.org\/?p=1237","name":"Coup double pour Sandra Benard - Bolbec-Running-Club","description":"Il fallait se lever \u00e0 l'aube pour courir \u00e0 Pont-Audemer ce matin. Sandra B\u00e9nard et toute la TEAM BRC \u00e9taient pr\u00e9sents. Pr\u00e8s d'une quinzaine de coureurs ont port\u00e9 tr\u00e8s haut les couleurs de notre club. Le coup de ma\u00eetre est venu de Sandra B\u00e9nard, qui s'est align\u00e9e sur le 5 km d\u00e8s 9 h avec","inLanguage":"fr-FR","isPartOf":{"@id":"https:\/\/bolbec-running-club.org\/#website"},"breadcrumb":{"@id":"https:\/\/bolbec-running-club.org\/?p=1237#breadcrumblist"},"author":{"@id":"https:\/\/bolbec-running-club.org\/?author=1#author"},"creator":{"@id":"https:\/\/bolbec-running-club.org\/?author=1#author"},"image":{"@type":"ImageObject","url":"https:\/\/bolbec-running-club.org\/wp-content\/uploads\/2024\/06\/Capture-decran-2024-06-30-235933.png","@id":"https:\/\/bolbec-running-club.org\/?p=1237\/#mainImage","width":525,"height":346},"primaryImageOfPage":{"@id":"https:\/\/bolbec-running-club.org\/?p=1237#mainImage"},"datePublished":"2024-06-30T21:38:31+00:00","dateModified":"2024-07-01T08:29:43+00:00"},{"@type":"WebSite","@id":"https:\/\/bolbec-running-club.org\/#website","url":"https:\/\/bolbec-running-club.org\/","name":"Bolbec-Running-Club","description":"Club d'athl\u00e9tisme","inLanguage":"fr-FR","publisher":{"@id":"https:\/\/bolbec-running-club.org\/#organization"}}]},"og:locale":"fr_FR","og:site_name":"Bolbec-Running-Club - Club d'athl\u00e9tisme","og:type":"article","og:title":"Coup double pour Sandra Benard - Bolbec-Running-Club","og:description":"Il fallait se lever \u00e0 l'aube pour courir \u00e0 Pont-Audemer ce matin. Sandra B\u00e9nard et toute la TEAM BRC \u00e9taient pr\u00e9sents. Pr\u00e8s d'une quinzaine de coureurs ont port\u00e9 tr\u00e8s haut les couleurs de notre club. Le coup de ma\u00eetre est venu de Sandra B\u00e9nard, qui s'est align\u00e9e sur le 5 km d\u00e8s 9 h avec","og:url":"https:\/\/bolbec-running-club.org\/?p=1237","article:published_time":"2024-06-30T21:38:31+00:00","article:modified_time":"2024-07-01T08:29:43+00:00","twitter:card":"summary_large_image","twitter:title":"Coup double pour Sandra Benard - Bolbec-Running-Club","twitter:description":"Il fallait se lever \u00e0 l'aube pour courir \u00e0 Pont-Audemer ce matin. Sandra B\u00e9nard et toute la TEAM BRC \u00e9taient pr\u00e9sents. Pr\u00e8s d'une quinzaine de coureurs ont port\u00e9 tr\u00e8s haut les couleurs de notre club. Le coup de ma\u00eetre est venu de Sandra B\u00e9nard, qui s'est align\u00e9e sur le 5 km d\u00e8s 9 h avec"},"aioseo_meta_data":{"post_id":"1237","title":null,"description":null,"keywords":null,"keyphrases":{"focus":{"keyphrase":"","score":0,"analysis":{"keyphraseInTitle":{"score":0,"maxScore":9,"error":1}}},"additional":[]},"primary_term":null,"canonical_url":null,"og_title":null,"og_description":null,"og_object_type":"default","og_image_type":"default","og_image_url":null,"og_image_width":null,"og_image_height":null,"og_image_custom_url":null,"og_image_custom_fields":null,"og_video":"","og_custom_url":null,"og_article_section":null,"og_article_tags":null,"twitter_use_og":false,"twitter_card":"default","twitter_image_type":"default","twitter_image_url":null,"twitter_image_custom_url":null,"twitter_image_custom_fields":null,"twitter_title":null,"twitter_description":null,"schema":{"blockGraphs":[],"customGraphs":[],"default":{"data":{"Article":[],"Course":[],"Dataset":[],"FAQPage":[],"Movie":[],"Person":[],"Product":[],"ProductReview":[],"Car":[],"Recipe":[],"Service":[],"SoftwareApplication":[],"WebPage":[]},"graphName":"BlogPosting","isEnabled":true},"graphs":[]},"schema_type":"default","schema_type_options":null,"pillar_content":false,"robots_default":true,"robots_noindex":false,"robots_noarchive":false,"robots_nosnippet":false,"robots_nofollow":false,"robots_noimageindex":false,"robots_noodp":false,"robots_notranslate":false,"robots_max_snippet":"-1","robots_max_videopreview":"-1","robots_max_imagepreview":"large","priority":null,"frequency":"default","local_seo":null,"breadcrumb_settings":null,"limit_modified_date":false,"ai":null,"created":"2024-06-30 21:33:55","updated":"2025-06-06 10:45:20","seo_analyzer_scan_date":null,"focus_keyword":null,"additional_keywords":null,"truseo_locale":null},"aioseo_breadcrumb":"<div class=\"aioseo-breadcrumbs\"><span class=\"aioseo-breadcrumb\">\n\t\t\t<a href=\"https:\/\/bolbec-running-club.org\" title=\"Domicile\">Domicile<\/a>\n\t\t<\/span><span class=\"aioseo-breadcrumb-separator\">&raquo;<\/span><span class=\"aioseo-breadcrumb\">\n\t\t\t<a href=\"https:\/\/bolbec-running-club.org\/?cat=1\" title=\"Article comp\u00e9tition\">Article comp\u00e9tition<\/a>\n\t\t<\/span><span class=\"aioseo-breadcrumb-separator\">&raquo;<\/span><span class=\"aioseo-breadcrumb\">\n\t\t\tCoup double pour Sandra Benard\n\t\t<\/span><\/div>","aioseo_breadcrumb_json":[{"label":"Domicile","link":"https:\/\/bolbec-running-club.org"},{"label":"Article comp\u00e9tition","link":"https:\/\/bolbec-running-club.org\/?cat=1"},{"label":"Coup double pour Sandra Benard","link":"https:\/\/bolbec-running-club.org\/?p=1237"}],"jetpack_featured_media_url":"https:\/\/bolbec-running-club.org\/wp-content\/uploads\/2024\/06\/Capture-decran-2024-06-30-235933.png","_links":{"self":[{"href":"https:\/\/bolbec-running-club.org\/index.php?rest_route=\/wp\/v2\/posts\/1237","targetHints":{"allow":["GET"]}}],"collection":[{"href":"https:\/\/bolbec-running-club.org\/index.php?rest_route=\/wp\/v2\/posts"}],"about":[{"href":"https:\/\/bolbec-running-club.org\/index.php?rest_route=\/wp\/v2\/types\/post"}],"author":[{"embeddable":true,"href":"https:\/\/bolbec-running-club.org\/index.php?rest_route=\/wp\/v2\/users\/1"}],"replies":[{"embeddable":true,"href":"https:\/\/bolbec-running-club.org\/index.php?rest_route=%2Fwp%2Fv2%2Fcomments&post=1237"}],"version-history":[{"count":6,"href":"https:\/\/bolbec-running-club.org\/index.php?rest_route=\/wp\/v2\/posts\/1237\/revisions"}],"predecessor-version":[{"id":1314,"href":"https:\/\/bolbec-running-club.org\/index.php?rest_route=\/wp\/v2\/posts\/1237\/revisions\/1314"}],"wp:featuredmedia":[{"embeddable":true,"href":"https:\/\/bolbec-running-club.org\/index.php?rest_route=\/wp\/v2\/media\/1313"}],"wp:attachment":[{"href":"https:\/\/bolbec-running-club.org\/index.php?rest_route=%2Fwp%2Fv2%2Fmedia&parent=1237"}],"wp:term":[{"taxonomy":"category","embeddable":true,"href":"https:\/\/bolbec-running-club.org\/index.php?rest_route=%2Fwp%2Fv2%2Fcategories&post=1237"},{"taxonomy":"post_tag","embeddable":true,"href":"https:\/\/bolbec-running-club.org\/index.php?rest_route=%2Fwp%2Fv2%2Ftags&post=1237"}],"curies":[{"name":"wp","href":"https:\/\/api.w.org\/{rel}","templated":true}]}}